{"id":2842508,"date":"2015-05-13T16:03:52","date_gmt":"2015-05-13T23:03:52","guid":{"rendered":"http:\/\/agpnoticias.com\/news\/?p=2842508"},"modified":"2015-05-13T16:03:53","modified_gmt":"2015-05-13T23:03:53","slug":"da-ensenadense-carlos-moreno-primer-oro-en-atletismo","status":"publish","type":"post","link":"https:\/\/agpnoticias.com\/news\/?p=2842508","title":{"rendered":"Da ensenadense Carlos Moreno primer oro en Atletismo"},"content":{"rendered":"<figure id=\"attachment_2842521\" aria-describedby=\"caption-attachment-2842521\" style=\"width: 800px\" class=\"wp-caption alignleft\"><a href=\"http:\/\/agpnoticias.com\/news\/da-ensenadense-carlos-moreno-primer-oro-en-atletismo\/carlos-moreno-con-la-entrenadora-zinnia-garayzar\/\" rel=\"attachment wp-att-2842521\"><img fetchpriority=\"high\" decoding=\"async\" class=\"size-full wp-image-2842521\" src=\"http:\/\/agpnoticias.com\/news\/wp-content\/uploads\/2015\/05\/Carlos-Moreno-con-la-entrenadora-Zinnia-Garayzar.jpg\" alt=\"Carlos Moreno con la entrenadora Zinnia Garayzar\" width=\"800\" height=\"533\" srcset=\"https:\/\/agpnoticias.com\/news\/wp-content\/uploads\/2015\/05\/Carlos-Moreno-con-la-entrenadora-Zinnia-Garayzar.jpg 800w, https:\/\/agpnoticias.com\/news\/wp-content\/uploads\/2015\/05\/Carlos-Moreno-con-la-entrenadora-Zinnia-Garayzar-200x133.jpg 200w\" sizes=\"(max-width: 800px) 100vw, 800px\" \/><\/a><figcaption id=\"caption-attachment-2842521\" class=\"wp-caption-text\">Carlos Moreno con la entrenadora Zinnia Garayzar<\/figcaption><\/figure>\n<p>Monterrey, Nuevo Le\u00f3n.- El ensenadense Carlos Moreno Dom\u00ednguez le dio al Atletismo de Baja California su primera medalla de oro en la Olimpiada Nacional 2015.<\/p>\n<p>En impulso de bala, el seleccionado que entrena en Ensenada bajo la direcci\u00f3n de Isaac Valdez registr\u00f3 15.70 metros en la pista del CARE.<\/p>\n<p>\u00abEntren\u00f3 atletismo desde hace cuatro a\u00f1os. El a\u00f1o pasado no llegu\u00e9 a Olimpiada Nacional porque me qued\u00e9 en el estatal, pero ahora me dediqu\u00e9 a trabajar fuerte para ganar la calificaci\u00f3n\u00bb, dijo.<\/p>\n<p>El atleta bajacaliforniano responsabiliz\u00f3 de su ascenso a Isaac Valdez, su entrenador, para mejorar su rendimiento. \u00ab\u00c9l me recomend\u00f3 un trabajo de pesas y tambi\u00e9n en pista, y funcion\u00f3\u00bb.<\/p>\n<p>La llegada del oro \u00abno fue sorpresiva porque ven\u00eda por eso\u00bb, coment\u00f3 tras superar en la categor\u00eda Sub 16 al duranguense Jos\u00e9 Flores, quien tuvo un lanzamiento (15.52), y al campechano Francisco L\u00f3pez (15.42), respectivos ganadores de plata y bronce.<\/p>\n<p>La entrenadora Zinnia Garayzar relat\u00f3 que el ganador del oro lleg\u00f3 a entrenar a la unidad deportivo Sullivan de Ensenada gracias al programa de talentos del Instituto del Deporte de Baja California.<\/p>\n<p>\u00abEmpez\u00f3 en pre infantil con el profesor Carlos Cruz, un entrenador cubano que estuvo en Ensenada, y luego pas\u00f3 conmigo y mi esposo Isaac Valdez, que es especialista en lanzamientos\u00bb, agreg\u00f3.<\/p>\n<p>Durante la competencia, \u00abCarlos se mantuvo en segundo lugar y con su \u00faltimo lanzamiento fue cuando gan\u00f3 la medalla\u00bb.<\/p>\n<p>\u00abAhora vienen para \u00e9l unos juegos centroamericanos de atletismo\u00bb, refiri\u00f3.<\/p>\n<p><strong>M\u00e1s medallas<\/strong><\/p>\n<p>Baja California tambi\u00e9n se agenci\u00f3 medalla de plata y bronce en lanzamiento de jabalina Sub 23 Femenil, con Mary Ram\u00edrez y Alejandra Figueroa, respectivamente.<\/p>\n<p>Mary Ram\u00edrez se llev\u00f3 la plata con un lanzamiento de 48.46 metros y Alejandra Figueroa el bronce con 45.08, siendo s\u00f3lo superadas por la veracruzana Diana Mart\u00ednez con 50.17.<\/p>\n<p>Otra medalla de plata de Baja California cay\u00f3 en la pista, en 100 metros planos Sub 16 Varonil con Luis Rodr\u00edguez, quien cronometr\u00f3 11.37 segundos, en una prueba que gan\u00f3 el jalisciense Miguel Contreras con 11.11.<\/p>\n<p>Y en salto de longitud Sub 16 Femenil, Baja California se trepo al p\u00f3dium para recibir la medalla de bronce con Yassiel Ledezma, quien fue tercer lugar con 4.92 metros, en tanto que, el oro fue para la subcaliforniana Paloma Regalado con 5.68 y la plata para la coahuilense Paulina Chaib con 4.49.<\/p>\n","protected":false},"excerpt":{"rendered":"<p>Monterrey, Nuevo Le\u00f3n.- El ensenadense Carlos Moreno Dom\u00ednguez le dio al Atletismo de Baja California&#8230;<\/p>\n","protected":false},"author":1,"featured_media":2842521,"comment_status":"closed","ping_status":"closed","sticky":false,"template":"","format":"standard","meta":{"footnotes":""},"categories":[1,31,73,7],"tags":[],"class_list":["post-2842508","post","type-post","status-publish","format-standard","has-post-thumbnail","hentry","category-uncategorized","category-atletismo","category-deportebajacalifornia","category-deportes"],"_links":{"self":[{"href":"https:\/\/agpnoticias.com\/news\/index.php?rest_route=\/wp\/v2\/posts\/2842508","targetHints":{"allow":["GET"]}}],"collection":[{"href":"https:\/\/agpnoticias.com\/news\/index.php?rest_route=\/wp\/v2\/posts"}],"about":[{"href":"https:\/\/agpnoticias.com\/news\/index.php?rest_route=\/wp\/v2\/types\/post"}],"author":[{"embeddable":true,"href":"https:\/\/agpnoticias.com\/news\/index.php?rest_route=\/wp\/v2\/users\/1"}],"replies":[{"embeddable":true,"href":"https:\/\/agpnoticias.com\/news\/index.php?rest_route=%2Fwp%2Fv2%2Fcomments&post=2842508"}],"version-history":[{"count":3,"href":"https:\/\/agpnoticias.com\/news\/index.php?rest_route=\/wp\/v2\/posts\/2842508\/revisions"}],"predecessor-version":[{"id":2842523,"href":"https:\/\/agpnoticias.com\/news\/index.php?rest_route=\/wp\/v2\/posts\/2842508\/revisions\/2842523"}],"wp:featuredmedia":[{"embeddable":true,"href":"https:\/\/agpnoticias.com\/news\/index.php?rest_route=\/wp\/v2\/media\/2842521"}],"wp:attachment":[{"href":"https:\/\/agpnoticias.com\/news\/index.php?rest_route=%2Fwp%2Fv2%2Fmedia&parent=2842508"}],"wp:term":[{"taxonomy":"category","embeddable":true,"href":"https:\/\/agpnoticias.com\/news\/index.php?rest_route=%2Fwp%2Fv2%2Fcategories&post=2842508"},{"taxonomy":"post_tag","embeddable":true,"href":"https:\/\/agpnoticias.com\/news\/index.php?rest_route=%2Fwp%2Fv2%2Ftags&post=2842508"}],"curies":[{"name":"wp","href":"https:\/\/api.w.org\/{rel}","templated":true}]}}