{"id":2842592,"date":"2015-05-14T21:28:59","date_gmt":"2015-05-15T04:28:59","guid":{"rendered":"http:\/\/agpnoticias.com\/news\/?p=2842592"},"modified":"2015-05-15T11:01:55","modified_gmt":"2015-05-15T18:01:55","slug":"oro-en-clase-x-bronce-para-javier-lopez-viana","status":"publish","type":"post","link":"https:\/\/agpnoticias.com\/news\/?p=2842592","title":{"rendered":"Oro en Clase X, bronce para Javier L\u00f3pez Viana"},"content":{"rendered":"<figure id=\"attachment_2842606\" aria-describedby=\"caption-attachment-2842606\" style=\"width: 800px\" class=\"wp-caption aligncenter\"><a href=\"http:\/\/agpnoticias.com\/news\/oro-en-clase-x-bronce-para-javier-lopez-viana\/el-gimnasta-ensenadense-disputaras-las-finales-por-aparatos-este-sabado\/\" rel=\"attachment wp-att-2842606\"><img fetchpriority=\"high\" decoding=\"async\" class=\"size-full wp-image-2842606\" src=\"http:\/\/agpnoticias.com\/news\/wp-content\/uploads\/2015\/05\/El-gimnasta-ensenadense-disputar\u00e1s-las-finales-por-aparatos-este-s\u00e1bado.jpg\" alt=\"El gimnasta ensenadense disputar\u00e1 las finales por aparatos este s\u00e1bado\" width=\"800\" height=\"533\" srcset=\"https:\/\/agpnoticias.com\/news\/wp-content\/uploads\/2015\/05\/El-gimnasta-ensenadense-disputar\u00e1s-las-finales-por-aparatos-este-s\u00e1bado.jpg 800w, https:\/\/agpnoticias.com\/news\/wp-content\/uploads\/2015\/05\/El-gimnasta-ensenadense-disputar\u00e1s-las-finales-por-aparatos-este-s\u00e1bado-200x133.jpg 200w\" sizes=\"(max-width: 800px) 100vw, 800px\" \/><\/a><figcaption id=\"caption-attachment-2842606\" class=\"wp-caption-text\">El gimnasta ensenadense disputar\u00e1 las finales por aparatos este s\u00e1bado<\/figcaption><\/figure>\n<p>Monterrey, Nuevo Le\u00f3n.- Javier L\u00f3pez Viana fue tercer lugar all around y principal responsable de la medalla de oro conseguida por el equipo de Clase X de Baja California durante la jornada vespertina de jueves.<\/p>\n<p>El gimnasta ensenadense sum\u00f3 78.250 puntos, solo por detr\u00e1s del yucateco Andr\u00e9s Res\u00e9ndiz (82.800) y el sinaloense Francisco Rojo (80.100).<\/p>\n<p>Y por equipo, Baja California, equipo tambi\u00e9n integrado por Sergio de Hoyos y Daniel D\u00edaz, registr\u00f3 el oro con puntuaci\u00f3n de 228.350, mientras que Sinaloa (227.250) y la Ciudad de M\u00e9xico (217.150) fueron plata y bronce.<\/p>\n<p>Javier L\u00f3pez, ganador de cuatro oros en el Campeonato Nacional de Gimnasia de abril, confio en que el s\u00e1bado, cuando se disputen las finales por aparatos, podr\u00e1 aumentar su producci\u00f3n<\/p>\n<figure id=\"attachment_2842605\" aria-describedby=\"caption-attachment-2842605\" style=\"width: 450px\" class=\"wp-caption alignright\"><a href=\"http:\/\/agpnoticias.com\/news\/oro-en-clase-x-bronce-para-javier-lopez-viana\/javier-lopez-viana-2\/\" rel=\"attachment wp-att-2842605\"><img decoding=\"async\" class=\"size-full wp-image-2842605\" src=\"http:\/\/agpnoticias.com\/news\/wp-content\/uploads\/2015\/05\/Javier-L\u00f3pez-Viana-e1431663991729.jpg\" alt=\"Javier L\u00f3pez Viana\" width=\"450\" height=\"492\" \/><\/a><figcaption id=\"caption-attachment-2842605\" class=\"wp-caption-text\">Javier L\u00f3pez Viana<\/figcaption><\/figure>\n<p>\u00abYo ven\u00eda muy motivado porque en el nacional fue la primera vez que pude quedar campe\u00f3n. Ten\u00eda confianza, pero hoy (jueves) me fue un poco mal en la competencia. Hubo algunos aparatos en los que estuve mal y otros en los que pude estar mejor\u00bb, dijo.<\/p>\n<p>El gimnasta surgido en el gimnasio Baja Dynamo asegur\u00f3 que \u00abel s\u00e1bado en las finales hay la posibilidad de hacerlo mejor que hoy\u00bb.<\/p>\n<p>En la actualidad, Javier L\u00f3pez estudia en el Tec de Monterrey, aun cuando sigue como representante de Baja California.<\/p>\n<p>\u00abFue un cambio muy grande, pero ya me adapt\u00e9 y estoy muy a gusto en el Tec de Monterrey donde estudio Creaci\u00f3n y Desarrollo de Empresas.<\/p>\n<p>El estudio era mi objetivo principal cuando llegu\u00e9, pero empec\u00e9 a entrenar con Jorge Segovia y me he sentido muy bien\u00bb, refiri\u00f3.<\/p>\n<p>Por lo pronto, el hermano del ex gimnasta Santiago L\u00f3pez rescat\u00f3 su primera convocatoria a la selecci\u00f3n mexicana mayor,<\/p>\n<p>\u00abMi sue\u00f1o, mi meta es seguir con la selecci\u00f3n mayor porque desde el a\u00f1o pasado tuve la oportunidad de asistir, s\u00f3lo que me lesion\u00e9 y ya no pude presentarme. Primero me pego mucho, pero me recuper\u00e9 todo ha ido bien\u00bb, apunt\u00f3.<\/p>\n<p>El lunes, Javier L\u00f3pez Viana viajar\u00e1 a Portugal para representar a M\u00e9xico en una copa del mundo para especialistas.<\/p>\n<p>\u00abVoy a hacer piso y salto. No son mis aparatos m\u00e1s\u00a0fuertes, pero quiero aprovechar la oportunidad de presentarme por primera vez con la selecci\u00f3n nacional mayor en el extranjero\u00bb, afirm\u00f3.<\/p>\n<p>Pero antes, el s\u00e1bado, volver al gimnasio Nuevo Le\u00f3n Unido, para competir en las finales por aparatos.<\/p>\n<figure id=\"attachment_2842608\" aria-describedby=\"caption-attachment-2842608\" style=\"width: 800px\" class=\"wp-caption aligncenter\"><a href=\"http:\/\/agpnoticias.com\/news\/oro-en-clase-x-bronce-para-javier-lopez-viana\/el-equipo-de-baja-california-lidero-la-olimpiada-nacional\/\" rel=\"attachment wp-att-2842608\"><img decoding=\"async\" class=\"size-full wp-image-2842608\" src=\"http:\/\/agpnoticias.com\/news\/wp-content\/uploads\/2015\/05\/El-equipo-de-Baja-California-lider\u00f3-la-Olimpiada-Nacional.jpg\" alt=\"El equipo de Baja California lider\u00f3 la Olimpiada Nacional\" width=\"800\" height=\"533\" srcset=\"https:\/\/agpnoticias.com\/news\/wp-content\/uploads\/2015\/05\/El-equipo-de-Baja-California-lider\u00f3-la-Olimpiada-Nacional.jpg 800w, https:\/\/agpnoticias.com\/news\/wp-content\/uploads\/2015\/05\/El-equipo-de-Baja-California-lider\u00f3-la-Olimpiada-Nacional-200x133.jpg 200w\" sizes=\"(max-width: 800px) 100vw, 800px\" \/><\/a><figcaption id=\"caption-attachment-2842608\" class=\"wp-caption-text\">El equipo de Baja California lider\u00f3 la Olimpiada Nacional<\/figcaption><\/figure>\n","protected":false},"excerpt":{"rendered":"<p>Monterrey, Nuevo Le\u00f3n.- Javier L\u00f3pez Viana fue tercer lugar all around y principal responsable de&#8230;<\/p>\n","protected":false},"author":1,"featured_media":2842606,"comment_status":"closed","ping_status":"closed","sticky":false,"template":"","format":"standard","meta":{"footnotes":""},"categories":[1,73,7,46],"tags":[],"class_list":["post-2842592","post","type-post","status-publish","format-standard","has-post-thumbnail","hentry","category-uncategorized","category-deportebajacalifornia","category-deportes","category-gimnasia"],"_links":{"self":[{"href":"https:\/\/agpnoticias.com\/news\/index.php?rest_route=\/wp\/v2\/posts\/2842592","targetHints":{"allow":["GET"]}}],"collection":[{"href":"https:\/\/agpnoticias.com\/news\/index.php?rest_route=\/wp\/v2\/posts"}],"about":[{"href":"https:\/\/agpnoticias.com\/news\/index.php?rest_route=\/wp\/v2\/types\/post"}],"author":[{"embeddable":true,"href":"https:\/\/agpnoticias.com\/news\/index.php?rest_route=\/wp\/v2\/users\/1"}],"replies":[{"embeddable":true,"href":"https:\/\/agpnoticias.com\/news\/index.php?rest_route=%2Fwp%2Fv2%2Fcomments&post=2842592"}],"version-history":[{"count":5,"href":"https:\/\/agpnoticias.com\/news\/index.php?rest_route=\/wp\/v2\/posts\/2842592\/revisions"}],"predecessor-version":[{"id":2842635,"href":"https:\/\/agpnoticias.com\/news\/index.php?rest_route=\/wp\/v2\/posts\/2842592\/revisions\/2842635"}],"wp:featuredmedia":[{"embeddable":true,"href":"https:\/\/agpnoticias.com\/news\/index.php?rest_route=\/wp\/v2\/media\/2842606"}],"wp:attachment":[{"href":"https:\/\/agpnoticias.com\/news\/index.php?rest_route=%2Fwp%2Fv2%2Fmedia&parent=2842592"}],"wp:term":[{"taxonomy":"category","embeddable":true,"href":"https:\/\/agpnoticias.com\/news\/index.php?rest_route=%2Fwp%2Fv2%2Fcategories&post=2842592"},{"taxonomy":"post_tag","embeddable":true,"href":"https:\/\/agpnoticias.com\/news\/index.php?rest_route=%2Fwp%2Fv2%2Ftags&post=2842592"}],"curies":[{"name":"wp","href":"https:\/\/api.w.org\/{rel}","templated":true}]}}