{"id":2842596,"date":"2015-05-14T21:01:49","date_gmt":"2015-05-15T04:01:49","guid":{"rendered":"http:\/\/agpnoticias.com\/news\/?p=2842596"},"modified":"2015-05-14T21:03:56","modified_gmt":"2015-05-15T04:03:56","slug":"caidas-en-selectivo-normales-en-proceso-olimpico","status":"publish","type":"post","link":"https:\/\/agpnoticias.com\/news\/?p=2842596","title":{"rendered":"Ca\u00eddas en selectivo, normales en proceso ol\u00edmpico: Corral"},"content":{"rendered":"<figure id=\"attachment_2842599\" aria-describedby=\"caption-attachment-2842599\" style=\"width: 800px\" class=\"wp-caption aligncenter\"><a href=\"http:\/\/agpnoticias.com\/news\/caidas-en-selectivo-normales-en-proceso-olimpico\/daniel-corral-participo-en-el-selectivo-a-juegos-panamericanos\/\" rel=\"attachment wp-att-2842599\"><img fetchpriority=\"high\" decoding=\"async\" class=\"size-full wp-image-2842599\" src=\"http:\/\/agpnoticias.com\/news\/wp-content\/uploads\/2015\/05\/Daniel-Corral-particip\u00f3-en-el-selectivo-a-Juegos-Panamericanos.jpg\" alt=\"Daniel Corral particip\u00f3 en el selectivo a Juegos Panamericanos\" width=\"800\" height=\"483\" srcset=\"https:\/\/agpnoticias.com\/news\/wp-content\/uploads\/2015\/05\/Daniel-Corral-particip\u00f3-en-el-selectivo-a-Juegos-Panamericanos.jpg 800w, https:\/\/agpnoticias.com\/news\/wp-content\/uploads\/2015\/05\/Daniel-Corral-particip\u00f3-en-el-selectivo-a-Juegos-Panamericanos-200x121.jpg 200w\" sizes=\"(max-width: 800px) 100vw, 800px\" \/><\/a><figcaption id=\"caption-attachment-2842599\" class=\"wp-caption-text\">Daniel Corral particip\u00f3 en el selectivo a Juegos Panamericanos<\/figcaption><\/figure>\n<p>Monterrey, Nuevo Le\u00f3n.- Las dos ca\u00eddas que sufri\u00f3 en barra fija fueron los m\u00e1s aparatosas. Pero tambi\u00e9n tuvo fallos en anillos, barras paralelas y caballo con arzones, sus mejores aparatos.<\/p>\n<p>Sin embargo, Daniel Corral consider\u00f3 que los contratiempos que vivi\u00f3 durante el selectivo incluido dentro de la Olimpiada Nacional son parte de su adaptaci\u00f3n al concurso all around como competidor en los seis aparatos.<\/p>\n<p>\u00abObviamente tuvimos algunas fallas, pero es parte del proceso que apenas comienza. Lo m\u00e1s importante est\u00e1 a unos meses y para nosotros esto fue como un selectivo, una competencia clasificatoria para el equipo nacional y definir qui\u00e9n va a los Juegos Panamericanos y al Campeonato del Mundo\u00bb.<\/p>\n<figure id=\"attachment_2842600\" aria-describedby=\"caption-attachment-2842600\" style=\"width: 450px\" class=\"wp-caption alignright\"><a href=\"http:\/\/agpnoticias.com\/news\/caidas-en-selectivo-normales-en-proceso-olimpico\/el-gimnasta-olimpico-tuvo-problemas-en-la-barra-fija\/\" rel=\"attachment wp-att-2842600\"><img decoding=\"async\" class=\"size-full wp-image-2842600\" src=\"http:\/\/agpnoticias.com\/news\/wp-content\/uploads\/2015\/05\/El-gimnasta-ol\u00edmpico-tuvo-problemas-en-la-barra-fija-e1431662324394.jpg\" alt=\"El gimnasta ol\u00edmpico tuvo problemas en la barra fija\" width=\"450\" height=\"548\" \/><\/a><figcaption id=\"caption-attachment-2842600\" class=\"wp-caption-text\">El gimnasta ol\u00edmpico tuvo problemas en la barra fija<\/figcaption><\/figure>\n<p>El gimnasta ol\u00edmpico en Londres 2012 se\u00f1al\u00f3 que con los Juegos Panamericanos y el Campeonato del Mundo por delante, tuvo que experimentar con elementos de mayor grado de dificultad en cada rutina.<\/p>\n<p>\u00abDel nacional para ac\u00e1 aumentamos la dificultad en todos los aparatos y de aqu\u00ed a Juegos Panamericanos tambi\u00e9n vamos a buscar lo mismo. Estoy muy contento de competir all around y rescato eso, volver a hacer los seis aparatos\u00bb, precis\u00f3.<\/p>\n<p>Daniel Corral admiti\u00f3 que la barra fija siempre ha sido el elemento que mayores dificultades le ha ocasionado a lo largo de su trayectoria.<\/p>\n<p>\u00abLa barra fija es uno de los aparatos donde m\u00e1s dificultades he tenido, as\u00ed que son oportunidades para controlarla de una vez por todas. Vamos viendo los aparatos individualmente, pero la barra fija es el que m\u00e1s atrasado llevo por un problema que tuve en el hombro\u00bb, refiri\u00f3.<\/p>\n<p>En el futuro inmediato, \u00abhar\u00e9 los ajustes sin descuidar los otros aparatos\u00bb, adelant\u00f3. \u00abEl lunes salgo a una copa del mundo en Ucrania donde se competir\u00e1 all around en un solo d\u00eda, porque de aqu\u00ed en adelante estaremos buscando el mayor n\u00famero de competencias en todos los aparatos\u00bb.<\/p>\n<p>El selectivo con sede en el gimnasio Nuevo Le\u00f3n Unido fue completado por los jaliscienses Javier Cervantes y Fabi\u00e1n de Luna, el regiomontano Javier Balboa y el tambi\u00e9n representante de Baja California Adri\u00e1n Prieto.<\/p>\n<p>M\u00e9xico tratar\u00e1 de clasificar como equipo a Juegos Ol\u00edmpicos como uno de los 16 mejores del Campeonato de Glasgow, a finales de octubre.<\/p>\n<figure id=\"attachment_2842601\" aria-describedby=\"caption-attachment-2842601\" style=\"width: 800px\" class=\"wp-caption aligncenter\"><a href=\"http:\/\/agpnoticias.com\/news\/caidas-en-selectivo-normales-en-proceso-olimpico\/daniel-corral-durante-su-ejecucion-en-piso\/\" rel=\"attachment wp-att-2842601\"><img decoding=\"async\" class=\"size-full wp-image-2842601\" src=\"http:\/\/agpnoticias.com\/news\/wp-content\/uploads\/2015\/05\/Daniel-Corral-durante-su-ejecuci\u00f3n-en-piso.jpg\" alt=\"Daniel Corral durante su ejecuci\u00f3n en piso\" width=\"800\" height=\"521\" srcset=\"https:\/\/agpnoticias.com\/news\/wp-content\/uploads\/2015\/05\/Daniel-Corral-durante-su-ejecuci\u00f3n-en-piso.jpg 800w, https:\/\/agpnoticias.com\/news\/wp-content\/uploads\/2015\/05\/Daniel-Corral-durante-su-ejecuci\u00f3n-en-piso-200x130.jpg 200w\" sizes=\"(max-width: 800px) 100vw, 800px\" \/><\/a><figcaption id=\"caption-attachment-2842601\" class=\"wp-caption-text\">Daniel Corral durante su ejecuci\u00f3n en piso<\/figcaption><\/figure>\n","protected":false},"excerpt":{"rendered":"<p>Monterrey, Nuevo Le\u00f3n.- Las dos ca\u00eddas que sufri\u00f3 en barra fija fueron los m\u00e1s aparatosas&#8230;.<\/p>\n","protected":false},"author":1,"featured_media":2842599,"comment_status":"closed","ping_status":"closed","sticky":false,"template":"","format":"standard","meta":{"footnotes":""},"categories":[1,7,46],"tags":[],"class_list":["post-2842596","post","type-post","status-publish","format-standard","has-post-thumbnail","hentry","category-uncategorized","category-deportes","category-gimnasia"],"_links":{"self":[{"href":"https:\/\/agpnoticias.com\/news\/index.php?rest_route=\/wp\/v2\/posts\/2842596","targetHints":{"allow":["GET"]}}],"collection":[{"href":"https:\/\/agpnoticias.com\/news\/index.php?rest_route=\/wp\/v2\/posts"}],"about":[{"href":"https:\/\/agpnoticias.com\/news\/index.php?rest_route=\/wp\/v2\/types\/post"}],"author":[{"embeddable":true,"href":"https:\/\/agpnoticias.com\/news\/index.php?rest_route=\/wp\/v2\/users\/1"}],"replies":[{"embeddable":true,"href":"https:\/\/agpnoticias.com\/news\/index.php?rest_route=%2Fwp%2Fv2%2Fcomments&post=2842596"}],"version-history":[{"count":4,"href":"https:\/\/agpnoticias.com\/news\/index.php?rest_route=\/wp\/v2\/posts\/2842596\/revisions"}],"predecessor-version":[{"id":2842604,"href":"https:\/\/agpnoticias.com\/news\/index.php?rest_route=\/wp\/v2\/posts\/2842596\/revisions\/2842604"}],"wp:featuredmedia":[{"embeddable":true,"href":"https:\/\/agpnoticias.com\/news\/index.php?rest_route=\/wp\/v2\/media\/2842599"}],"wp:attachment":[{"href":"https:\/\/agpnoticias.com\/news\/index.php?rest_route=%2Fwp%2Fv2%2Fmedia&parent=2842596"}],"wp:term":[{"taxonomy":"category","embeddable":true,"href":"https:\/\/agpnoticias.com\/news\/index.php?rest_route=%2Fwp%2Fv2%2Fcategories&post=2842596"},{"taxonomy":"post_tag","embeddable":true,"href":"https:\/\/agpnoticias.com\/news\/index.php?rest_route=%2Fwp%2Fv2%2Ftags&post=2842596"}],"curies":[{"name":"wp","href":"https:\/\/api.w.org\/{rel}","templated":true}]}}