{"id":2842675,"date":"2015-05-15T19:29:10","date_gmt":"2015-05-16T02:29:10","guid":{"rendered":"http:\/\/agpnoticias.com\/news\/?p=2842675"},"modified":"2015-05-15T19:29:11","modified_gmt":"2015-05-16T02:29:11","slug":"tercer-puesto-para-antonio-hernandez-en-nueva-categoria","status":"publish","type":"post","link":"https:\/\/agpnoticias.com\/news\/?p=2842675","title":{"rendered":"Tercer puesto para Antonio Hern\u00e1ndez en nueva categor\u00eda"},"content":{"rendered":"<figure id=\"attachment_2842678\" aria-describedby=\"caption-attachment-2842678\" style=\"width: 800px\" class=\"wp-caption alignright\"><a href=\"http:\/\/agpnoticias.com\/news\/tercer-puesto-para-antonio-hernandez-en-nueva-categoria\/antonio-hernandez-4\/\" rel=\"attachment wp-att-2842678\"><img fetchpriority=\"high\" decoding=\"async\" class=\"size-full wp-image-2842678\" src=\"http:\/\/agpnoticias.com\/news\/wp-content\/uploads\/2015\/05\/Antonio-Hern\u00e1ndez.jpg\" alt=\"Antonio Hern\u00e1ndez\" width=\"800\" height=\"546\" srcset=\"https:\/\/agpnoticias.com\/news\/wp-content\/uploads\/2015\/05\/Antonio-Hern\u00e1ndez.jpg 800w, https:\/\/agpnoticias.com\/news\/wp-content\/uploads\/2015\/05\/Antonio-Hern\u00e1ndez-200x137.jpg 200w\" sizes=\"(max-width: 800px) 100vw, 800px\" \/><\/a><figcaption id=\"caption-attachment-2842678\" class=\"wp-caption-text\">Antonio Hern\u00e1ndez<\/figcaption><\/figure>\n<p>Monterrey, Nuevo Le\u00f3n.- En su presentaci\u00f3n dentro de la categor\u00eda Nivel 7, Antonio Hern\u00e1ndez Rodr\u00edguez alcanz\u00f3 una medalla de oro, dos platas y un bronce, despu\u00e9s de los cuatro oros ganados durante 2014 todav\u00eda en Nivel 6.<\/p>\n<p>\u00abLa competencia estuvo re\u00f1ida. Ten\u00eda m\u00e1s expectativas, pero estuvo bien lo que consegu\u00ed. Fall\u00e9 en anillos y paralelas, y me sent\u00ed mejor en piso\u00bb, dijo. \u00abRegresar\u00e9 con todas las ganas y a llevarme todas las medallas\u00bb, prometi\u00f3 el poseedor del tercer lugar all around.<\/p>\n<figure id=\"attachment_2842677\" aria-describedby=\"caption-attachment-2842677\" style=\"width: 447px\" class=\"wp-caption alignright\"><a href=\"http:\/\/agpnoticias.com\/news\/tercer-puesto-para-antonio-hernandez-en-nueva-categoria\/el-gimnasta-junto-a-sus-entrenadores-pavel-oceguera-y-miguel-valle-2\/\" rel=\"attachment wp-att-2842677\"><img decoding=\"async\" class=\"size-full wp-image-2842677\" src=\"http:\/\/agpnoticias.com\/news\/wp-content\/uploads\/2015\/05\/El-gimnasta-junto-a-sus-entrenadores-Pavel-Oceguera-y-Miguel-Valle-e1431743191261.jpg\" alt=\"El gimnasta junto a sus entrenadores Pavel Oceguera y Miguel Valle\" width=\"447\" height=\"380\" \/><\/a><figcaption id=\"caption-attachment-2842677\" class=\"wp-caption-text\">El gimnasta junto a sus entrenadores Pavel Oceguera y Miguel Valle<\/figcaption><\/figure>\n<p>Su entrenador Pavel Oceguera Ornelas consider\u00f3 que \u00abla valoraci\u00f3n es buena, pero si hubiera resuelto el aparato en el que tuvo la falla (barras paralelas), habr\u00eda estado excelente\u00bb.<\/p>\n<p>El t\u00e9cnico del gimnasio Baja Dynamo de Ensenada subray\u00f3 que el ganador del oro en la Olimpiada Nacional, el local Maximiliano Galicia, as\u00ed como el bajacaliforniano sub l\u00edder Pedro G\u00f3mez, \u00abya salen de la categor\u00eda\u00bb.<\/p>\n<p>En contraste, \u00abTo\u00f1o se queda y seguramente mejorar\u00e1 esta actuaci\u00f3n en la que se meti\u00f3 primero en piso, segundo en arzones a media d\u00e9cima, y segundo en barra fija\u00bb.<\/p>\n<p>\u00abL\u00e1stima que fall\u00f3 en su mejor aparato, que es paralelas. En anillos, hizo una buena rutina pero no la de \u00e9l. Y en salto cumpli\u00f3 con una d\u00e9cima\u00bb, refiri\u00f3.<\/p>\n<p>El t\u00e9cnico calific\u00f3 a Antonio Hern\u00e1ndez como \u00abun gimnasta como un talento especial\u00bb y se\u00f1al\u00f3 que \u00abcuenta con un entrenador de primer nivel como Miguel Valle\u00bb.<\/p>\n<p>\u00abYo creo que \u00e9l cumpli\u00f3. Se esperaba una medalla m\u00e1s de oro, pero ya ver\u00e1n que el pr\u00f3ximo a\u00f1o tendr\u00e1 una actuaci\u00f3n memorable\u00bb, pronostic\u00f3.<\/p>\n","protected":false},"excerpt":{"rendered":"<p>Monterrey, Nuevo Le\u00f3n.- En su presentaci\u00f3n dentro de la categor\u00eda Nivel 7, Antonio Hern\u00e1ndez Rodr\u00edguez&#8230;<\/p>\n","protected":false},"author":1,"featured_media":2842678,"comment_status":"closed","ping_status":"closed","sticky":false,"template":"","format":"standard","meta":{"footnotes":""},"categories":[1,7,46],"tags":[],"class_list":["post-2842675","post","type-post","status-publish","format-standard","has-post-thumbnail","hentry","category-uncategorized","category-deportes","category-gimnasia"],"_links":{"self":[{"href":"https:\/\/agpnoticias.com\/news\/index.php?rest_route=\/wp\/v2\/posts\/2842675","targetHints":{"allow":["GET"]}}],"collection":[{"href":"https:\/\/agpnoticias.com\/news\/index.php?rest_route=\/wp\/v2\/posts"}],"about":[{"href":"https:\/\/agpnoticias.com\/news\/index.php?rest_route=\/wp\/v2\/types\/post"}],"author":[{"embeddable":true,"href":"https:\/\/agpnoticias.com\/news\/index.php?rest_route=\/wp\/v2\/users\/1"}],"replies":[{"embeddable":true,"href":"https:\/\/agpnoticias.com\/news\/index.php?rest_route=%2Fwp%2Fv2%2Fcomments&post=2842675"}],"version-history":[{"count":3,"href":"https:\/\/agpnoticias.com\/news\/index.php?rest_route=\/wp\/v2\/posts\/2842675\/revisions"}],"predecessor-version":[{"id":2842680,"href":"https:\/\/agpnoticias.com\/news\/index.php?rest_route=\/wp\/v2\/posts\/2842675\/revisions\/2842680"}],"wp:featuredmedia":[{"embeddable":true,"href":"https:\/\/agpnoticias.com\/news\/index.php?rest_route=\/wp\/v2\/media\/2842678"}],"wp:attachment":[{"href":"https:\/\/agpnoticias.com\/news\/index.php?rest_route=%2Fwp%2Fv2%2Fmedia&parent=2842675"}],"wp:term":[{"taxonomy":"category","embeddable":true,"href":"https:\/\/agpnoticias.com\/news\/index.php?rest_route=%2Fwp%2Fv2%2Fcategories&post=2842675"},{"taxonomy":"post_tag","embeddable":true,"href":"https:\/\/agpnoticias.com\/news\/index.php?rest_route=%2Fwp%2Fv2%2Ftags&post=2842675"}],"curies":[{"name":"wp","href":"https:\/\/api.w.org\/{rel}","templated":true}]}}