{"id":2842776,"date":"2015-05-16T15:48:40","date_gmt":"2015-05-16T22:48:40","guid":{"rendered":"http:\/\/agpnoticias.com\/news\/?p=2842776"},"modified":"2015-05-17T09:06:05","modified_gmt":"2015-05-17T16:06:05","slug":"jesus-y-david-dos-oros-mas-en-atletismo","status":"publish","type":"post","link":"https:\/\/agpnoticias.com\/news\/?p=2842776","title":{"rendered":"Jes\u00fas y David, dos oros m\u00e1s en atletismo"},"content":{"rendered":"<figure id=\"attachment_2842777\" aria-describedby=\"caption-attachment-2842777\" style=\"width: 704px\" class=\"wp-caption aligncenter\"><a href=\"http:\/\/agpnoticias.com\/news\/jesus-y-david-dos-oros-mas-en-atletismo\/jesus-garcia\/\" rel=\"attachment wp-att-2842777\"><img fetchpriority=\"high\" decoding=\"async\" class=\"size-full wp-image-2842777\" src=\"http:\/\/agpnoticias.com\/news\/wp-content\/uploads\/2015\/05\/Jes\u00fas-Garc\u00eda.jpg\" alt=\"Jes\u00fas Garc\u00eda\" width=\"704\" height=\"503\" srcset=\"https:\/\/agpnoticias.com\/news\/wp-content\/uploads\/2015\/05\/Jes\u00fas-Garc\u00eda.jpg 704w, https:\/\/agpnoticias.com\/news\/wp-content\/uploads\/2015\/05\/Jes\u00fas-Garc\u00eda-200x143.jpg 200w\" sizes=\"(max-width: 704px) 100vw, 704px\" \/><\/a><figcaption id=\"caption-attachment-2842777\" class=\"wp-caption-text\">Jes\u00fas Garc\u00eda<\/figcaption><\/figure>\n<p>Monterrey, Nuevo Le\u00f3n.- Jes\u00fas Garc\u00eda Ortiz se convirti\u00f3 en el rey de las pruebas combinadas al cierre de la primera etapa del atletismo en la Olimpiada Nacional 2015.<\/p>\n<p>Garc\u00eda se llev\u00f3 el primer lugar en la disciplina del Heptatl\u00f3n categor\u00eda Sub 16 para darle otra presea \u00e1urea a Baja California. El joven peninsular registr\u00f3 5048 puntos en total, superando al nuevoleon\u00e9s Brandon Constantino, quien registr\u00f3 5006 unidades.<\/p>\n<p>El tercer lugar fue para Hazael Villegas, quien consigui\u00f3 4930 puntos. En el lanzamiento de bala Garc\u00eda Ortiz fue tercero con 13.13 metros, mientras que en el salto de longitud registr\u00f3 5.35 metros para 689 puntos.<\/p>\n<p>En el lanzamiento de pelota finaliz\u00f3 a la cabeza con 843 puntos, producto de una marca de 89.02 metros. En el salto de altura fue cuarto con 702 puntos, luego de marcar 1.60 metros, mientras que en los 80 metros con vallas, finaliz\u00f3 en 11.70 segundos para una sumatoria de 742 puntos y el liderato en la prueba.<\/p>\n<p>En los 80 metros planos cerr\u00f3 con 9.62 de tiempo y la primera posici\u00f3n, cosechando 879 unidades, mientras que en los 1200 metros planos cronometr\u00f3 3:52.23 y una puntuaci\u00f3n de 530.<\/p>\n<p>Apenas en el pasado regional celebrado en Tijuana, el atleta peninsular se destac\u00f3 tambi\u00e9n con dos t\u00edtulos de zona, pues cosech\u00f3 un total de 5,056 puntos en las pruebas combinadas para clasificar como el mejor a la Olimpiada Nacional.<\/p>\n<p>Tambi\u00e9n particip\u00f3 como relevista en el 4 x 100 en el que registr\u00f3 tiempo de 45.74 para pasar a la gran justo que se realiza en la pista y campo del CARE \u201cNi\u00f1os H\u00e9roes\u201d.<\/p>\n<p><strong>Uno m\u00e1s<\/strong><\/p>\n<figure id=\"attachment_2842778\" aria-describedby=\"caption-attachment-2842778\" style=\"width: 444px\" class=\"wp-caption alignright\"><a href=\"http:\/\/agpnoticias.com\/news\/jesus-y-david-dos-oros-mas-en-atletismo\/david-carreon\/\" rel=\"attachment wp-att-2842778\"><img decoding=\"async\" class=\"size-full wp-image-2842778\" src=\"http:\/\/agpnoticias.com\/news\/wp-content\/uploads\/2015\/05\/David-Carre\u00f3n-e1431878244457.jpg\" alt=\"David Carre\u00f3n\" width=\"444\" height=\"317\" \/><\/a><figcaption id=\"caption-attachment-2842778\" class=\"wp-caption-text\">David Carre\u00f3n<\/figcaption><\/figure>\n<p>El bajacaliforniano David Carre\u00f3n tuvo una marca de 67.92 metros en la prueba de lanzamiento de jabalina y con ello se llev\u00f3 la medalla de oro en la categor\u00eda Sub 23 Varonil dentro del Atletismo de la Olimpiada Nacional 2015.<\/p>\n<p>Carre\u00f3n super\u00f3 a Alan \u00c1vila de la Universidad Nacional Aut\u00f3noma de M\u00e9xico en la final, quien lanz\u00f3 para una distancia de 64.71 metros y se qued\u00f3 con la medalla de plata.<\/p>\n<p>El metal bronceado fue para el sinaloense Miguel Mu\u00f1oz, cuya distancia qued\u00f3 en 62.30 metros. \u201cFue una prueba bastante buena. Me gust\u00f3 mucho\u201d, dijo Carre\u00f3n. \u201cEl clima estuvo caliente, un poco h\u00famedo, la verdad, pero nos dio para ganar la medalla de oro\u201d.<\/p>\n<p>El atleta se\u00f1al\u00f3 que desde su primer lanzamiento asegur\u00f3 el liderato en la competencia. \u201cDesde el primero di el lanzamiento del gane\u201d, record\u00f3. \u201cBuscaba dar m\u00e1s. Lamentablemente no se dio, pero estuve ah\u00ed en el rango de los 67 metros y fue muy buena la competencia\u201d.<\/p>\n<p>Se dijo contento el lanzador, por el hecho de contribuir al incremento de t\u00edtulos nacionales por parte del estado. De igual forma, manifest\u00f3 una satisfacci\u00f3n por la cosecha de medallas personales.<\/p>\n<p>\u201cEstamos dando todo para el estado\u201d, confes\u00f3, y tambi\u00e9n aprovech\u00f3 para mandar un mensaje de aliento al resto de sus compa\u00f1eros que competir\u00e1n en la segunda etapa del atletismo, a partir del lunes.<\/p>\n","protected":false},"excerpt":{"rendered":"<p>Monterrey, Nuevo Le\u00f3n.- Jes\u00fas Garc\u00eda Ortiz se convirti\u00f3 en el rey de las pruebas combinadas&#8230;<\/p>\n","protected":false},"author":1,"featured_media":2842777,"comment_status":"closed","ping_status":"closed","sticky":false,"template":"","format":"standard","meta":{"footnotes":""},"categories":[1,31,73,7],"tags":[],"class_list":["post-2842776","post","type-post","status-publish","format-standard","has-post-thumbnail","hentry","category-uncategorized","category-atletismo","category-deportebajacalifornia","category-deportes"],"_links":{"self":[{"href":"https:\/\/agpnoticias.com\/news\/index.php?rest_route=\/wp\/v2\/posts\/2842776","targetHints":{"allow":["GET"]}}],"collection":[{"href":"https:\/\/agpnoticias.com\/news\/index.php?rest_route=\/wp\/v2\/posts"}],"about":[{"href":"https:\/\/agpnoticias.com\/news\/index.php?rest_route=\/wp\/v2\/types\/post"}],"author":[{"embeddable":true,"href":"https:\/\/agpnoticias.com\/news\/index.php?rest_route=\/wp\/v2\/users\/1"}],"replies":[{"embeddable":true,"href":"https:\/\/agpnoticias.com\/news\/index.php?rest_route=%2Fwp%2Fv2%2Fcomments&post=2842776"}],"version-history":[{"count":3,"href":"https:\/\/agpnoticias.com\/news\/index.php?rest_route=\/wp\/v2\/posts\/2842776\/revisions"}],"predecessor-version":[{"id":2842781,"href":"https:\/\/agpnoticias.com\/news\/index.php?rest_route=\/wp\/v2\/posts\/2842776\/revisions\/2842781"}],"wp:featuredmedia":[{"embeddable":true,"href":"https:\/\/agpnoticias.com\/news\/index.php?rest_route=\/wp\/v2\/media\/2842777"}],"wp:attachment":[{"href":"https:\/\/agpnoticias.com\/news\/index.php?rest_route=%2Fwp%2Fv2%2Fmedia&parent=2842776"}],"wp:term":[{"taxonomy":"category","embeddable":true,"href":"https:\/\/agpnoticias.com\/news\/index.php?rest_route=%2Fwp%2Fv2%2Fcategories&post=2842776"},{"taxonomy":"post_tag","embeddable":true,"href":"https:\/\/agpnoticias.com\/news\/index.php?rest_route=%2Fwp%2Fv2%2Ftags&post=2842776"}],"curies":[{"name":"wp","href":"https:\/\/api.w.org\/{rel}","templated":true}]}}