{"id":2842852,"date":"2015-05-19T15:09:54","date_gmt":"2015-05-19T22:09:54","guid":{"rendered":"http:\/\/agpnoticias.com\/news\/?p=2842852"},"modified":"2015-05-19T15:09:55","modified_gmt":"2015-05-19T22:09:55","slug":"vive-la-olimpiada-nacional-en-su-segunda-casa","status":"publish","type":"post","link":"https:\/\/agpnoticias.com\/news\/?p=2842852","title":{"rendered":"Vive la Olimpiada Nacional en su \u00absegunda casa\u00bb"},"content":{"rendered":"<figure id=\"attachment_2842855\" aria-describedby=\"caption-attachment-2842855\" style=\"width: 800px\" class=\"wp-caption aligncenter\"><a href=\"http:\/\/agpnoticias.com\/news\/vive-la-olimpiada-nacional-en-su-segunda-casa\/saul-castro-2\/\" rel=\"attachment wp-att-2842855\"><img fetchpriority=\"high\" decoding=\"async\" class=\"size-full wp-image-2842855\" src=\"http:\/\/agpnoticias.com\/news\/wp-content\/uploads\/2015\/05\/Sa\u00fal-Castro.jpg\" alt=\"Sa\u00fal Castro\" width=\"800\" height=\"533\" srcset=\"https:\/\/agpnoticias.com\/news\/wp-content\/uploads\/2015\/05\/Sa\u00fal-Castro.jpg 800w, https:\/\/agpnoticias.com\/news\/wp-content\/uploads\/2015\/05\/Sa\u00fal-Castro-200x133.jpg 200w\" sizes=\"(max-width: 800px) 100vw, 800px\" \/><\/a><figcaption id=\"caption-attachment-2842855\" class=\"wp-caption-text\">Sa\u00fal Castro<\/figcaption><\/figure>\n<p>Monterrey, Nuevo Le\u00f3n.- El director del Instituto del Deporte de Baja California (INDE) se siente \u00abcomo en casa\u00bb en Nuevo Le\u00f3n, estado sede de la Olimpiada Nacional 2015.<\/p>\n<p>\u00abEs extraordinario estar aqu\u00ed. Siempre digo que Nuevo Le\u00f3n es nuestra segunda casa. Aqu\u00ed estudi\u00e9 deporte, aqu\u00ed jugu\u00e9 y represent\u00e9 los colores de este grandioso estado, inclusive enfrentando a Baja California\u00bb, refiri\u00f3.<\/p>\n<p>Entonces Sa\u00fal Castro Verdugo era estudiante de la Facultad de Organizaci\u00f3n Deportiva de la Universidad Aut\u00f3noma de Nuevo Le\u00f3n, adem\u00e1s de portar la capitan\u00eda de su selecci\u00f3n de baloncesto.<\/p>\n<p>\u00abDefend\u00ed los colores de la universidad contra la UABC y viajamos hasta Ensenada y Tijuana cuando en el Campeonato Universitario Nacional, el de \u00abLos 8 Grandes\u00b4, hab\u00eda primera y segunda divisi\u00f3n, con ascenso y descenso\u00bb, refiri\u00f3.<\/p>\n<p>Sobre sus caracter\u00edsticas como basquetbolista, dijo: \u00aben Ensenada (su ciudad natal) siempre jugu\u00e9 de tablero, pero cuando llegu\u00e9 a Nuevo Le\u00f3n, desde el primer d\u00eda que me seleccionaron, me mandaron a jugar de botador, que es el que lleva y mueve el juego.<\/p>\n<p>\u00abEra un tipo disciplinado, con muy buena defensa, con muy buena visi\u00f3n, dominio de bal\u00f3n y gran condici\u00f3n f\u00edsica porque hice atletismo y eso me ayud\u00f3 mucho. Por dos de los cinco a\u00f1os que integr\u00e9 la selecci\u00f3n de la Universidad de Nuevo Le\u00f3n fui capit\u00e1n\u00bb, apunt\u00f3.<\/p>\n<p><strong>Formaci\u00f3n<\/strong><\/p>\n<p>El director del deporte en Baja California admiti\u00f3 que de su experiencia en Nuevo Le\u00f3n perfil\u00f3 su trayectoria profesional.<\/p>\n<p>\u00abYo aprend\u00ed algo aqu\u00ed en Nuevo Le\u00f3n. La gente es muy luchona, especial, pero apoya mucho cuando aspiras a lograr cosas. Tambi\u00e9n es cr\u00edtica y cuando eres flojo y no peleas por tus objetivos, te deja a un lado. Es una sociedad de mucha competencia, de mucha aspiraci\u00f3n\u00bb, describi\u00f3.<\/p>\n<p>Y en ese sentido, \u00abla formaci\u00f3n que tuve aqu\u00ed fue fundamental para no dar cuartel y ser mejor en la competencia. Eso lo he inculcado en los atletas de Baja California: ser fuertes, competitivos y agresivos deportivamente hablando\u00bb.<\/p>\n<p>\u00abPor haber estudiado aqu\u00ed, me llama m\u00e1s competir contra Nuevo Le\u00f3n que contra Jalisco. Y les digo a mis amigos que vamos a venir a ganarles, porque Baja y Nuevo Le\u00f3n tienen antecedentes competitivos muy fuertes\u00bb, se\u00f1al\u00f3.<\/p>\n<p><strong>Pron\u00f3stico<\/strong><\/p>\n<p>Sa\u00fal Castro reiter\u00f3 lo dicho al inicio de la Olimpiada Nacional sobre la posibilidad de que Nuevo Le\u00f3n aprovechar\u00e1 ser sede para desbancar a Jalisco.<\/p>\n<p>\u00abCreo que este a\u00f1o va a cambiar el primer lugar nacional. Inclusive creo que es bueno que cambie. Y no creo que Jalisco siga este a\u00f1o\u00bb, vaticin\u00f3.<\/p>\n","protected":false},"excerpt":{"rendered":"<p>Monterrey, Nuevo Le\u00f3n.- El director del Instituto del Deporte de Baja California (INDE) se siente&#8230;<\/p>\n","protected":false},"author":1,"featured_media":2842855,"comment_status":"closed","ping_status":"closed","sticky":false,"template":"","format":"standard","meta":{"footnotes":""},"categories":[1,73,7],"tags":[],"class_list":["post-2842852","post","type-post","status-publish","format-standard","has-post-thumbnail","hentry","category-uncategorized","category-deportebajacalifornia","category-deportes"],"_links":{"self":[{"href":"https:\/\/agpnoticias.com\/news\/index.php?rest_route=\/wp\/v2\/posts\/2842852","targetHints":{"allow":["GET"]}}],"collection":[{"href":"https:\/\/agpnoticias.com\/news\/index.php?rest_route=\/wp\/v2\/posts"}],"about":[{"href":"https:\/\/agpnoticias.com\/news\/index.php?rest_route=\/wp\/v2\/types\/post"}],"author":[{"embeddable":true,"href":"https:\/\/agpnoticias.com\/news\/index.php?rest_route=\/wp\/v2\/users\/1"}],"replies":[{"embeddable":true,"href":"https:\/\/agpnoticias.com\/news\/index.php?rest_route=%2Fwp%2Fv2%2Fcomments&post=2842852"}],"version-history":[{"count":5,"href":"https:\/\/agpnoticias.com\/news\/index.php?rest_route=\/wp\/v2\/posts\/2842852\/revisions"}],"predecessor-version":[{"id":2842891,"href":"https:\/\/agpnoticias.com\/news\/index.php?rest_route=\/wp\/v2\/posts\/2842852\/revisions\/2842891"}],"wp:featuredmedia":[{"embeddable":true,"href":"https:\/\/agpnoticias.com\/news\/index.php?rest_route=\/wp\/v2\/media\/2842855"}],"wp:attachment":[{"href":"https:\/\/agpnoticias.com\/news\/index.php?rest_route=%2Fwp%2Fv2%2Fmedia&parent=2842852"}],"wp:term":[{"taxonomy":"category","embeddable":true,"href":"https:\/\/agpnoticias.com\/news\/index.php?rest_route=%2Fwp%2Fv2%2Fcategories&post=2842852"},{"taxonomy":"post_tag","embeddable":true,"href":"https:\/\/agpnoticias.com\/news\/index.php?rest_route=%2Fwp%2Fv2%2Ftags&post=2842852"}],"curies":[{"name":"wp","href":"https:\/\/api.w.org\/{rel}","templated":true}]}}