{"id":2842864,"date":"2015-05-19T13:28:23","date_gmt":"2015-05-19T20:28:23","guid":{"rendered":"http:\/\/agpnoticias.com\/news\/?p=2842864"},"modified":"2015-05-19T13:28:24","modified_gmt":"2015-05-19T20:28:24","slug":"dedican-medallas-a-la-memoria-de-jaime-romero","status":"publish","type":"post","link":"https:\/\/agpnoticias.com\/news\/?p=2842864","title":{"rendered":"Dedican medallas a la memoria de Jaime Romero"},"content":{"rendered":"<figure id=\"attachment_2842866\" aria-describedby=\"caption-attachment-2842866\" style=\"width: 800px\" class=\"wp-caption aligncenter\"><a href=\"http:\/\/agpnoticias.com\/news\/dedican-medallas-a-la-memoria-de-jaime-romero\/jaime-romero-fue-recordado-durante-la-olimpiada-nacional\/\" rel=\"attachment wp-att-2842866\"><img fetchpriority=\"high\" decoding=\"async\" class=\"size-full wp-image-2842866\" src=\"http:\/\/agpnoticias.com\/news\/wp-content\/uploads\/2015\/05\/Jaime-Romero-fue-recordado-durante-la-Olimpiada-Nacional.jpg\" alt=\"Jaime Romero fue recordado durante la Olimpiada Nacional\" width=\"800\" height=\"533\" srcset=\"https:\/\/agpnoticias.com\/news\/wp-content\/uploads\/2015\/05\/Jaime-Romero-fue-recordado-durante-la-Olimpiada-Nacional.jpg 800w, https:\/\/agpnoticias.com\/news\/wp-content\/uploads\/2015\/05\/Jaime-Romero-fue-recordado-durante-la-Olimpiada-Nacional-200x133.jpg 200w\" sizes=\"(max-width: 800px) 100vw, 800px\" \/><\/a><figcaption id=\"caption-attachment-2842866\" class=\"wp-caption-text\">Jaime Romero fue recordado durante la Olimpiada Nacional<\/figcaption><\/figure>\n<p>Monterrey, Nuevo Le\u00f3n.- La delegaci\u00f3n de Jalisco dedic\u00f3 sus logros de la Olimpiada Nacional 2015 a la memoria de Jaime Romero.<\/p>\n<p>El integrante de la selecci\u00f3n mexicana de gimnasia fue asesinado el 3 de enero y a m\u00e1s de cuatro meses del hecho, \u00ablas investigaciones s\u00f3lo han arrojado a un presunto asesino\u00bb, inform\u00f3 Jaime Humberto Romero.<\/p>\n<figure id=\"attachment_2842867\" aria-describedby=\"caption-attachment-2842867\" style=\"width: 440px\" class=\"wp-caption alignright\"><a href=\"http:\/\/agpnoticias.com\/news\/dedican-medallas-a-la-memoria-de-jaime-romero\/jaime-humberto-romero-padre-del-gimnasta-encabeza-las-iniciativas-para-exigir-el-esclarecimiento-del-crime\/\" rel=\"attachment wp-att-2842867\"><img decoding=\"async\" class=\"size-full wp-image-2842867\" src=\"http:\/\/agpnoticias.com\/news\/wp-content\/uploads\/2015\/05\/Jaime-Humberto-Romero-padre-del-gimnasta-encabeza-las-iniciativas-para-exigir-el-esclarecimiento-del-crime-e1432067282679.jpg\" alt=\"Jaime Humberto Romero, padre del gimnasta, encabeza las iniciativas para exigir el esclarecimiento del crimen\" width=\"440\" height=\"293\" \/><\/a><figcaption id=\"caption-attachment-2842867\" class=\"wp-caption-text\">Jaime Humberto Romero, padre del gimnasta, encabeza las iniciativas para exigir el esclarecimiento del crimen<\/figcaption><\/figure>\n<p>El padre del gimnasta agradeci\u00f3 \u00abla uni\u00f3n de la gimnasia nacional\u00bb en torno a la serie de homenajes realizados en honor de su hijo con iniciativas que han arrojado la creaci\u00f3n de una asociaci\u00f3n civil cuya finalidad es \u00abcombatir la violencia en Jalisco\u00bb.<\/p>\n<p>\u00abIncluso le hemos entregado al Gobernador del Estado \u00b4La Medalla de la Esperanza\u00b4 como una manera de exigir que se esclarezca el crimen\u00bb perpetrado fuera de un Lienzo Charro de Guadalajara, Jalisco, ya que \u00abhasta el momento no se ha capturado a nadie\u00bb.<\/p>\n<p>\u00abToda la gimnasia nacional ha apoyado la causa. Jaime era muy querido por sus compa\u00f1eros porque los gimnastas se conocen desde muy peque\u00f1os. Adem\u00e1s mi hijo hac\u00eda amistades muy f\u00e1cil y la gente de todos los estados se ha volcado a su homenaje\u00bb, precis\u00f3.<\/p>\n<p>El entrenador de la delegaci\u00f3n jalisciense explic\u00f3 que Jaime Romero \u00abnaci\u00f3 en un entorno de gimnasia. Mi esposa es juez internacional y yo primero fui atleta y ahora soy entrenador\u00bb.<\/p>\n<p>\u00ab\u00c9l empez\u00f3 a los seis a\u00f1os y tuvo muchos logros. Fue al pre panamericano, estuvo en dos mundiales y en el m\u00e1s reciente clasific\u00f3 con el equipo al siguiente mundial dentro de los 24 mejores\u00bb, detall\u00f3. \u00abSiempre fue nuestro orgullo ver que alcanz\u00f3 varios de sus sue\u00f1os como seleccionado nacional y de Jalisco\u00bb.<\/p>\n<p><strong>Antecedentes en Ensenada<\/strong><\/p>\n<p>Jaime Humberto Romero, antes de ser entrenador de gimnasia, fue seleccionado de la disciplina.<\/p>\n<p>Su talento lo llev\u00f3 a ser seguido por el fundador de la disciplina en Baja California, Marcelino Reyes R\u00edos, quien lo invit\u00f3 a integrarse al entonces llamado gimnasio Montserrat, despu\u00e9s conocido como Club de Gimnasia de Ensenada y ahora rebautizado como Elite MARR.<\/p>\n<p>En esa \u00e9poca, mediados de los a\u00f1os ochenta, \u00abhab\u00eda gente de mucho talento que iba a Ensenada como Tel\u00e9sforo Pineda y Jorge Ordo\u00f1ez, y yo tuve la fortuna de estar all\u00e1\u00bb, record\u00f3.<\/p>\n<p>\u00abSe repiti\u00f3 la historia porque Marcelino Reyes nos llev\u00f3 \u00a0de Jalisco a Ensenada a Efra\u00edn Prieto y a m\u00ed, y a\u00f1os despu\u00e9s, ya con \u00d3scar Aguirre como responsable, nuestros hijos, Jaime y Adri\u00e1n tomaron el mismo camino y vivieron un tiempo juntos all\u00e1, entrenando en el mismo gimnasio\u00bb, refiri\u00f3.<\/p>\n<p>Y record\u00f3 que la \u00faltima concentraci\u00f3n que su hijo Jaime realiz\u00f3 como seleccionado nacional fue en Ensenada al lado de Adri\u00e1n Prieto y Daniel Corral, entre otros, antes del Campeonato del Mundo de 2014.<\/p>\n","protected":false},"excerpt":{"rendered":"<p>Monterrey, Nuevo Le\u00f3n.- La delegaci\u00f3n de Jalisco dedic\u00f3 sus logros de la Olimpiada Nacional 2015&#8230;<\/p>\n","protected":false},"author":1,"featured_media":2842866,"comment_status":"closed","ping_status":"closed","sticky":false,"template":"","format":"standard","meta":{"footnotes":""},"categories":[1,7,46],"tags":[],"class_list":["post-2842864","post","type-post","status-publish","format-standard","has-post-thumbnail","hentry","category-uncategorized","category-deportes","category-gimnasia"],"_links":{"self":[{"href":"https:\/\/agpnoticias.com\/news\/index.php?rest_route=\/wp\/v2\/posts\/2842864","targetHints":{"allow":["GET"]}}],"collection":[{"href":"https:\/\/agpnoticias.com\/news\/index.php?rest_route=\/wp\/v2\/posts"}],"about":[{"href":"https:\/\/agpnoticias.com\/news\/index.php?rest_route=\/wp\/v2\/types\/post"}],"author":[{"embeddable":true,"href":"https:\/\/agpnoticias.com\/news\/index.php?rest_route=\/wp\/v2\/users\/1"}],"replies":[{"embeddable":true,"href":"https:\/\/agpnoticias.com\/news\/index.php?rest_route=%2Fwp%2Fv2%2Fcomments&post=2842864"}],"version-history":[{"count":3,"href":"https:\/\/agpnoticias.com\/news\/index.php?rest_route=\/wp\/v2\/posts\/2842864\/revisions"}],"predecessor-version":[{"id":2842869,"href":"https:\/\/agpnoticias.com\/news\/index.php?rest_route=\/wp\/v2\/posts\/2842864\/revisions\/2842869"}],"wp:featuredmedia":[{"embeddable":true,"href":"https:\/\/agpnoticias.com\/news\/index.php?rest_route=\/wp\/v2\/media\/2842866"}],"wp:attachment":[{"href":"https:\/\/agpnoticias.com\/news\/index.php?rest_route=%2Fwp%2Fv2%2Fmedia&parent=2842864"}],"wp:term":[{"taxonomy":"category","embeddable":true,"href":"https:\/\/agpnoticias.com\/news\/index.php?rest_route=%2Fwp%2Fv2%2Fcategories&post=2842864"},{"taxonomy":"post_tag","embeddable":true,"href":"https:\/\/agpnoticias.com\/news\/index.php?rest_route=%2Fwp%2Fv2%2Ftags&post=2842864"}],"curies":[{"name":"wp","href":"https:\/\/api.w.org\/{rel}","templated":true}]}}