{"id":2842879,"date":"2015-05-19T15:06:31","date_gmt":"2015-05-19T22:06:31","guid":{"rendered":"http:\/\/agpnoticias.com\/news\/?p=2842879"},"modified":"2015-05-19T15:08:43","modified_gmt":"2015-05-19T22:08:43","slug":"gana-oros-para-baja-guiado-por-entrenador-de-nuevo-leon","status":"publish","type":"post","link":"https:\/\/agpnoticias.com\/news\/?p=2842879","title":{"rendered":"Gana oros para Baja, guiado por entrenador de Nuevo Le\u00f3n"},"content":{"rendered":"<figure id=\"attachment_2842881\" aria-describedby=\"caption-attachment-2842881\" style=\"width: 336px\" class=\"wp-caption alignright\"><a href=\"http:\/\/agpnoticias.com\/news\/gana-oros-para-baja-guiado-por-entrenador-de-nuevo-leon\/jorge-segovia-es-el-actual-entrenador-de-javier-lopez\/\" rel=\"attachment wp-att-2842881\"><img fetchpriority=\"high\" decoding=\"async\" class=\"size-full wp-image-2842881\" src=\"http:\/\/agpnoticias.com\/news\/wp-content\/uploads\/2015\/05\/Jorge-Segovia-es-el-actual-entrenador-de-Javier-L\u00f3pez.jpg\" alt=\"Jorge Segovia es el actual entrenador de Javier L\u00f3pez\" width=\"336\" height=\"423\" srcset=\"https:\/\/agpnoticias.com\/news\/wp-content\/uploads\/2015\/05\/Jorge-Segovia-es-el-actual-entrenador-de-Javier-L\u00f3pez.jpg 336w, https:\/\/agpnoticias.com\/news\/wp-content\/uploads\/2015\/05\/Jorge-Segovia-es-el-actual-entrenador-de-Javier-L\u00f3pez-159x200.jpg 159w\" sizes=\"(max-width: 336px) 100vw, 336px\" \/><\/a><figcaption id=\"caption-attachment-2842881\" class=\"wp-caption-text\">Jorge Segovia es el actual entrenador de Javier L\u00f3pez<\/figcaption><\/figure>\n<p>Monterrey, Nuevo Le\u00f3n.- Javier L\u00f3pez Viana lider\u00f3 el Campeonato Nacional de Gimnasia y sum\u00f3 tres oros en la Olimpiada Nacional como seleccionado de Baja California, aun cuando su entrenador, Jorge Segovia, viste los colores de Nuevo Le\u00f3n.<\/p>\n<p>\u00abJavier se vino a estudiar al Tecnol\u00f3gico de Monterrey en agosto y sus padres y su entrenador Pavel Oceguera hablaron conmigo para ver si pod\u00eda entrenarlo, y nosotros con todo gusto le abrimos las puertas,\u00a0pero \u00e9l sigue representando a\u00a0Baja California, \u00ab, dijo el t\u00e9cnico.<\/p>\n<p>El \u00faltimo a\u00f1o ha sido el m\u00e1s productivo en la carrera del gimnasta ensenandense, pues gan\u00f3 el concurso all around en el Campeonato Nacional y lider\u00f3 por equipo, en manos libres y barras paralelas durante la Olimpiada Nacional.<\/p>\n<p>\u00abEs un muchacho muy centrado y muy trabajador. Las expectativas con \u00e9l son buenas, tanto que por sus resultados la Federaci\u00f3n Mexicana de Gimnasia ya lo tom\u00f3 en cuenta para la selecci\u00f3n mayor\u00bb, explic\u00f3.<\/p>\n<p>Javier L\u00f3pez Viana viaj\u00f3 el lunes a Portugal a una Copa del Mundo de Especialistas, donde \u00abtomar\u00e1 experiencia y madurez\u00bb.<\/p>\n<p>\u00abNo va en sus aparatos fuertes, va en piso y salto de caballo, pero tiene que echarle todos los kilos para poco a poco ir mejorando\u00bb, coment\u00f3 el entrenador de Nuevo Le\u00f3n que dirige al gimnasta bajacaliforniano.<\/p>\n","protected":false},"excerpt":{"rendered":"<p>Monterrey, Nuevo Le\u00f3n.- Javier L\u00f3pez Viana lider\u00f3 el Campeonato Nacional de Gimnasia y sum\u00f3 tres&#8230;<\/p>\n","protected":false},"author":1,"featured_media":2842880,"comment_status":"closed","ping_status":"closed","sticky":false,"template":"","format":"standard","meta":{"footnotes":""},"categories":[1,73,7,46],"tags":[],"class_list":["post-2842879","post","type-post","status-publish","format-standard","has-post-thumbnail","hentry","category-uncategorized","category-deportebajacalifornia","category-deportes","category-gimnasia"],"_links":{"self":[{"href":"https:\/\/agpnoticias.com\/news\/index.php?rest_route=\/wp\/v2\/posts\/2842879","targetHints":{"allow":["GET"]}}],"collection":[{"href":"https:\/\/agpnoticias.com\/news\/index.php?rest_route=\/wp\/v2\/posts"}],"about":[{"href":"https:\/\/agpnoticias.com\/news\/index.php?rest_route=\/wp\/v2\/types\/post"}],"author":[{"embeddable":true,"href":"https:\/\/agpnoticias.com\/news\/index.php?rest_route=\/wp\/v2\/users\/1"}],"replies":[{"embeddable":true,"href":"https:\/\/agpnoticias.com\/news\/index.php?rest_route=%2Fwp%2Fv2%2Fcomments&post=2842879"}],"version-history":[{"count":2,"href":"https:\/\/agpnoticias.com\/news\/index.php?rest_route=\/wp\/v2\/posts\/2842879\/revisions"}],"predecessor-version":[{"id":2842883,"href":"https:\/\/agpnoticias.com\/news\/index.php?rest_route=\/wp\/v2\/posts\/2842879\/revisions\/2842883"}],"wp:featuredmedia":[{"embeddable":true,"href":"https:\/\/agpnoticias.com\/news\/index.php?rest_route=\/wp\/v2\/media\/2842880"}],"wp:attachment":[{"href":"https:\/\/agpnoticias.com\/news\/index.php?rest_route=%2Fwp%2Fv2%2Fmedia&parent=2842879"}],"wp:term":[{"taxonomy":"category","embeddable":true,"href":"https:\/\/agpnoticias.com\/news\/index.php?rest_route=%2Fwp%2Fv2%2Fcategories&post=2842879"},{"taxonomy":"post_tag","embeddable":true,"href":"https:\/\/agpnoticias.com\/news\/index.php?rest_route=%2Fwp%2Fv2%2Ftags&post=2842879"}],"curies":[{"name":"wp","href":"https:\/\/api.w.org\/{rel}","templated":true}]}}