{"id":2842903,"date":"2015-05-20T16:37:40","date_gmt":"2015-05-20T23:37:40","guid":{"rendered":"http:\/\/agpnoticias.com\/news\/?p=2842903"},"modified":"2015-05-20T16:37:40","modified_gmt":"2015-05-20T23:37:40","slug":"confirman-pelea-de-titulo-mundial-que-transmitira-azteca-desde-ensenada","status":"publish","type":"post","link":"https:\/\/agpnoticias.com\/news\/?p=2842903","title":{"rendered":"Confirman pelea de t\u00edtulo mundial que transmitir\u00e1 Azteca desde Ensenada"},"content":{"rendered":"<figure id=\"attachment_2842920\" aria-describedby=\"caption-attachment-2842920\" style=\"width: 800px\" class=\"wp-caption aligncenter\"><a href=\"http:\/\/agpnoticias.com\/news\/confirman-pelea-de-titulo-mundial-que-transmitira-azteca-desde-ensenada\/sony-dsc-1161\/\" rel=\"attachment wp-att-2842920\"><img fetchpriority=\"high\" decoding=\"async\" class=\"size-full wp-image-2842920\" src=\"http:\/\/agpnoticias.com\/news\/wp-content\/uploads\/2015\/05\/Eduardo-Hern\u00e1ndez-con-Chema-Ocampo-y-Soruyito-Ortega.jpg\" alt=\"Eduardo Hern\u00e1ndez junto a &quot;Chema&quot; Ocampo y &quot;Soruyito&quot; Ortega\" width=\"800\" height=\"536\" srcset=\"https:\/\/agpnoticias.com\/news\/wp-content\/uploads\/2015\/05\/Eduardo-Hern\u00e1ndez-con-Chema-Ocampo-y-Soruyito-Ortega.jpg 800w, https:\/\/agpnoticias.com\/news\/wp-content\/uploads\/2015\/05\/Eduardo-Hern\u00e1ndez-con-Chema-Ocampo-y-Soruyito-Ortega-200x134.jpg 200w\" sizes=\"(max-width: 800px) 100vw, 800px\" \/><\/a><figcaption id=\"caption-attachment-2842920\" class=\"wp-caption-text\">Eduardo Hern\u00e1ndez junto a \u00abChema\u00bb Ocampo y \u00abSoruyito\u00bb Ortega<\/figcaption><\/figure>\n<p>Ensenada, Baja California.- Una pelea de campeonato del mundo y la presencia del equipo de TV Azteca son las principales ofertas realizadas por Hefziba Promotions en sociedad con Zanfer el s\u00e1bado 30 de mayo en el campo Nueva Ensenada.<\/p>\n<p>Julio C\u00e9sar Ch\u00e1vez y Erik \u00abTerrible\u00bb Morales, entre otros, asistir\u00e1n a transmitir la funci\u00f3n que iniciar\u00e1 a las 16:00 horas hasta llegar al pleito estelar entre el campe\u00f3n minimosca de la Federaci\u00f3n Internacional de Boxeo, el tijuanense Javier \u00abCobra\u00bb Mendoza (23-2-1, 19 KO\u2019s), contra el filipino Mil\u00e1n Melindo (32-1-0, 12 KO\u2019s).<\/p>\n<p>Y en la pelea co estelar, que tambi\u00e9n ser\u00e1 televisada por Azteca 7, el ensenadense Carlos \u00abChema\u00bb Ocampo (14-0, 10 KO\u2019s), se medir\u00e1 a Cruz \u00abTepehuano\u00bb Flores en un combate a diez rounds dentro de la divisi\u00f3n de los welter (17-4, 12 KO\u2019s).<\/p>\n<p>La funci\u00f3n se completar\u00e1 con los prospectos de Zanfer, Elvis \u00abRockanrolero\u00bb Torres y Sergio \u00abChecho\u00bb Ortega, as\u00ed como los locales Antonio Ortega, Alberto Ocampo, Agust\u00edn \u00abTowiz\u00bb Camacho. Ra\u00fal Giraldo, Brian Zamarripa, Juan Toscano y Julio C\u00e9sar \u00abSoruyito\u00bb Ortega.<\/p>\n<p>En rueda de prensa, Eduardo Hern\u00e1ndez Arroyo inform\u00f3 que las dos peleas estelares ser\u00e1n transmitidas por Azteca 7, mientras que Azteca Am\u00e9rica y la cadena Sports de Estados Unidos televisar\u00e1n toda la cartelera.<\/p>\n<p>El promotor admiti\u00f3 que ser\u00e1 un reto promover la cartelera con tan poco tiempo por delante, pero confi\u00f3 en que \u00abla calidad de las peleas\u00bb y la presencia de Julio C\u00e9sar Ch\u00e1vez y el equipo de TV Azteca har\u00e1n un \u00e9xito de la funci\u00f3n.<\/p>\n<p>E insisti\u00f3 en que el esfuerzo por trabajar junto a Zanfer fue recompensado, pues realiz\u00f3 antesalas \u00abhasta de horas\u00bb hasta ser atendido por el personal de Fernando Beltr\u00e1n.<\/p>\n<p>El responsable de Hefziba Promotions subray\u00f3 la proyecci\u00f3n que se dar\u00e1 a Ensenada gracias a la difusi\u00f3n que la cartelera tendr\u00e1 a trav\u00e9s de las se\u00f1ales de TV Azteca.<\/p>\n<p>Adem\u00e1s, destac\u00f3 la presencia del anunciador Jimmy Lennon Jr.<\/p>\n<p>Los costos de los boletos ser\u00e1n de 100, 200 y 300 pesos y est\u00e1n a la venta en la tienda Moda Eduardos de Gast\u00e9lum y Segunda y el Bar Di\u00a0Baldoria, de la avenida Ruiz.<\/p>\n","protected":false},"excerpt":{"rendered":"<p>Ensenada, Baja California.- Una pelea de campeonato del mundo y la presencia del equipo de&#8230;<\/p>\n","protected":false},"author":1,"featured_media":2842920,"comment_status":"closed","ping_status":"closed","sticky":false,"template":"","format":"standard","meta":{"footnotes":""},"categories":[1,36,7],"tags":[],"class_list":["post-2842903","post","type-post","status-publish","format-standard","has-post-thumbnail","hentry","category-uncategorized","category-boxeo","category-deportes"],"_links":{"self":[{"href":"https:\/\/agpnoticias.com\/news\/index.php?rest_route=\/wp\/v2\/posts\/2842903","targetHints":{"allow":["GET"]}}],"collection":[{"href":"https:\/\/agpnoticias.com\/news\/index.php?rest_route=\/wp\/v2\/posts"}],"about":[{"href":"https:\/\/agpnoticias.com\/news\/index.php?rest_route=\/wp\/v2\/types\/post"}],"author":[{"embeddable":true,"href":"https:\/\/agpnoticias.com\/news\/index.php?rest_route=\/wp\/v2\/users\/1"}],"replies":[{"embeddable":true,"href":"https:\/\/agpnoticias.com\/news\/index.php?rest_route=%2Fwp%2Fv2%2Fcomments&post=2842903"}],"version-history":[{"count":4,"href":"https:\/\/agpnoticias.com\/news\/index.php?rest_route=\/wp\/v2\/posts\/2842903\/revisions"}],"predecessor-version":[{"id":2842922,"href":"https:\/\/agpnoticias.com\/news\/index.php?rest_route=\/wp\/v2\/posts\/2842903\/revisions\/2842922"}],"wp:featuredmedia":[{"embeddable":true,"href":"https:\/\/agpnoticias.com\/news\/index.php?rest_route=\/wp\/v2\/media\/2842920"}],"wp:attachment":[{"href":"https:\/\/agpnoticias.com\/news\/index.php?rest_route=%2Fwp%2Fv2%2Fmedia&parent=2842903"}],"wp:term":[{"taxonomy":"category","embeddable":true,"href":"https:\/\/agpnoticias.com\/news\/index.php?rest_route=%2Fwp%2Fv2%2Fcategories&post=2842903"},{"taxonomy":"post_tag","embeddable":true,"href":"https:\/\/agpnoticias.com\/news\/index.php?rest_route=%2Fwp%2Fv2%2Ftags&post=2842903"}],"curies":[{"name":"wp","href":"https:\/\/api.w.org\/{rel}","templated":true}]}}