{"id":2842906,"date":"2015-05-20T15:56:01","date_gmt":"2015-05-20T22:56:01","guid":{"rendered":"http:\/\/agpnoticias.com\/news\/?p=2842906"},"modified":"2015-05-20T16:08:23","modified_gmt":"2015-05-20T23:08:23","slug":"juego-de-estrellas-de-lnm-no-sera-en-san-quintin","status":"publish","type":"post","link":"https:\/\/agpnoticias.com\/news\/?p=2842906","title":{"rendered":"Juego de Estrellas de LNM no ser\u00e1 en San Quint\u00edn"},"content":{"rendered":"<figure id=\"attachment_2842909\" aria-describedby=\"caption-attachment-2842909\" style=\"width: 800px\" class=\"wp-caption aligncenter\"><a href=\"http:\/\/agpnoticias.com\/news\/juego-de-estrellas-de-lnm-no-sera-en-san-quintin\/el-juego-de-estrellas-no-sera-en-san-quintin-san-luis-entra-como-sede\/\" rel=\"attachment wp-att-2842909\"><img fetchpriority=\"high\" decoding=\"async\" class=\"size-full wp-image-2842909\" src=\"http:\/\/agpnoticias.com\/news\/wp-content\/uploads\/2015\/05\/El-Juego-de-Estrellas-no-ser\u00e1-en-San-Quint\u00edn-San-Luis-entra-como-sede-e1432162517383.jpg\" alt=\"El Juego de Estrellas no ser\u00e1 en San Quint\u00edn; San Luis entra como sede\" width=\"800\" height=\"699\" \/><\/a><figcaption id=\"caption-attachment-2842909\" class=\"wp-caption-text\">El Juego de Estrellas no ser\u00e1 en San Quint\u00edn; San Luis entra como sede<\/figcaption><\/figure>\n<p>Ensenada, Baja California.- La sustituci\u00f3n de San Luis R\u00edo Colorado por San Quint\u00edn como sede del Juego de Estrellas de la Liga Norte de M\u00e9xico no se debe al conflicto entre jornaleros y ejidatarios en esta delegaci\u00f3n, afirm\u00f3 Jorge Alejandro Rivera M\u00e1rquez.<\/p>\n<p>El presidente del circuito sostuvo que, pese a que San Quint\u00edn fue anunciada como sede desde antes de que iniciara la temporada de la Liga Norte de M\u00e9xico, \u00aben realidad el turno le correspond\u00eda a un equipo de la Zona Este\u00bb el viernes 30 de mayo.<\/p>\n<p>\u00abEl a\u00f1o pasado los Toritos recibieron el Juego de Estrellas como parte de la Zona Oeste, a la que tambi\u00e9n pertenecen los Freseros\u00bb, argument\u00f3.<\/p>\n<p>Cuestionado sobre el conflicto existente en San Quint\u00edn, asegur\u00f3 que \u00abeso no ha sido motivo para suspender ning\u00fan juego de Freseros en lo que va de la temporada\u00bb.<\/p>\n<p>\u00abNo tiene nada que ver. Fue una decisi\u00f3n tomada para que las dos zonas tengan la oportunidad de organizar el Juego de Estrellas\u00bb, apunt\u00f3.<\/p>\n<p>Jorge Rivera precis\u00f3 que todas las actividades ser\u00e1n el viernes 30 de mayo, primero con una comida, el Derby de Jonrones y por \u00faltimo el juego programado a las 19:30 horas en el Estadio Andr\u00e9s Mena Montijo.<\/p>\n<p>El presidente de la Liga Norte de M\u00e9xico indic\u00f3 que Benito Camacho, manager de Freseros, dirigir\u00e1 a la Zona Oeste, mientras que Alejandro Liz\u00e1rraga, de Algodoneros de San Luis, conducir\u00e1 a la Zona Este.<\/p>\n<p>En el equipo del Oeste militar\u00e1n jugadores de los sub campeones Freseros, Marineros de Ensenada, Toritos de Tijuana y Langosteros de Rosarito; y en la Zona Este van elementos de Algodoneros, Centinelas de Mexicali, Tiburones de Puerto Pe\u00f1asco y Diablos de Hermosillo.<\/p>\n","protected":false},"excerpt":{"rendered":"<p>Ensenada, Baja California.- La sustituci\u00f3n de San Luis R\u00edo Colorado por San Quint\u00edn como sede&#8230;<\/p>\n","protected":false},"author":1,"featured_media":2842909,"comment_status":"closed","ping_status":"closed","sticky":false,"template":"","format":"standard","meta":{"footnotes":""},"categories":[1,30,7,18],"tags":[],"class_list":["post-2842906","post","type-post","status-publish","format-standard","has-post-thumbnail","hentry","category-uncategorized","category-beisbol","category-deportes","category-marineros-de-ensenada"],"_links":{"self":[{"href":"https:\/\/agpnoticias.com\/news\/index.php?rest_route=\/wp\/v2\/posts\/2842906","targetHints":{"allow":["GET"]}}],"collection":[{"href":"https:\/\/agpnoticias.com\/news\/index.php?rest_route=\/wp\/v2\/posts"}],"about":[{"href":"https:\/\/agpnoticias.com\/news\/index.php?rest_route=\/wp\/v2\/types\/post"}],"author":[{"embeddable":true,"href":"https:\/\/agpnoticias.com\/news\/index.php?rest_route=\/wp\/v2\/users\/1"}],"replies":[{"embeddable":true,"href":"https:\/\/agpnoticias.com\/news\/index.php?rest_route=%2Fwp%2Fv2%2Fcomments&post=2842906"}],"version-history":[{"count":5,"href":"https:\/\/agpnoticias.com\/news\/index.php?rest_route=\/wp\/v2\/posts\/2842906\/revisions"}],"predecessor-version":[{"id":2842912,"href":"https:\/\/agpnoticias.com\/news\/index.php?rest_route=\/wp\/v2\/posts\/2842906\/revisions\/2842912"}],"wp:featuredmedia":[{"embeddable":true,"href":"https:\/\/agpnoticias.com\/news\/index.php?rest_route=\/wp\/v2\/media\/2842909"}],"wp:attachment":[{"href":"https:\/\/agpnoticias.com\/news\/index.php?rest_route=%2Fwp%2Fv2%2Fmedia&parent=2842906"}],"wp:term":[{"taxonomy":"category","embeddable":true,"href":"https:\/\/agpnoticias.com\/news\/index.php?rest_route=%2Fwp%2Fv2%2Fcategories&post=2842906"},{"taxonomy":"post_tag","embeddable":true,"href":"https:\/\/agpnoticias.com\/news\/index.php?rest_route=%2Fwp%2Fv2%2Ftags&post=2842906"}],"curies":[{"name":"wp","href":"https:\/\/api.w.org\/{rel}","templated":true}]}}