{"id":2842960,"date":"2015-05-21T16:17:44","date_gmt":"2015-05-21T23:17:44","guid":{"rendered":"http:\/\/agpnoticias.com\/news\/?p=2842960"},"modified":"2015-05-21T16:27:47","modified_gmt":"2015-05-21T23:27:47","slug":"insiste-freddy-en-desafiar-a-caad-y-conade-no-programa-a-la-ic-en-el-estatal","status":"publish","type":"post","link":"https:\/\/agpnoticias.com\/news\/?p=2842960","title":{"rendered":"Insiste Freddy en desafiar a CAAD y Conade; no programa a la IC en el estatal"},"content":{"rendered":"<figure id=\"attachment_2842962\" aria-describedby=\"caption-attachment-2842962\" style=\"width: 800px\" class=\"wp-caption aligncenter\"><a href=\"http:\/\/agpnoticias.com\/news\/insiste-freddy-en-desafiar-a-caad-y-conade-no-programa-a-la-ic-en-el-estatal\/la-ic-espera-ser-programada-en-el-estatal-de-primera-fuerza\/\" rel=\"attachment wp-att-2842962\"><img fetchpriority=\"high\" decoding=\"async\" class=\"size-full wp-image-2842962\" src=\"http:\/\/agpnoticias.com\/news\/wp-content\/uploads\/2015\/05\/La-IC-espera-ser-programada-en-el-estatal-de-primera-fuerza.jpg\" alt=\"La IC espera ser programada en el estatal de primera fuerza\" width=\"800\" height=\"462\" srcset=\"https:\/\/agpnoticias.com\/news\/wp-content\/uploads\/2015\/05\/La-IC-espera-ser-programada-en-el-estatal-de-primera-fuerza.jpg 800w, https:\/\/agpnoticias.com\/news\/wp-content\/uploads\/2015\/05\/La-IC-espera-ser-programada-en-el-estatal-de-primera-fuerza-200x116.jpg 200w\" sizes=\"(max-width: 800px) 100vw, 800px\" \/><\/a><figcaption id=\"caption-attachment-2842962\" class=\"wp-caption-text\">La IC espera ser programada en el estatal de primera fuerza<\/figcaption><\/figure>\n<p>Ensenada, Baja California.- Si Freddy Lugo no programa a la Liga Industrial Comercial en el Campeonato Estatal de Beisbol de Primera Fuerza incluir\u00e1 en su expediente un desacato m\u00e1s a una orden de la Comisi\u00f3n de Apelaci\u00f3n y Arbitraje del Deporte (CAAD).<\/p>\n<p>De acuerdo al expediente (CAAD-RA-38\/2015) que obra en poder de Mart\u00edn Sauceda, titular de la Liga Industrial Comercial, el presidente de la Asociaci\u00f3n Estatal de Beisbol ha recibido la orden de programar a la selecci\u00f3n ensenadense en la competencia.<\/p>\n<p><em>\u00abSe le ordena mantener las cosas en el estado en que actualmente se encuentran, es decir, que la Liga Industrial Comercial de Ensenada, asociaci\u00f3n civil, contin\u00fae gozando de sus derechos y prerrogativas como afiliada a la Asociaci\u00f3n Estatal de Beisbol de Baja California, asociaci\u00f3n civil, lo que involucra el que dicha liga pueda participar en cualquier evento convocado por la citada Asociaci\u00f3n, incluido el campeonato estatal de primera fuerza 2015\u00bb<\/em>, indica parte del documento.<\/p>\n<p>Freddy Lugo ya tiene una serie de demandas por parte de las ligas ensenadenses Industrial Comercial y Rural por haber afectado a sus integrantes con decisiones que la CAAD consider\u00f3 arbitrarias desde mediados de 2014.<\/p>\n<p>Todos los recursos ya se encuentran en posesi\u00f3n de la Comisi\u00f3n Nacional del Deporte (Conade), \u00f3rgano que dictaminar\u00e1 las sanciones luego de los veredictos de la CAAD.<\/p>\n<p>Sin embargo, el directivo estatal, tras marginar con sus decisiones a las selecciones de esas ligas en los estatales de primera fuerza y nuevos valores, ha insistido en inhabilitar a ambos organismos de la siguiente competencia oficial.<\/p>\n<p>En particular, durante la semana present\u00f3 el rol de juegos del Campeonato Estatal de Beisbol de Primera Fuerza 2015, donde no aparece programada la Liga Industrial Comercial.<\/p>\n<p>\u00abLo que Freddy Lugo est\u00e1 haciendo es desafiar nuevamente a la CAAD, que ahora no le est\u00e1 pidiendo que nos programe, se lo est\u00e1 exigiendo\u00bb, indic\u00f3 Mart\u00edn Sauceda.<\/p>\n<p>El presidente de la Liga Industrial Comercial dijo que sus afiliados se encuentran en espera de ser programados a trav\u00e9s de un comunicado oficial que env\u00ede el presidente de la Asociaci\u00f3n Estatal.<\/p>\n<p>\u00abA estas alturas nosotros no vamos a desistir; seremos pacientes hasta que se haga justicia\u00bb, dijo. \u00abSi quiere afectarnos como lo ha hecho desde hace un a\u00f1o porque no votamos por \u00e9l en su reelecci\u00f3n, acudiremos cuantas veces sea necesario a la CAAD\u00bb.<\/p>\n<p>Y consider\u00f3 que la Liga IC se encuentra \u00aben una lucha desigual porque este se\u00f1or es apoyado por la Federaci\u00f3n Mexicana de Beisbol a nivel nacional, as\u00ed como por el INDE (Instituto del Deporte de Baja California) en el estado\u00bb.<\/p>\n<p>\u00abYa en el estatal Nuevos Valores dej\u00f3 a muchos j\u00f3venes sin jugar y piensa volver a hacerlo en el estatal de primera fuerza, porque las autoridades se lo permiten y no son capaces de ponerle un alto\u00bb, precis\u00f3.<\/p>\n<p>Incluso sostuvo que Freddy Lugo, durante una reuni\u00f3n en la que estuvo presente el director del INDE, Sa\u00fal Castro, le ofreci\u00f3 disculpas y le prometi\u00f3 programarlo, sin represalias de por medio, a cambio de que desistiera de continuar con sus demandas ante la CAAD.<\/p>\n<p>\u00abEn esa reuni\u00f3n me pidieron que firmara para desistirme de los recursos ante la CAAD, pero no vamos a ceder a presiones\u00bb, apunt\u00f3. \u00abY si no nos programa en el estatal de primera fuerza, ya no se estar\u00e1 metiendo s\u00f3lo con la Liga IC, sino que estar\u00e1 desafiando a la CAAD y a Conade\u00bb.<\/p>\n<p>Mart\u00edn Sauceda dijo que la pre selecci\u00f3n de la Liga Industrial Comercial ya fue conformada y sus jugadores est\u00e1n citados martes y jueves en el campo Alberto Mancilla Ponce.<\/p>\n<p><strong>Pre selecci\u00f3n de la Liga Industrial Comercial<\/strong><\/p>\n<p>Adri\u00e1n Guti\u00e9rrez<\/p>\n<p>Alejandro Garc\u00eda<\/p>\n<p>Alejandro Sol\u00eds<\/p>\n<p>C\u00e9sar Baguer<\/p>\n<p>Christian Mancilla<\/p>\n<p>Dami\u00e1n Patr\u00f3n<\/p>\n<p>Daniel Esquer<\/p>\n<p>Diego Piceno<\/p>\n<p>Eduardo Mel\u00e9ndrez<\/p>\n<p>Helder Romero<\/p>\n<p>Erik Zepeda<\/p>\n<p>Esteban Arce<\/p>\n<p>Esteban Sol\u00eds<\/p>\n<p>Francisco Burgos<\/p>\n<p>Francisco Dom\u00ednguez<\/p>\n<p>Francisco Valenzuela<\/p>\n<p>Gibr\u00e1n Montoya<\/p>\n<p>H\u00e9ctor J\u00e1uregui<\/p>\n<p>Ildefonso de la Toba<\/p>\n<p>Jes\u00fas Mart\u00ednez<\/p>\n<p>Jorge Luis Villavicencio<\/p>\n<p>Juan Carlos Arias<\/p>\n<p>Juan Rodr\u00edguez<\/p>\n<p>Luis Adri\u00e1n<\/p>\n<p>Luis \u00c1ngel Cece\u00f1a<\/p>\n<p>Luis Andr\u00e9s Lere\u00e9<\/p>\n<p>Manuel Bello<\/p>\n<p>Marco Antonio Peralta<\/p>\n<p>Marco Mosqueira<\/p>\n<p>Ricardo Guzm\u00e1n<\/p>\n<p>Ricardo Mu\u00f1oz<\/p>\n<p>Roberto Sol\u00eds<\/p>\n<p>Rodolfo S\u00e1ndez<\/p>\n<p>Rom\u00e1n Rivas<\/p>\n<p>Romel Verdugo<\/p>\n<p>Sa\u00fal Arce<\/p>\n<p><strong>Manager<\/strong><\/p>\n<p>Manuel Mancilla<\/p>\n","protected":false},"excerpt":{"rendered":"<p>Ensenada, Baja California.- Si Freddy Lugo no programa a la Liga Industrial Comercial en el&#8230;<\/p>\n","protected":false},"author":1,"featured_media":2842962,"comment_status":"closed","ping_status":"closed","sticky":false,"template":"","format":"standard","meta":{"footnotes":""},"categories":[1,30,20,7],"tags":[],"class_list":["post-2842960","post","type-post","status-publish","format-standard","has-post-thumbnail","hentry","category-uncategorized","category-beisbol","category-beisbol-industrial-y-comercial","category-deportes"],"_links":{"self":[{"href":"https:\/\/agpnoticias.com\/news\/index.php?rest_route=\/wp\/v2\/posts\/2842960","targetHints":{"allow":["GET"]}}],"collection":[{"href":"https:\/\/agpnoticias.com\/news\/index.php?rest_route=\/wp\/v2\/posts"}],"about":[{"href":"https:\/\/agpnoticias.com\/news\/index.php?rest_route=\/wp\/v2\/types\/post"}],"author":[{"embeddable":true,"href":"https:\/\/agpnoticias.com\/news\/index.php?rest_route=\/wp\/v2\/users\/1"}],"replies":[{"embeddable":true,"href":"https:\/\/agpnoticias.com\/news\/index.php?rest_route=%2Fwp%2Fv2%2Fcomments&post=2842960"}],"version-history":[{"count":4,"href":"https:\/\/agpnoticias.com\/news\/index.php?rest_route=\/wp\/v2\/posts\/2842960\/revisions"}],"predecessor-version":[{"id":2842965,"href":"https:\/\/agpnoticias.com\/news\/index.php?rest_route=\/wp\/v2\/posts\/2842960\/revisions\/2842965"}],"wp:featuredmedia":[{"embeddable":true,"href":"https:\/\/agpnoticias.com\/news\/index.php?rest_route=\/wp\/v2\/media\/2842962"}],"wp:attachment":[{"href":"https:\/\/agpnoticias.com\/news\/index.php?rest_route=%2Fwp%2Fv2%2Fmedia&parent=2842960"}],"wp:term":[{"taxonomy":"category","embeddable":true,"href":"https:\/\/agpnoticias.com\/news\/index.php?rest_route=%2Fwp%2Fv2%2Fcategories&post=2842960"},{"taxonomy":"post_tag","embeddable":true,"href":"https:\/\/agpnoticias.com\/news\/index.php?rest_route=%2Fwp%2Fv2%2Ftags&post=2842960"}],"curies":[{"name":"wp","href":"https:\/\/api.w.org\/{rel}","templated":true}]}}