{"id":2842966,"date":"2015-05-21T16:41:58","date_gmt":"2015-05-21T23:41:58","guid":{"rendered":"http:\/\/agpnoticias.com\/news\/?p=2842966"},"modified":"2015-05-21T16:44:29","modified_gmt":"2015-05-21T23:44:29","slug":"2842966","status":"publish","type":"post","link":"https:\/\/agpnoticias.com\/news\/?p=2842966","title":{"rendered":"Avala Sulaim\u00e1n otra oportunidad de campeonato para \u00abSheke\u00bb"},"content":{"rendered":"<figure id=\"attachment_2842967\" aria-describedby=\"caption-attachment-2842967\" style=\"width: 800px\" class=\"wp-caption aligncenter\"><a href=\"http:\/\/agpnoticias.com\/news\/2842966\/sheke-aviles-volvera-a-pelear-por-el-cinto-juvenil-plata-del-cmb\/\" rel=\"attachment wp-att-2842967\"><img fetchpriority=\"high\" decoding=\"async\" class=\"size-full wp-image-2842967\" src=\"http:\/\/agpnoticias.com\/news\/wp-content\/uploads\/2015\/05\/Sheke-Avil\u00e9s-volver\u00e1-a-pelear-por-el-cinto-juvenil-plata-del-CMB.jpg\" alt=\"&quot;Sheke&quot; Avil\u00e9s volver\u00e1 a pelear por el cinto juvenil plata del CMB\" width=\"800\" height=\"533\" srcset=\"https:\/\/agpnoticias.com\/news\/wp-content\/uploads\/2015\/05\/Sheke-Avil\u00e9s-volver\u00e1-a-pelear-por-el-cinto-juvenil-plata-del-CMB.jpg 800w, https:\/\/agpnoticias.com\/news\/wp-content\/uploads\/2015\/05\/Sheke-Avil\u00e9s-volver\u00e1-a-pelear-por-el-cinto-juvenil-plata-del-CMB-200x133.jpg 200w\" sizes=\"(max-width: 800px) 100vw, 800px\" \/><\/a><figcaption id=\"caption-attachment-2842967\" class=\"wp-caption-text\">\u00abSheke\u00bb Avil\u00e9s volver\u00e1 a pelear por el cinto juvenil plata del CMB<\/figcaption><\/figure>\n<p>Tijuana, Baja California.- Ezequiel \u00abSheke\u00bb Avil\u00e9s tendr\u00e1 una nueva oportunidad de disputar el campeonato ligero juvenil plata del Consejo Mundial de Boxeo el 3 de julio en el gimnasio municipal \u00d3scar \u00abTigre\u00bb Garc\u00eda.<\/p>\n<figure id=\"attachment_2842968\" aria-describedby=\"caption-attachment-2842968\" style=\"width: 440px\" class=\"wp-caption alignright\"><a href=\"http:\/\/agpnoticias.com\/news\/2842966\/ramon-marchena-junto-su-tio-del-mismo-nombre-y-mauricio-sulaiman-titular-del-cmb\/\" rel=\"attachment wp-att-2842968\"><img decoding=\"async\" class=\"size-full wp-image-2842968\" src=\"http:\/\/agpnoticias.com\/news\/wp-content\/uploads\/2015\/05\/Ram\u00f3n-Marchena-junto-su-t\u00edo-del-mismo-nombre-y-Mauricio-Sulaim\u00e1n-titular-del-CMB-e1432251692803.jpg\" alt=\"Ram\u00f3n Marchena junto su t\u00edo del mismo nombre y Mauricio Sulaim\u00e1n, titular del CMB\" width=\"440\" height=\"440\" \/><\/a><figcaption id=\"caption-attachment-2842968\" class=\"wp-caption-text\">Ram\u00f3n Marchena junto su t\u00edo del mismo nombre y Mauricio Sulaim\u00e1n, titular del CMB<\/figcaption><\/figure>\n<p>El peleador local se medir\u00e1 al tijuanense Erik \u00abFacebook\u00bb Mart\u00ednez por el cetro que dej\u00f3 vacante el tapat\u00edo Abraham \u00abBombi\u00bb Cordero, quien perdi\u00f3 el t\u00edtulo en la b\u00e1scula previo al empate con \u00abSheke\u00bb Avil\u00e9s el s\u00e1bado 25 de abril en el deportivo Antonio Palacios de Ensenada.<\/p>\n<p>\u00abEl titular del CMB, Mauricio Sulaim\u00e1n me lo confirm\u00f3. Le explicamos que \u00b4Sheke\u00b4 hab\u00eda empatado con \u00b4Bombi\u00b4 y aval\u00f3 que fuera por el t\u00edtulo nuevamente, ahora con \u00b4Facebook\u00b4 Mart\u00ednez, que tiene r\u00e9cord de 12-1\u00bb, confirm\u00f3 Ram\u00f3n Marchena S\u00e1ndez.<\/p>\n<p>El promotor ensenadense agreg\u00f3 que Sulaim\u00e1n valor\u00f3 el hecho de que su empresa fuera paciente hasta contar con el aval del CMB para presentar la pelea de \u00abSheke\u00bb Avil\u00e9s y \u00abBombi\u00bb Cordero, en lugar de aceptar otro tipo de campeonatos que carecen de valor.<\/p>\n<p>\u00abMe dijo que la empresa estar\u00e1 considerada para que nuestros boxeadores sean considerados en las clasificaciones del CMB\u00bb, apunt\u00f3.<\/p>\n<p>Adem\u00e1s de la pelea de campeonato, Ram\u00f3n Marchena inform\u00f3 que \u00c1ngel \u00abDiablito\u00bb Ramos, Katy Guti\u00e9rrez, Alexis Canett, Jes\u00fas P\u00e9rez, Roberto \u00abChapul\u00edn\u00bb Rivera y Carlos \u00abGallito\u00bb Morgan completar\u00e1n la cartelera.<\/p>\n","protected":false},"excerpt":{"rendered":"<p>Tijuana, Baja California.- Ezequiel \u00abSheke\u00bb Avil\u00e9s tendr\u00e1 una nueva oportunidad de disputar el campeonato ligero&#8230;<\/p>\n","protected":false},"author":1,"featured_media":2842967,"comment_status":"closed","ping_status":"closed","sticky":false,"template":"","format":"standard","meta":{"footnotes":""},"categories":[1,36,7],"tags":[],"class_list":["post-2842966","post","type-post","status-publish","format-standard","has-post-thumbnail","hentry","category-uncategorized","category-boxeo","category-deportes"],"_links":{"self":[{"href":"https:\/\/agpnoticias.com\/news\/index.php?rest_route=\/wp\/v2\/posts\/2842966","targetHints":{"allow":["GET"]}}],"collection":[{"href":"https:\/\/agpnoticias.com\/news\/index.php?rest_route=\/wp\/v2\/posts"}],"about":[{"href":"https:\/\/agpnoticias.com\/news\/index.php?rest_route=\/wp\/v2\/types\/post"}],"author":[{"embeddable":true,"href":"https:\/\/agpnoticias.com\/news\/index.php?rest_route=\/wp\/v2\/users\/1"}],"replies":[{"embeddable":true,"href":"https:\/\/agpnoticias.com\/news\/index.php?rest_route=%2Fwp%2Fv2%2Fcomments&post=2842966"}],"version-history":[{"count":4,"href":"https:\/\/agpnoticias.com\/news\/index.php?rest_route=\/wp\/v2\/posts\/2842966\/revisions"}],"predecessor-version":[{"id":2842972,"href":"https:\/\/agpnoticias.com\/news\/index.php?rest_route=\/wp\/v2\/posts\/2842966\/revisions\/2842972"}],"wp:featuredmedia":[{"embeddable":true,"href":"https:\/\/agpnoticias.com\/news\/index.php?rest_route=\/wp\/v2\/media\/2842967"}],"wp:attachment":[{"href":"https:\/\/agpnoticias.com\/news\/index.php?rest_route=%2Fwp%2Fv2%2Fmedia&parent=2842966"}],"wp:term":[{"taxonomy":"category","embeddable":true,"href":"https:\/\/agpnoticias.com\/news\/index.php?rest_route=%2Fwp%2Fv2%2Fcategories&post=2842966"},{"taxonomy":"post_tag","embeddable":true,"href":"https:\/\/agpnoticias.com\/news\/index.php?rest_route=%2Fwp%2Fv2%2Ftags&post=2842966"}],"curies":[{"name":"wp","href":"https:\/\/api.w.org\/{rel}","templated":true}]}}