{"id":2842987,"date":"2015-05-22T13:46:20","date_gmt":"2015-05-22T20:46:20","guid":{"rendered":"http:\/\/agpnoticias.com\/news\/?p=2842987"},"modified":"2015-06-04T22:47:15","modified_gmt":"2015-06-05T05:47:15","slug":"la-columna-de-los-toros-12","status":"publish","type":"post","link":"https:\/\/agpnoticias.com\/news\/?p=2842987","title":{"rendered":"LA COLUMNA DE LOS TOROS"},"content":{"rendered":"<p><strong>Por Armando Esquivel<\/strong><\/p>\n<p><strong>Por las nubes con los Toros<\/strong><\/p>\n<p>Hay quien piensa que la vida de los beisbolistas en las giras es algo muy parecido a unas vacaciones con todos los gastos pagados. Viajando con el equipo me he dado cuenta que esa habitual percepci\u00f3n est\u00e1 muy alejada de la realidad; quiz\u00e1 lo \u00fanico en que pudiera coincidir es en el concepto de gastos pagados, pero por todo lo dem\u00e1s, los viajes de Toros de Tijuana est\u00e1n muy lejos de ser unas vacaciones. Para no ir muy lejos, ayer (jueves) el equipo jug\u00f3 contra Saraperos de Saltillo en el estadio Gasmart en un partido que finaliz\u00f3 a las 22:00 horas y el equipo s\u00f3lo tuvo tiempo de ba\u00f1arse, cenar y quiz\u00e1 los m\u00e1s afortunados pudieron dormir unas dos horas antes de levantarse y encaminarse al aeropuerto para tomar el vuelo 490 de Volaris con destino a Aguascalientes, donde ma\u00f1ana (s\u00e1bado) inician serie a las 14;00 horas (12:00 horas de Tijuana) en el estadio Alberto Romo Cb\u00e1vez. Fernando Valenzuela Jr. fue el primero en llegar a la terminal a\u00e9rea de Tijuana cuando el reloj apenas pasaba de las 3:30 horas; ya luego aparecieron Eddie D\u00edaz y su hijo Tyler, seguidos unos minutos despu\u00e9s por Terance Marin, Barry Enright, Rafal D\u00edaz, Jos\u00e9 Contrera y mi colega el cronista Juan \u00c1ngel \u00c1vila. Al final todos llegaron a la cita, pero en sus caras se notaba el cansancio y el desvelo tras mantener viva la jornada de un d\u00eda anterior. Vuelo lleno dentro de la aeronave que se encamin\u00f3 a la pista un par de minutos despu\u00e9s de las 6:00 horas para elevarse por encima de la ciudad cuando apenas el sol se encend\u00eda sobre la frontera m\u00e1s visitada del mundo, en un viernes nublado y de \u201cdescanso\u201d para los Toros. Pocos de los jugadores pasaron el despegue despiertos, la mayor\u00eda ya dorm\u00eda cuando el \u201cave de hierro\u201d surcaba los vientos justo por encima del estadio Caliente, casa de los Xoloitzcuintles que junto a Toros y Zonkeys, componen la oferta deportiva en la ciudad. Dos horas y cuarenta minutos despu\u00e9s se decreta el \u201cTouchdown\u201d y el avi\u00f3n centra la pista para aterrizar en tierras hidroc\u00e1lidas, donde luego del desembarque se toma rumbo al hotel Fiesta Americana, inmueble que servir\u00e1 de base a los Toros de Tijuana durante su estancia en esta ciudad que acaba de ser sede de una edici\u00f3n de la Feria de San Marcos. La primera encomienda para los peloteros y cuerpo t\u00e9cnico al llegar al hotel es la comida pactada de 12:00 a 14:00 horas y de ah\u00ed, la gran mayor\u00eda a dormir y recuperar energ\u00eda para ma\u00f1ana (s\u00e1bado) que se abra la serie. Un viaje relativamente corto que se vuelve muy cansado por la conjugaci\u00f3n del horario de salida y el del juego del d\u00eda anterior, sin embargo, se prefiere tomar este vuelo por tratarse de una traves\u00eda directa y que les regala toda una tarde libre a los peloteros ya en el lugar de juego. Ma\u00f1ana (s\u00e1bado) el juego ser\u00e1 a las 12:00 horas (horario de Tijuana) luego de haberse adelantado el inicio debido a que a tan s\u00f3lo unos cuantos metros el Necaxa se medir\u00e1 a Dorados de Sinaloa en el Juego de Ida de la gran final de la Liga de Ascenso; sobre decir que quien gane jugar\u00e1 en la Primera Divisi\u00f3n a partir del pr\u00f3ximo torneo. Al ratito le seguimos ya en el hotel. \u201cYa con esta me despido, voy a ver al Comandante, hasta la victoria siempre, hasta siempre y adelante\u201d. Nos vemos en la parte alta del estadio Gasmart SDQ Y a 35 mil pies de altura\u2026\u2026.Goodbye Horses\u2026..!!!!<\/p>\n<p>aesquivel@torosdetijuana.com<\/p>\n<p>Twitter; @paupa11<\/p>\n<figure id=\"attachment_2355263\" aria-describedby=\"caption-attachment-2355263\" style=\"width: 300px\" class=\"wp-caption alignleft\"><a href=\"http:\/\/agpnoticias.com\/news\/?attachment_id=2355263\" rel=\"attachment wp-att-2355263\"><img decoding=\"async\" class=\"size-full wp-image-2355263\" src=\"http:\/\/agpnoticias.com\/news\/wp-content\/uploads\/2015\/02\/COLUMNAS-ARMANDO-ESQUIVEL.png\" alt=\"Armando Esquivel, Gerente de Medios de Toros de Tijuana. Licenciado en derecho por la UABC. Fue reportero de Sol de Tijuana y ESTO.  Tambi\u00e9n desempe\u00f1\u00f3 funciones de reportero y editor de deportes de Fronteta Tijuana, Frontera Ensenada, Frontera San Diego y La Cr\u00f3nica de Mexicali.\" width=\"300\" height=\"100\" srcset=\"https:\/\/agpnoticias.com\/news\/wp-content\/uploads\/2015\/02\/COLUMNAS-ARMANDO-ESQUIVEL.png 300w, https:\/\/agpnoticias.com\/news\/wp-content\/uploads\/2015\/02\/COLUMNAS-ARMANDO-ESQUIVEL-200x67.png 200w, https:\/\/agpnoticias.com\/news\/wp-content\/uploads\/2015\/02\/COLUMNAS-ARMANDO-ESQUIVEL-128x43.png 128w, https:\/\/agpnoticias.com\/news\/wp-content\/uploads\/2015\/02\/COLUMNAS-ARMANDO-ESQUIVEL-32x11.png 32w\" sizes=\"(max-width: 300px) 100vw, 300px\" \/><\/a><figcaption id=\"caption-attachment-2355263\" class=\"wp-caption-text\">Armando Esquivel, Gerente de Medios de Toros de Tijuana.<br \/>Licenciado en derecho por la UABC.<br \/>Fue reportero de Sol de Tijuana y ESTO.<br \/>Tambi\u00e9n desempe\u00f1\u00f3 funciones de reportero y editor de deportes de Fronteta Tijuana, Frontera Ensenada, Frontera San Diego y La Cr\u00f3nica de Mexicali.<\/figcaption><\/figure>\n","protected":false},"excerpt":{"rendered":"<p>Por Armando Esquivel Por las nubes con los Toros Hay quien piensa que la vida&#8230;<\/p>\n","protected":false},"author":15,"featured_media":2842988,"comment_status":"closed","ping_status":"closed","sticky":false,"template":"","format":"standard","meta":{"footnotes":""},"categories":[1,142,141,7],"tags":[],"class_list":["post-2842987","post","type-post","status-publish","format-standard","has-post-thumbnail","hentry","category-uncategorized","category-toros-de-tijuana-de-armando-esquivel","category-columnas","category-deportes"],"_links":{"self":[{"href":"https:\/\/agpnoticias.com\/news\/index.php?rest_route=\/wp\/v2\/posts\/2842987","targetHints":{"allow":["GET"]}}],"collection":[{"href":"https:\/\/agpnoticias.com\/news\/index.php?rest_route=\/wp\/v2\/posts"}],"about":[{"href":"https:\/\/agpnoticias.com\/news\/index.php?rest_route=\/wp\/v2\/types\/post"}],"author":[{"embeddable":true,"href":"https:\/\/agpnoticias.com\/news\/index.php?rest_route=\/wp\/v2\/users\/15"}],"replies":[{"embeddable":true,"href":"https:\/\/agpnoticias.com\/news\/index.php?rest_route=%2Fwp%2Fv2%2Fcomments&post=2842987"}],"version-history":[{"count":1,"href":"https:\/\/agpnoticias.com\/news\/index.php?rest_route=\/wp\/v2\/posts\/2842987\/revisions"}],"predecessor-version":[{"id":2842989,"href":"https:\/\/agpnoticias.com\/news\/index.php?rest_route=\/wp\/v2\/posts\/2842987\/revisions\/2842989"}],"wp:featuredmedia":[{"embeddable":true,"href":"https:\/\/agpnoticias.com\/news\/index.php?rest_route=\/wp\/v2\/media\/2842988"}],"wp:attachment":[{"href":"https:\/\/agpnoticias.com\/news\/index.php?rest_route=%2Fwp%2Fv2%2Fmedia&parent=2842987"}],"wp:term":[{"taxonomy":"category","embeddable":true,"href":"https:\/\/agpnoticias.com\/news\/index.php?rest_route=%2Fwp%2Fv2%2Fcategories&post=2842987"},{"taxonomy":"post_tag","embeddable":true,"href":"https:\/\/agpnoticias.com\/news\/index.php?rest_route=%2Fwp%2Fv2%2Ftags&post=2842987"}],"curies":[{"name":"wp","href":"https:\/\/api.w.org\/{rel}","templated":true}]}}