{"id":2842995,"date":"2015-05-22T17:26:27","date_gmt":"2015-05-23T00:26:27","guid":{"rendered":"http:\/\/agpnoticias.com\/news\/?p=2842995"},"modified":"2015-05-22T17:26:27","modified_gmt":"2015-05-23T00:26:27","slug":"manager-jugador-con-experiencia-en-el-ramo","status":"publish","type":"post","link":"https:\/\/agpnoticias.com\/news\/?p=2842995","title":{"rendered":"Manager-jugador con experiencia en el ramo"},"content":{"rendered":"<figure id=\"attachment_2843007\" aria-describedby=\"caption-attachment-2843007\" style=\"width: 800px\" class=\"wp-caption aligncenter\"><a href=\"http:\/\/agpnoticias.com\/news\/manager-jugador-con-experiencia-en-el-ramo\/roberto-carlos-mendez-3\/\" rel=\"attachment wp-att-2843007\"><img fetchpriority=\"high\" decoding=\"async\" class=\"size-full wp-image-2843007\" src=\"http:\/\/agpnoticias.com\/news\/wp-content\/uploads\/2015\/05\/Roberto-Carlos-M\u00e9ndez.jpg\" alt=\"Roberto Carlos M\u00e9ndez\" width=\"800\" height=\"533\" srcset=\"https:\/\/agpnoticias.com\/news\/wp-content\/uploads\/2015\/05\/Roberto-Carlos-M\u00e9ndez.jpg 800w, https:\/\/agpnoticias.com\/news\/wp-content\/uploads\/2015\/05\/Roberto-Carlos-M\u00e9ndez-200x133.jpg 200w\" sizes=\"(max-width: 800px) 100vw, 800px\" \/><\/a><figcaption id=\"caption-attachment-2843007\" class=\"wp-caption-text\">Roberto Carlos M\u00e9ndez<\/figcaption><\/figure>\n<p>Ensenada, Baja California.- Roberto Carlos M\u00e9ndez no desconoce la tarea que le ha sido asignada en Marineros de Ensenada.<\/p>\n<p>Adem\u00e1s de ser uno de los bateadores m\u00e1s consistentes de Liga Mexicana por varios a\u00f1os, tambi\u00e9n ha entrado al quite como manager en otras tres organizaciones, cuando as\u00ed le ha sido solicitado.<\/p>\n<p>\u00abEsto no es algo nuevo para m\u00ed\u00bb, dijo tras la partida repentina de Lino Conell despu\u00e9s de una semana de trabajo en Ensenada.<\/p>\n<p>\u00abYa tengo dirigiendo dos a\u00f1os en la Liga Invernal Veracruzana, donde fui sub campe\u00f3n con Gallos de Mendoza y luego particip\u00e9 con Tucanes de Chiapas; adem\u00e1s estuve al frente de Reynosa la segunda mitad de la temporada en Liga Mexicana\u00bb, refiri\u00f3.<\/p>\n<p>El bateador zurdo que ha llegado a Marineros gracias al convenio en la organizaci\u00f3n de Diablos Rojos del M\u00e9xico, explic\u00f3 que en los tres equipos ha compartido ambas funciones.<\/p>\n<p>\u00abLo hago pero juego menos, me siento m\u00e1s a dirigir porque no es f\u00e1cil hacer las dos cosas y pensar los movimientos; aqu\u00ed en Ensenada ser\u00e1 igual y jugar\u00e9 cuando crea que se ocupe, m\u00e1s como emergente\u00bb, apunt\u00f3.<\/p>\n<p>Sobre el repunte de Marineros con la llegada de Lino Conell apenas en una semana, consider\u00f3 que el cambio radic\u00f3 \u00aben una mayor intensidad que les fue solicitada a los jugadores, que\u00a0los pitchers tuvieran m\u00e1s confianza, igual que los bateadores en home plate.<\/p>\n<p>\u00abY al parecer se tom\u00f3 mayor seguridad en estas \u00faltimas series porque hab\u00eda desconfianza luego de tantas derrotas\u00bb, apunt\u00f3.\u00a0Por el momento, \u00abtrabajo de manera interina y lo hago con entusiasmo porque recibo a un equipo embalado\u00bb.<\/p>\n<p>Los Marineros perdieron el jueves por la noche el \u00faltimo juego de la serie contra los Toritos de Tijuana, y a partir del viernes reciben a los Centinelas de Mexicali.<\/p>\n","protected":false},"excerpt":{"rendered":"<p>Ensenada, Baja California.- Roberto Carlos M\u00e9ndez no desconoce la tarea que le ha sido asignada&#8230;<\/p>\n","protected":false},"author":1,"featured_media":2843007,"comment_status":"closed","ping_status":"closed","sticky":false,"template":"","format":"standard","meta":{"footnotes":""},"categories":[1,30,7,18],"tags":[],"class_list":["post-2842995","post","type-post","status-publish","format-standard","has-post-thumbnail","hentry","category-uncategorized","category-beisbol","category-deportes","category-marineros-de-ensenada"],"_links":{"self":[{"href":"https:\/\/agpnoticias.com\/news\/index.php?rest_route=\/wp\/v2\/posts\/2842995","targetHints":{"allow":["GET"]}}],"collection":[{"href":"https:\/\/agpnoticias.com\/news\/index.php?rest_route=\/wp\/v2\/posts"}],"about":[{"href":"https:\/\/agpnoticias.com\/news\/index.php?rest_route=\/wp\/v2\/types\/post"}],"author":[{"embeddable":true,"href":"https:\/\/agpnoticias.com\/news\/index.php?rest_route=\/wp\/v2\/users\/1"}],"replies":[{"embeddable":true,"href":"https:\/\/agpnoticias.com\/news\/index.php?rest_route=%2Fwp%2Fv2%2Fcomments&post=2842995"}],"version-history":[{"count":5,"href":"https:\/\/agpnoticias.com\/news\/index.php?rest_route=\/wp\/v2\/posts\/2842995\/revisions"}],"predecessor-version":[{"id":2843009,"href":"https:\/\/agpnoticias.com\/news\/index.php?rest_route=\/wp\/v2\/posts\/2842995\/revisions\/2843009"}],"wp:featuredmedia":[{"embeddable":true,"href":"https:\/\/agpnoticias.com\/news\/index.php?rest_route=\/wp\/v2\/media\/2843007"}],"wp:attachment":[{"href":"https:\/\/agpnoticias.com\/news\/index.php?rest_route=%2Fwp%2Fv2%2Fmedia&parent=2842995"}],"wp:term":[{"taxonomy":"category","embeddable":true,"href":"https:\/\/agpnoticias.com\/news\/index.php?rest_route=%2Fwp%2Fv2%2Fcategories&post=2842995"},{"taxonomy":"post_tag","embeddable":true,"href":"https:\/\/agpnoticias.com\/news\/index.php?rest_route=%2Fwp%2Fv2%2Ftags&post=2842995"}],"curies":[{"name":"wp","href":"https:\/\/api.w.org\/{rel}","templated":true}]}}