{"id":2843125,"date":"2015-05-25T15:35:37","date_gmt":"2015-05-25T22:35:37","guid":{"rendered":"http:\/\/agpnoticias.com\/news\/?p=2843125"},"modified":"2015-05-25T15:35:38","modified_gmt":"2015-05-25T22:35:38","slug":"se-le-hace-a-eduardo-trabajar-con-zanfer","status":"publish","type":"post","link":"https:\/\/agpnoticias.com\/news\/?p=2843125","title":{"rendered":"Se le hace a Eduardo trabajar con Zanfer"},"content":{"rendered":"<figure id=\"attachment_2843126\" aria-describedby=\"caption-attachment-2843126\" style=\"width: 800px\" class=\"wp-caption aligncenter\"><a href=\"http:\/\/agpnoticias.com\/news\/se-le-hace-a-eduardo-trabajar-con-zanfer\/eduardo-hernandez-arroyo-2\/\" rel=\"attachment wp-att-2843126\"><img fetchpriority=\"high\" decoding=\"async\" class=\"size-full wp-image-2843126\" src=\"http:\/\/agpnoticias.com\/news\/wp-content\/uploads\/2015\/05\/Eduardo-Hern\u00e1ndez-Arroyo.jpg\" alt=\"Eduardo Hern\u00e1ndez Arroyo\" width=\"800\" height=\"534\" srcset=\"https:\/\/agpnoticias.com\/news\/wp-content\/uploads\/2015\/05\/Eduardo-Hern\u00e1ndez-Arroyo.jpg 800w, https:\/\/agpnoticias.com\/news\/wp-content\/uploads\/2015\/05\/Eduardo-Hern\u00e1ndez-Arroyo-200x134.jpg 200w\" sizes=\"(max-width: 800px) 100vw, 800px\" \/><\/a><figcaption id=\"caption-attachment-2843126\" class=\"wp-caption-text\">Eduardo Hern\u00e1ndez Arroyo<\/figcaption><\/figure>\n<p>Ensenada, Baja California.- Fueron antesalas de horas.<\/p>\n<p>Fuera de la oficina de Fernando Beltr\u00e1n, Eduardo Hern\u00e1ndez Arroyo lleg\u00f3 a concentrarse varios d\u00edas por espacios prolongados, en espera de ser recibido.<\/p>\n<p>La insistencia, al final, tuvo recompensa, tras su ruptura con Antonio \u00abCa\u00f1as\u00bb Lozada, promotor con el que se asoci\u00f3 en un par de funciones previas.<\/p>\n<p>Y el titular de la empresa Hefziba Promotions consigui\u00f3 que una cartelera de la empresa Zanfer tenga como sede el campo Nueva Ensenada, con una pelea de t\u00edtulo mundial y la presencia del equipo de TV Azteca para transmitir por Azteca 7 y Azteca Am\u00e9rica.<\/p>\n<p>\u00abEs un logro, un sue\u00f1o hecho realidad para el cual tuve que trabajar mucho en idas y vueltas a Tijuana, hasta convencer a la gente de Fernando Beltr\u00e1n y que confiara en nosotros, despu\u00e9s de mostrarles lo que hemos hecho en Ensenada con las mejores funciones del \u00faltimo a\u00f1o\u00bb, refiri\u00f3.<\/p>\n<p><strong>M\u00e9xico vs. Filipinas<\/strong><\/p>\n<p>El empresario ensenadense indic\u00f3 que la funci\u00f3n fue llamada \u00abM\u00e9xico vs. Filipinas\u00bb porque el tijuanense Javier \u00abCobra\u00bb Mendoza expondr\u00e1 el cintur\u00f3n minimosca de la Federaci\u00f3n Internacional de Boxeo contra el visitante Mil\u00e1n Melindo.<\/p>\n<p>Y en la pelea co estelar, el ensenadense Carlos \u00abChema\u00bb Ocampo, a\u00fan invicto, se medir\u00e1 a Cruz Flores, mejor conocido como el \u00abTepehuano\u00bb.<\/p>\n<p>\u00abEsas dos peleas van por Azteca 7, as\u00ed que se trata de una gran oportunidad para \u00b4Chema\u00b4 y tambi\u00e9n para la afici\u00f3n que podr\u00e1 ver boxeo desde las cuatro de la tarde de este s\u00e1bado, y la cartelera completa la pasar\u00e1 Azteca Am\u00e9rica\u00bb, precis\u00f3 el promotor.<\/p>\n<p>Sobre el aval de Zanfer, precis\u00f3 que \u00abhubo que cubrir muchos requisitos en todos sentidos; ellos trabajan de manera muy profesional y exigen temas que aplicaremos en nuestros siguientes eventos\u00bb.<\/p>\n<p>Adem\u00e1s, \u00abviene el se\u00f1or Jimmy Lennon, que ha presentado las mejores peleas del mundo en los \u00faltimos a\u00f1os, y la transmisi\u00f3n de TV Azteca contar\u00e1 con Julio C\u00e9sar Ch\u00e1vez y Erik \u00b4Terrible\u00b4 Morales, quien est\u00e1 muy cerca de la \u00b4Cobra\u00b4 Mendoza apoyando su carrera.<\/p>\n<p>La funci\u00f3n tambi\u00e9n presentar\u00e1 a los prospectos de Zanfer, Elvis \u201cRockanrolero\u201d Torres y Sergio \u201cChecho\u201d Ortega, as\u00ed como los locales Antonio Ortega, Alberto Ocampo, Agust\u00edn \u201cTowiz\u201d Camacho, Ra\u00fal Giraldo, Brian Zamarripa, Juan Toscano y Julio C\u00e9sar \u201cSoruyito\u201d Ortega.<\/p>\n<p>Los boletos est\u00e1n a la venta en Moda Eduardo, de calle Segunda y Gast\u00e9lum, con costos de 100 (general), 200 (ring side) y 300 pesos (VIP).<\/p>\n","protected":false},"excerpt":{"rendered":"<p>Ensenada, Baja California.- Fueron antesalas de horas. Fuera de la oficina de Fernando Beltr\u00e1n, Eduardo&#8230;<\/p>\n","protected":false},"author":1,"featured_media":2843126,"comment_status":"closed","ping_status":"closed","sticky":false,"template":"","format":"standard","meta":{"footnotes":""},"categories":[1,36,7],"tags":[],"class_list":["post-2843125","post","type-post","status-publish","format-standard","has-post-thumbnail","hentry","category-uncategorized","category-boxeo","category-deportes"],"_links":{"self":[{"href":"https:\/\/agpnoticias.com\/news\/index.php?rest_route=\/wp\/v2\/posts\/2843125","targetHints":{"allow":["GET"]}}],"collection":[{"href":"https:\/\/agpnoticias.com\/news\/index.php?rest_route=\/wp\/v2\/posts"}],"about":[{"href":"https:\/\/agpnoticias.com\/news\/index.php?rest_route=\/wp\/v2\/types\/post"}],"author":[{"embeddable":true,"href":"https:\/\/agpnoticias.com\/news\/index.php?rest_route=\/wp\/v2\/users\/1"}],"replies":[{"embeddable":true,"href":"https:\/\/agpnoticias.com\/news\/index.php?rest_route=%2Fwp%2Fv2%2Fcomments&post=2843125"}],"version-history":[{"count":2,"href":"https:\/\/agpnoticias.com\/news\/index.php?rest_route=\/wp\/v2\/posts\/2843125\/revisions"}],"predecessor-version":[{"id":2843128,"href":"https:\/\/agpnoticias.com\/news\/index.php?rest_route=\/wp\/v2\/posts\/2843125\/revisions\/2843128"}],"wp:featuredmedia":[{"embeddable":true,"href":"https:\/\/agpnoticias.com\/news\/index.php?rest_route=\/wp\/v2\/media\/2843126"}],"wp:attachment":[{"href":"https:\/\/agpnoticias.com\/news\/index.php?rest_route=%2Fwp%2Fv2%2Fmedia&parent=2843125"}],"wp:term":[{"taxonomy":"category","embeddable":true,"href":"https:\/\/agpnoticias.com\/news\/index.php?rest_route=%2Fwp%2Fv2%2Fcategories&post=2843125"},{"taxonomy":"post_tag","embeddable":true,"href":"https:\/\/agpnoticias.com\/news\/index.php?rest_route=%2Fwp%2Fv2%2Ftags&post=2843125"}],"curies":[{"name":"wp","href":"https:\/\/api.w.org\/{rel}","templated":true}]}}