{"id":2843270,"date":"2015-05-28T21:55:45","date_gmt":"2015-05-29T04:55:45","guid":{"rendered":"http:\/\/agpnoticias.com\/news\/?p=2843270"},"modified":"2015-05-28T21:55:46","modified_gmt":"2015-05-29T04:55:46","slug":"regresa-ensenadense-gerardo-lira-con-zonkeys","status":"publish","type":"post","link":"https:\/\/agpnoticias.com\/news\/?p=2843270","title":{"rendered":"Regresa ensenadense Gerardo Lira con Zonkeys"},"content":{"rendered":"<figure id=\"attachment_2843271\" aria-describedby=\"caption-attachment-2843271\" style=\"width: 800px\" class=\"wp-caption aligncenter\"><a href=\"http:\/\/agpnoticias.com\/news\/regresa-ensenadense-gerardo-lira-con-zonkeys\/gerardo-lira-izq-se-incorporo-a-zonkeys\/\" rel=\"attachment wp-att-2843271\"><img fetchpriority=\"high\" decoding=\"async\" class=\"size-full wp-image-2843271\" src=\"http:\/\/agpnoticias.com\/news\/wp-content\/uploads\/2015\/05\/Gerardo-Lira-izq.-se-incorpor\u00f3-a-Zonkeys.jpg\" alt=\"Gerardo Lira (izq.) se incorpor\u00f3 a Zonkeys\" width=\"800\" height=\"600\" srcset=\"https:\/\/agpnoticias.com\/news\/wp-content\/uploads\/2015\/05\/Gerardo-Lira-izq.-se-incorpor\u00f3-a-Zonkeys.jpg 800w, https:\/\/agpnoticias.com\/news\/wp-content\/uploads\/2015\/05\/Gerardo-Lira-izq.-se-incorpor\u00f3-a-Zonkeys-200x150.jpg 200w, https:\/\/agpnoticias.com\/news\/wp-content\/uploads\/2015\/05\/Gerardo-Lira-izq.-se-incorpor\u00f3-a-Zonkeys-320x240.jpg 320w, https:\/\/agpnoticias.com\/news\/wp-content\/uploads\/2015\/05\/Gerardo-Lira-izq.-se-incorpor\u00f3-a-Zonkeys-640x480.jpg 640w\" sizes=\"(max-width: 800px) 100vw, 800px\" \/><\/a><figcaption id=\"caption-attachment-2843271\" class=\"wp-caption-text\">Gerardo Lira (izq.) se incorpor\u00f3 a Zonkeys<\/figcaption><\/figure>\n<p>Tijuana, Baja California.-\u00a0Gerardo \u00abPilli\u00bb Lira Hern\u00e1ndez, uno de los jugadores fundadores de Tijuana Zonkeys, ha regresado con el equipo con el que m\u00e1s ha disfrutado dentro del baloncesto profesional.<\/p>\n<p>El jugador ensenadense\u00a0fue dado de alta este jueves para incorporarse de inmediato a la quinteta dirigida por \u00c1ngel Gonz\u00e1lez, en lo que ser\u00e1 su sexto a\u00f1o con el equipo fronterizo en el Circuito de Baloncesto de la Costa del Pac\u00edfico (Cibacopa).<\/p>\n<p>\u00abPilli\u00bb jug\u00f3 en la temporada inaugural de Zonkeys en 2010 y ha sido el \u00fanico basquetbolista en la historia del equipo que ha disputado cada a\u00f1o en Cibacopa con los colores blanco y negro de Tijuana.<\/p>\n<p>De nacionalidad mexicana, Lira es clasificado como jugador local por lo que no se dar\u00e1 de baja a ning\u00fan elemento fronterizo.<\/p>\n<p>Cabe resaltar que Gira ha defendido los colores de Galgos de Tijuana, Cimarrones de Ensenada, \u00c1ngeles de Puebla y Volcanes del Estado de M\u00e9xico en la Liga Nacional de Baloncesto Profesional (LNBP), adem\u00e1s de un sin n\u00famero de t\u00edtulos en Ensenada.<\/p>\n<p>Nombre: Gerardo Lira Hern\u00e1ndez<br \/>\nApodo: Pilli<br \/>\nNacido: 20 de mayo de 1977<br \/>\nNacionalidad: Mexicana<br \/>\nAltura: 2.01 mts<br \/>\nPeso: 105 kgs<\/p>\n<p><em>Informaci\u00f3n y fotograf\u00eda: Zonkeys de Tijuana.<\/em><\/p>\n","protected":false},"excerpt":{"rendered":"<p>Tijuana, Baja California.-\u00a0Gerardo \u00abPilli\u00bb Lira Hern\u00e1ndez, uno de los jugadores fundadores de Tijuana Zonkeys, ha&#8230;<\/p>\n","protected":false},"author":1,"featured_media":2843271,"comment_status":"closed","ping_status":"closed","sticky":false,"template":"","format":"standard","meta":{"footnotes":""},"categories":[1,35,7],"tags":[],"class_list":["post-2843270","post","type-post","status-publish","format-standard","has-post-thumbnail","hentry","category-uncategorized","category-basquetbol","category-deportes"],"_links":{"self":[{"href":"https:\/\/agpnoticias.com\/news\/index.php?rest_route=\/wp\/v2\/posts\/2843270","targetHints":{"allow":["GET"]}}],"collection":[{"href":"https:\/\/agpnoticias.com\/news\/index.php?rest_route=\/wp\/v2\/posts"}],"about":[{"href":"https:\/\/agpnoticias.com\/news\/index.php?rest_route=\/wp\/v2\/types\/post"}],"author":[{"embeddable":true,"href":"https:\/\/agpnoticias.com\/news\/index.php?rest_route=\/wp\/v2\/users\/1"}],"replies":[{"embeddable":true,"href":"https:\/\/agpnoticias.com\/news\/index.php?rest_route=%2Fwp%2Fv2%2Fcomments&post=2843270"}],"version-history":[{"count":2,"href":"https:\/\/agpnoticias.com\/news\/index.php?rest_route=\/wp\/v2\/posts\/2843270\/revisions"}],"predecessor-version":[{"id":2843273,"href":"https:\/\/agpnoticias.com\/news\/index.php?rest_route=\/wp\/v2\/posts\/2843270\/revisions\/2843273"}],"wp:featuredmedia":[{"embeddable":true,"href":"https:\/\/agpnoticias.com\/news\/index.php?rest_route=\/wp\/v2\/media\/2843271"}],"wp:attachment":[{"href":"https:\/\/agpnoticias.com\/news\/index.php?rest_route=%2Fwp%2Fv2%2Fmedia&parent=2843270"}],"wp:term":[{"taxonomy":"category","embeddable":true,"href":"https:\/\/agpnoticias.com\/news\/index.php?rest_route=%2Fwp%2Fv2%2Fcategories&post=2843270"},{"taxonomy":"post_tag","embeddable":true,"href":"https:\/\/agpnoticias.com\/news\/index.php?rest_route=%2Fwp%2Fv2%2Ftags&post=2843270"}],"curies":[{"name":"wp","href":"https:\/\/api.w.org\/{rel}","templated":true}]}}