{"id":2843626,"date":"2015-06-04T14:12:39","date_gmt":"2015-06-04T21:12:39","guid":{"rendered":"http:\/\/agpnoticias.com\/news\/?p=2843626"},"modified":"2015-06-04T14:12:40","modified_gmt":"2015-06-04T21:12:40","slug":"micky-lopez-entra-a-funcion-de-marchena-el-3-de-julio","status":"publish","type":"post","link":"https:\/\/agpnoticias.com\/news\/?p=2843626","title":{"rendered":"\u00abMicky\u00bb L\u00f3pez entra a funci\u00f3n de Marchena el 3 de julio"},"content":{"rendered":"<figure id=\"attachment_2843628\" aria-describedby=\"caption-attachment-2843628\" style=\"width: 798px\" class=\"wp-caption aligncenter\"><a href=\"http:\/\/agpnoticias.com\/news\/micky-lopez-entra-a-funcion-de-marchena-el-3-de-julio\/sergio-micky-lopez-6\/\" rel=\"attachment wp-att-2843628\"><img fetchpriority=\"high\" decoding=\"async\" class=\"size-full wp-image-2843628\" src=\"http:\/\/agpnoticias.com\/news\/wp-content\/uploads\/2015\/06\/Sergio-Micky-L\u00f3pez.jpg\" alt=\"Sergio &quot;Micky&quot; L\u00f3pez\" width=\"798\" height=\"600\" srcset=\"https:\/\/agpnoticias.com\/news\/wp-content\/uploads\/2015\/06\/Sergio-Micky-L\u00f3pez.jpg 798w, https:\/\/agpnoticias.com\/news\/wp-content\/uploads\/2015\/06\/Sergio-Micky-L\u00f3pez-200x150.jpg 200w, https:\/\/agpnoticias.com\/news\/wp-content\/uploads\/2015\/06\/Sergio-Micky-L\u00f3pez-320x240.jpg 320w, https:\/\/agpnoticias.com\/news\/wp-content\/uploads\/2015\/06\/Sergio-Micky-L\u00f3pez-640x480.jpg 640w\" sizes=\"(max-width: 798px) 100vw, 798px\" \/><\/a><figcaption id=\"caption-attachment-2843628\" class=\"wp-caption-text\">Sergio \u00abMicky\u00bb L\u00f3pez<\/figcaption><\/figure>\n<p>Ensenada, Baja California.- Sergio \u00abMicky\u00bb L\u00f3pez entrar\u00e1 como respaldo a la pelea de campeonato que Ezequiel \u00abSheke\u00bb Avil\u00e9s sostendr\u00e1 el viernes 3 de julio en el gimnasio municipal \u00d3scar \u00abTigre\u00bb Garc\u00eda dentro de la funci\u00f3n \u00abNoche de \u00cddolos\u00bb.<\/p>\n<p>\u00abPlaticamos con el promotor de \u00b4Micky\u00b4, Sergio Ayala, y nos coment\u00f3 que les interesa entrar en nuestro evento, as\u00ed que no dudamos en incluirlo\u00bb, inform\u00f3 Ram\u00f3n Marchena S\u00e1ndez.<\/p>\n<p>El promotor destac\u00f3 la cantidad de talentos locales que ingresar\u00e1n como soporte a la pelea por el campeonato vacantes de los ligeros que pondr\u00e1 en juego el Consejo Mundial de Boxeo en su divisi\u00f3n juvenil plata.<\/p>\n<figure id=\"attachment_2843629\" aria-describedby=\"caption-attachment-2843629\" style=\"width: 427px\" class=\"wp-caption alignright\"><a href=\"http:\/\/agpnoticias.com\/news\/micky-lopez-entra-a-funcion-de-marchena-el-3-de-julio\/sheke-aviles-peleara-por-un-campeonato-del-cmb\/\" rel=\"attachment wp-att-2843629\"><img decoding=\"async\" class=\"size-full wp-image-2843629\" src=\"http:\/\/agpnoticias.com\/news\/wp-content\/uploads\/2015\/06\/Sheke-Avil\u00e9s-pelear\u00e1-por-un-campeonato-del-CMB-e1433452337333.jpg\" alt=\"&quot;Sheke&quot; Avil\u00e9s pelear\u00e1 por un campeonato del CMB\" width=\"427\" height=\"352\" \/><\/a><figcaption id=\"caption-attachment-2843629\" class=\"wp-caption-text\">\u00abSheke\u00bb Avil\u00e9s pelear\u00e1 por un campeonato del CMB<\/figcaption><\/figure>\n<p>Ezequiel Avil\u00e9s, que empat\u00f3 en la disputa del mismo t\u00edtulo ante Abraham \u00abBombi\u00bb Cordero el s\u00e1bado 25 de abril, tendr\u00e1 una nueva oportunidad de ganarlo, ahora frente a Erick \u00abFacebook\u00bb Mart\u00ednez.<\/p>\n<p>En cuanto a \u00abMicky\u00bb L\u00f3pez, la pelea servir\u00e1 para seguir activo en espera de disputar el t\u00edtulo mundial pluma de la WBF, tras poseer el t\u00edtulo intercontinental de ese mismo organismo.<\/p>\n<p>Pero adem\u00e1s est\u00e1n contemplados en el cartel \u00c1ngel \u00abDiablito\u00bb Ramos, Alexis \u00abPillo\u00bb Canett, Francisco Gabriel Pi\u00f1a, Carlos \u00abGallito\u00bb Morgan y Roberto \u00abChapul\u00edn\u00bb Rivera.<\/p>\n<p>\u00abSali\u00f3 de la funci\u00f3n Chuy P\u00e9rez y en su lugar meteremos a \u00b4Micky\u00b4, aunque a\u00fan no sabemos contra qui\u00e9n pelear\u00e1, y tambi\u00e9n estamos por decidir el orden en el que meteremos su pelea\u00bb, apunt\u00f3.<\/p>\n<p>Adem\u00e1s, \u00abtenemos con nosotros a \u00b4Diablito\u00b4 Ramos, que pelear\u00e1 contra Cristian Ceciliano, un rival duro\u00bb, mientras que \u00abAlexis Canett se presentar\u00e1 contra un rival por definir porque no viene Cristo Rey, a quien ten\u00edamos contemplado\u00bb.<\/p>\n<p>El empresario agreg\u00f3 que Carlos \u00abGallito\u00bb Morgan regresar\u00e1 despu\u00e9s de un tiempo de inactividad, y Roberto \u00abChapul\u00edn\u00bb Rivera \u00abva contra Adri\u00e1n Zendejas, que en la funci\u00f3n pasada noque\u00f3 al \u00b4Estudiante\u00b4 Ambriz y dice que viene por otro nocaut\u00bb.<\/p>\n<p>La cartelera se completa con Francisco Gabriel Pi\u00f1a, peleador ensenadense que ha destacado con la empresa Zanfer, as\u00ed como una pelea femenil entre Katy Guti\u00e9rrez, ya con experiencia de campeonatos mundiales, frente a Laura Arias.<\/p>\n","protected":false},"excerpt":{"rendered":"<p>Ensenada, Baja California.- Sergio \u00abMicky\u00bb L\u00f3pez entrar\u00e1 como respaldo a la pelea de campeonato que&#8230;<\/p>\n","protected":false},"author":1,"featured_media":2843628,"comment_status":"closed","ping_status":"closed","sticky":false,"template":"","format":"standard","meta":{"footnotes":""},"categories":[1,36,7],"tags":[],"class_list":["post-2843626","post","type-post","status-publish","format-standard","has-post-thumbnail","hentry","category-uncategorized","category-boxeo","category-deportes"],"_links":{"self":[{"href":"https:\/\/agpnoticias.com\/news\/index.php?rest_route=\/wp\/v2\/posts\/2843626","targetHints":{"allow":["GET"]}}],"collection":[{"href":"https:\/\/agpnoticias.com\/news\/index.php?rest_route=\/wp\/v2\/posts"}],"about":[{"href":"https:\/\/agpnoticias.com\/news\/index.php?rest_route=\/wp\/v2\/types\/post"}],"author":[{"embeddable":true,"href":"https:\/\/agpnoticias.com\/news\/index.php?rest_route=\/wp\/v2\/users\/1"}],"replies":[{"embeddable":true,"href":"https:\/\/agpnoticias.com\/news\/index.php?rest_route=%2Fwp%2Fv2%2Fcomments&post=2843626"}],"version-history":[{"count":3,"href":"https:\/\/agpnoticias.com\/news\/index.php?rest_route=\/wp\/v2\/posts\/2843626\/revisions"}],"predecessor-version":[{"id":2843631,"href":"https:\/\/agpnoticias.com\/news\/index.php?rest_route=\/wp\/v2\/posts\/2843626\/revisions\/2843631"}],"wp:featuredmedia":[{"embeddable":true,"href":"https:\/\/agpnoticias.com\/news\/index.php?rest_route=\/wp\/v2\/media\/2843628"}],"wp:attachment":[{"href":"https:\/\/agpnoticias.com\/news\/index.php?rest_route=%2Fwp%2Fv2%2Fmedia&parent=2843626"}],"wp:term":[{"taxonomy":"category","embeddable":true,"href":"https:\/\/agpnoticias.com\/news\/index.php?rest_route=%2Fwp%2Fv2%2Fcategories&post=2843626"},{"taxonomy":"post_tag","embeddable":true,"href":"https:\/\/agpnoticias.com\/news\/index.php?rest_route=%2Fwp%2Fv2%2Ftags&post=2843626"}],"curies":[{"name":"wp","href":"https:\/\/api.w.org\/{rel}","templated":true}]}}