{"id":2843636,"date":"2015-06-04T18:06:03","date_gmt":"2015-06-05T01:06:03","guid":{"rendered":"http:\/\/agpnoticias.com\/news\/?p=2843636"},"modified":"2017-01-06T15:20:02","modified_gmt":"2017-01-06T23:20:02","slug":"organiza-unifront-su-1a-carrera-atletica-en-apoyo-sus-atletas-becados","status":"publish","type":"post","link":"https:\/\/agpnoticias.com\/news\/?p=2843636","title":{"rendered":"Organiza Unifront su 1a. Carrera Atl\u00e9tica, en apoyo a sus atletas becados"},"content":{"rendered":"<figure id=\"attachment_2843650\" aria-describedby=\"caption-attachment-2843650\" style=\"width: 800px\" class=\"wp-caption aligncenter\"><a href=\"http:\/\/agpnoticias.com\/news\/organiza-unifront-su-1a-carrera-atletica-en-apoyo-sus-atletas-becados\/sony-dsc-1164\/\" rel=\"attachment wp-att-2843650\"><img fetchpriority=\"high\" decoding=\"async\" class=\"size-full wp-image-2843650\" src=\"http:\/\/agpnoticias.com\/news\/wp-content\/uploads\/2015\/06\/Colegio-Unifront-realizar\u00e1-su-primera-carrera-atl\u00e9tica-el-s\u00e1bado-13-de-junio.jpg\" alt=\"Colegio Unifront pretende fortalecer el proyecto de becas mediante su carrera atl\u00e9tica\" width=\"800\" height=\"523\" srcset=\"https:\/\/agpnoticias.com\/news\/wp-content\/uploads\/2015\/06\/Colegio-Unifront-realizar\u00e1-su-primera-carrera-atl\u00e9tica-el-s\u00e1bado-13-de-junio.jpg 800w, https:\/\/agpnoticias.com\/news\/wp-content\/uploads\/2015\/06\/Colegio-Unifront-realizar\u00e1-su-primera-carrera-atl\u00e9tica-el-s\u00e1bado-13-de-junio-200x131.jpg 200w\" sizes=\"(max-width: 800px) 100vw, 800px\" \/><\/a><figcaption id=\"caption-attachment-2843650\" class=\"wp-caption-text\">Colegio Unifront pretende fortalecer el proyecto de becas mediante su carrera atl\u00e9tica<\/figcaption><\/figure>\n<p>Ensenada, Baja California.- Colegio Unifront pretende fortalecer su proyecci\u00f3n a sus talentos deportivos de alto rendimiento. Y para sustentar la iniciativa, su direcci\u00f3n promueve la Primera Carrera Atl\u00e9tica de 5 kil\u00f3metros cuyo costo de inscripci\u00f3n ser\u00e1 de 60 pesos que se destinar\u00e1n al proyecto de becas.<\/p>\n<p>La salida ser\u00e1 en la avenida Virgilio Uribe, frente a Restaurant Mahi Mahi, hasta llegar a Colegio Unifront en la\u00a0avenida Miramar y 18, el s\u00e1bado 13 de junio a las 8:30 horas.<\/p>\n<figure id=\"attachment_2843638\" aria-describedby=\"caption-attachment-2843638\" style=\"width: 440px\" class=\"wp-caption alignright\"><a href=\"http:\/\/agpnoticias.com\/news\/organiza-unifront-su-1a-carrera-atletica-en-apoyo-sus-atletas-becados\/humberto-gutierrez-junto-al-promotor-deportivo-victor-vea-y-los-medallistas-de-olimpiada-nacional\/\" rel=\"attachment wp-att-2843638\"><img decoding=\"async\" class=\"size-full wp-image-2843638\" src=\"http:\/\/agpnoticias.com\/news\/wp-content\/uploads\/2015\/06\/Humberto-Guti\u00e9rrez-junto-al-promotor-deportivo-V\u00edctor-Vea-y-los-medallistas-de-Olimpiada-Nacional-e1433463270521.jpg\" alt=\"Humberto Guti\u00e9rrez junto al promotor deportivo V\u00edctor Vea y los medallistas de Olimpiada Nacional\" width=\"440\" height=\"293\" \/><\/a><figcaption id=\"caption-attachment-2843638\" class=\"wp-caption-text\">Humberto Guti\u00e9rrez junto al promotor deportivo V\u00edctor Vea y los medallistas de Olimpiada Nacional<\/figcaption><\/figure>\n<p>Ser\u00e1n tres categor\u00edas participantes: K\u00ednder, Infantil (8-15 a\u00f1os) y la restante abierta a la comunidad.<\/p>\n<p>En la rueda de prensa para promocionar la fecha atl\u00e9tica, estuvieron los gimnastas medallistas de Olimpiada Nacional: Isaac N\u00fa\u00f1ez Farf\u00e1n, Rodrigo Montalvo y Sergio de Hoyos, los dos primeros estudiantes de secundaria y el tercero en preparatoria.<\/p>\n<p>Tambi\u00e9n como representantes de Baja California y estudiantes de Unifront estuvieron el campe\u00f3n nacional de Charrer\u00eda en la Olimpiada Nacional, Raymundo Preciado, y el ciclista medallista de plata en la misma justa, Armando M\u00e1rquez.<\/p>\n<p>Adem\u00e1s se present\u00f3 el piloto Jorge Luis Ram\u00edrez, pr\u00f3ximo a competir en la Baja 500 y campe\u00f3n del Monster Energy Grand Prix Record Off Road Series.<\/p>\n<p><strong>Informes de la carrera<\/strong><\/p>\n<p>\u00abTenemos la categor\u00eda de K\u00ednder, que realizar\u00e1 un circuito aqu\u00ed en la escuela, y las categor\u00edas Infantil y General constar\u00e1n de 5 kil\u00f3metros con salida en el Restaurant Mahi Mahi y meta en nuestras instalaciones\u00bb, refiri\u00f3 Humberto Guti\u00e9rrez Mart\u00ednez.<\/p>\n<p>El CEO de Colegio Unifront destac\u00f3 los premios que se dar\u00e1n para motivar a los estudiantes y a la poblaci\u00f3n atl\u00e9tica en general.<\/p>\n<p>\u00abSe premiar\u00e1 al primer lugar con un IPad, al segundo con una c\u00e1mara GoPro y al tercero con una bicicleta en las categor\u00edas Infantil y General, de ambas ramas\u00bb, precis\u00f3.<\/p>\n<p>La idea, agreg\u00f3 en torno a la premiaci\u00f3n, es que los estudiantes cuenten con herramientas \u00fatiles en su quehacer estudiantil.<\/p>\n<p><strong>Becas<\/strong><\/p>\n<figure id=\"attachment_2843639\" aria-describedby=\"caption-attachment-2843639\" style=\"width: 228px\" class=\"wp-caption alignright\"><a href=\"http:\/\/agpnoticias.com\/news\/organiza-unifront-su-1a-carrera-atletica-en-apoyo-sus-atletas-becados\/isaac-nunez-ganador-de-un-oro-y-tres-platas-en-la-olimpiada-nacional\/\" rel=\"attachment wp-att-2843639\"><img decoding=\"async\" class=\"size-full wp-image-2843639\" src=\"http:\/\/agpnoticias.com\/news\/wp-content\/uploads\/2015\/06\/Isaac-N\u00fa\u00f1ez-ganador-de-un-oro-y-tres-platas-en-la-Olimpiada-Nacional-e1433463561714.jpg\" alt=\"Isaac N\u00fa\u00f1ez, ganador de un oro y tres platas en la Olimpiada Nacional\" width=\"228\" height=\"277\" \/><\/a><figcaption id=\"caption-attachment-2843639\" class=\"wp-caption-text\">Isaac N\u00fa\u00f1ez, ganador de un oro y tres platas en la Olimpiada Nacional<\/figcaption><\/figure>\n<p>La inscripci\u00f3n de 60 pesos se destinar\u00e1 al programa de becas para deportistas de alto rendimiento que adem\u00e1s son alumnos disciplinados dentro y fuera de la escuela, seg\u00fan lo precisado por Carlos Carrasco, director de secundaria y preparatoria en Colegio Unifront.<\/p>\n<p>\u00abEso nos enorgullece. Invitamos a la comunidad ensenadense para que venga y apoye a estos deportistas que son parte de la comunidad\u00bb, dijo al destacar la cantidad de deportistas convocados a procesos selectivos oficiales.<\/p>\n<p>Por su parte, Scarlet Salcedo, directora de primaria, dijo que la presencia de los estudiantes de ese nivel asistieron a la rueda de prensa \u00abpara que conozcan a los deportistas de alto rendimiento y sean su inspiraci\u00f3n\u00bb.<\/p>\n<p>En ese sentido, Humberto Guti\u00e9rrez insisti\u00f3 en el apoyo que brindar\u00e1 la instituci\u00f3n a \u00abestos j\u00f3venes emprendedores, deportistas del m\u00e1s alto nivel con quienes tenemos un gran compromiso\u00bb.<\/p>\n<p>Los interesados pueden solicitar informes al n\u00famero telef\u00f3nico (646) 178-3235 o de manera directa en Colegio Unifront, ubicado en la avenida Miramar y 18.<\/p>\n","protected":false},"excerpt":{"rendered":"<p>Ensenada, Baja California.- Colegio Unifront pretende fortalecer su proyecci\u00f3n a sus talentos deportivos de alto&#8230;<\/p>\n","protected":false},"author":1,"featured_media":2843650,"comment_status":"closed","ping_status":"closed","sticky":false,"template":"","format":"standard","meta":{"footnotes":""},"categories":[1,31,704,7],"tags":[],"class_list":["post-2843636","post","type-post","status-publish","format-standard","has-post-thumbnail","hentry","category-uncategorized","category-atletismo","category-deporte-estudiantil","category-deportes"],"_links":{"self":[{"href":"https:\/\/agpnoticias.com\/news\/index.php?rest_route=\/wp\/v2\/posts\/2843636","targetHints":{"allow":["GET"]}}],"collection":[{"href":"https:\/\/agpnoticias.com\/news\/index.php?rest_route=\/wp\/v2\/posts"}],"about":[{"href":"https:\/\/agpnoticias.com\/news\/index.php?rest_route=\/wp\/v2\/types\/post"}],"author":[{"embeddable":true,"href":"https:\/\/agpnoticias.com\/news\/index.php?rest_route=\/wp\/v2\/users\/1"}],"replies":[{"embeddable":true,"href":"https:\/\/agpnoticias.com\/news\/index.php?rest_route=%2Fwp%2Fv2%2Fcomments&post=2843636"}],"version-history":[{"count":10,"href":"https:\/\/agpnoticias.com\/news\/index.php?rest_route=\/wp\/v2\/posts\/2843636\/revisions"}],"predecessor-version":[{"id":2843687,"href":"https:\/\/agpnoticias.com\/news\/index.php?rest_route=\/wp\/v2\/posts\/2843636\/revisions\/2843687"}],"wp:featuredmedia":[{"embeddable":true,"href":"https:\/\/agpnoticias.com\/news\/index.php?rest_route=\/wp\/v2\/media\/2843650"}],"wp:attachment":[{"href":"https:\/\/agpnoticias.com\/news\/index.php?rest_route=%2Fwp%2Fv2%2Fmedia&parent=2843636"}],"wp:term":[{"taxonomy":"category","embeddable":true,"href":"https:\/\/agpnoticias.com\/news\/index.php?rest_route=%2Fwp%2Fv2%2Fcategories&post=2843636"},{"taxonomy":"post_tag","embeddable":true,"href":"https:\/\/agpnoticias.com\/news\/index.php?rest_route=%2Fwp%2Fv2%2Ftags&post=2843636"}],"curies":[{"name":"wp","href":"https:\/\/api.w.org\/{rel}","templated":true}]}}