{"id":2843643,"date":"2015-06-04T17:50:07","date_gmt":"2015-06-05T00:50:07","guid":{"rendered":"http:\/\/agpnoticias.com\/news\/?p=2843643"},"modified":"2015-06-04T17:55:10","modified_gmt":"2015-06-05T00:55:10","slug":"se-acerca-el-torneo-uninvitaver-en-ensenada","status":"publish","type":"post","link":"https:\/\/agpnoticias.com\/news\/?p=2843643","title":{"rendered":"Se acerca nueva edici\u00f3n del Uninvitaver a Ensenada"},"content":{"rendered":"<figure id=\"attachment_2843645\" aria-describedby=\"caption-attachment-2843645\" style=\"width: 800px\" class=\"wp-caption aligncenter\"><a href=\"http:\/\/agpnoticias.com\/news\/se-acerca-el-torneo-uninvitaver-en-ensenada\/autoridades-universitarias-anunciaron-el-torneo-uninvitaver\/\" rel=\"attachment wp-att-2843645\"><img fetchpriority=\"high\" decoding=\"async\" class=\"size-full wp-image-2843645\" src=\"http:\/\/agpnoticias.com\/news\/wp-content\/uploads\/2015\/06\/Autoridades-universitarias-anunciaron-el-Torneo-Uninvitaver.jpg\" alt=\"Autoridades universitarias anunciaron el Torneo Uninvitaver\" width=\"800\" height=\"533\" srcset=\"https:\/\/agpnoticias.com\/news\/wp-content\/uploads\/2015\/06\/Autoridades-universitarias-anunciaron-el-Torneo-Uninvitaver.jpg 800w, https:\/\/agpnoticias.com\/news\/wp-content\/uploads\/2015\/06\/Autoridades-universitarias-anunciaron-el-Torneo-Uninvitaver-200x133.jpg 200w\" sizes=\"(max-width: 800px) 100vw, 800px\" \/><\/a><figcaption id=\"caption-attachment-2843645\" class=\"wp-caption-text\">Autoridades universitarias anunciaron el Torneo Uninvitaver<\/figcaption><\/figure>\n<p>Ensenada, Baja California.- La edici\u00f3n 17 del Torneo Uninvitaver 2015 fue anunciada en Ensenada con actividades en Baloncesto, Futbol Rapido, Voleibol de Sala y Playa.<\/p>\n<p>En rueda de prensa, el Sub Director de la Facultad de Deportes, Cruz Iv\u00e1n Acosta, inform\u00f3 que a la par de las competencias en las cuatro disciplinas, se llevar\u00e1 a cabo el Plan Vacacional 2015 para ni\u00f1os de los 5 a los 13 a\u00f1os, del 6 de julio al 31 de julio con un costo de mil 200 pesos.<\/p>\n<p>En cuanto al Baloncesto, el promotor de la disciplina, Pedro C\u00e9sar Sida Vargas, se\u00f1al\u00f3 que competencia iniciar\u00e1 el jueves 4 de julio con categor\u00edas desde Escuelita (2008-2009) hasta Masters (53 a\u00f1os en adelante).<\/p>\n<p>Tanto el Voleibol de Playa como el de Sala ser\u00e1n coordinados por Armando Nieves, quien precis\u00f3 que la primera de las modalidades iniciar\u00e1 el mi\u00e9rcoles 3 de junio con acciones en las categor\u00edas primera fuerza (varonil y femenil), primera especial (femenil) y dependencias-empresariales (mixto).<\/p>\n<p>En playa, agreg\u00f3, las categor\u00edas ser\u00e1n 2vs2 abierta, 3&#215;3 abierta, 3vs3 kids (9-11 a\u00f1os) y 3vs3 teens (12-14 a\u00f1os), todas en ambas ramas, desde el 6 de junio en Playa Hermosa.<\/p>\n<p>Y en cuanto al futbol r\u00e1pido, Jos\u00e9 Luis \u00c1lvarez ser\u00e1 el encargado en promover las acciones que empezar\u00e1n el martes 16 de junio en la cancha de la especialidad que se ubica en la UABC Sauzal, con las categor\u00edas intermedia y preparatorias en rama varonil.<\/p>\n<p>Miguel \u00c1ngel Aispuro, coordinador estatal de la Facultad de Deportes, calcul\u00f3 que en Ensenada participar\u00e1n alrededor de mil 500 deportistas, mientras que a nivel estado ser\u00e1n alrededor de 6 mil.<\/p>\n<p>Precis\u00f3 que el Torneo Uninvitaver (abreviaci\u00f3n de Universidad Invita en Verano) naci\u00f3 en Mexicali desde 1972 y con los a\u00f1os se expandi\u00f3 a las campus de Tijuana y Ensenada.<\/p>\n<p>Por su parte, Sara Le\u00f3n e Isabel Mar\u00edn, junto a la coordinadora de la Facultad de Deportes, Mar\u00eda Jes\u00fas Trujillo, detallaron que el Plan Vacacional presentar\u00e1 diferentes actividades recreativas y de desarrollo deportivo para los ni\u00f1os inscritos.<\/p>\n<p>En representaci\u00f3n de Vicerrector\u00eda estuvo Angelina Covarrubias.<\/p>\n<p>Los interesados en cualquiera de las opciones, pueden establecer comunicaci\u00f3n en la Facultad de Deportes de la UABC, cuyos n\u00fameros telef\u00f3nicos son (646) 175-0707, extensiones 65 501 y 65 502, en horarios de 9:00 a 14:00 horas y de 16:00 a 19:00.<\/p>\n","protected":false},"excerpt":{"rendered":"<p>Ensenada, Baja California.- La edici\u00f3n 17 del Torneo Uninvitaver 2015 fue anunciada en Ensenada con&#8230;<\/p>\n","protected":false},"author":1,"featured_media":2843645,"comment_status":"closed","ping_status":"closed","sticky":false,"template":"","format":"standard","meta":{"footnotes":""},"categories":[1,7],"tags":[],"class_list":["post-2843643","post","type-post","status-publish","format-standard","has-post-thumbnail","hentry","category-uncategorized","category-deportes"],"_links":{"self":[{"href":"https:\/\/agpnoticias.com\/news\/index.php?rest_route=\/wp\/v2\/posts\/2843643","targetHints":{"allow":["GET"]}}],"collection":[{"href":"https:\/\/agpnoticias.com\/news\/index.php?rest_route=\/wp\/v2\/posts"}],"about":[{"href":"https:\/\/agpnoticias.com\/news\/index.php?rest_route=\/wp\/v2\/types\/post"}],"author":[{"embeddable":true,"href":"https:\/\/agpnoticias.com\/news\/index.php?rest_route=\/wp\/v2\/users\/1"}],"replies":[{"embeddable":true,"href":"https:\/\/agpnoticias.com\/news\/index.php?rest_route=%2Fwp%2Fv2%2Fcomments&post=2843643"}],"version-history":[{"count":4,"href":"https:\/\/agpnoticias.com\/news\/index.php?rest_route=\/wp\/v2\/posts\/2843643\/revisions"}],"predecessor-version":[{"id":2843649,"href":"https:\/\/agpnoticias.com\/news\/index.php?rest_route=\/wp\/v2\/posts\/2843643\/revisions\/2843649"}],"wp:featuredmedia":[{"embeddable":true,"href":"https:\/\/agpnoticias.com\/news\/index.php?rest_route=\/wp\/v2\/media\/2843645"}],"wp:attachment":[{"href":"https:\/\/agpnoticias.com\/news\/index.php?rest_route=%2Fwp%2Fv2%2Fmedia&parent=2843643"}],"wp:term":[{"taxonomy":"category","embeddable":true,"href":"https:\/\/agpnoticias.com\/news\/index.php?rest_route=%2Fwp%2Fv2%2Fcategories&post=2843643"},{"taxonomy":"post_tag","embeddable":true,"href":"https:\/\/agpnoticias.com\/news\/index.php?rest_route=%2Fwp%2Fv2%2Ftags&post=2843643"}],"curies":[{"name":"wp","href":"https:\/\/api.w.org\/{rel}","templated":true}]}}