{"id":2844565,"date":"2015-06-25T14:40:36","date_gmt":"2015-06-25T21:40:36","guid":{"rendered":"http:\/\/agpnoticias.com\/news\/?p=2844565"},"modified":"2015-06-25T14:40:37","modified_gmt":"2015-06-25T21:40:37","slug":"proponen-comision-especializada-en-artes-marciales-mixtas","status":"publish","type":"post","link":"https:\/\/agpnoticias.com\/news\/?p=2844565","title":{"rendered":"Proponen comisi\u00f3n especializada en Artes Marciales Mixtas"},"content":{"rendered":"<figure id=\"attachment_2844573\" aria-describedby=\"caption-attachment-2844573\" style=\"width: 800px\" class=\"wp-caption aligncenter\"><a href=\"http:\/\/agpnoticias.com\/news\/proponen-comision-especializada-en-artes-marciales-mixtas\/los-promotores-de-vale-todo-se-reunieron-con-el-director-de-inmudere\/\" rel=\"attachment wp-att-2844573\"><img fetchpriority=\"high\" decoding=\"async\" class=\"size-full wp-image-2844573\" src=\"http:\/\/agpnoticias.com\/news\/wp-content\/uploads\/2015\/06\/Los-promotores-de-Vale-Todo-se-reunieron-con-el-director-de-Inmudere.jpg\" alt=\"Los promotores de Vale Todo se reunieron con el director de Inmudere\" width=\"800\" height=\"524\" srcset=\"https:\/\/agpnoticias.com\/news\/wp-content\/uploads\/2015\/06\/Los-promotores-de-Vale-Todo-se-reunieron-con-el-director-de-Inmudere.jpg 800w, https:\/\/agpnoticias.com\/news\/wp-content\/uploads\/2015\/06\/Los-promotores-de-Vale-Todo-se-reunieron-con-el-director-de-Inmudere-200x131.jpg 200w, https:\/\/agpnoticias.com\/news\/wp-content\/uploads\/2015\/06\/Los-promotores-de-Vale-Todo-se-reunieron-con-el-director-de-Inmudere-600x393.jpg 600w\" sizes=\"(max-width: 800px) 100vw, 800px\" \/><\/a><figcaption id=\"caption-attachment-2844573\" class=\"wp-caption-text\">Los promotores de Vale Todo se reunieron con el director de Inmudere<\/figcaption><\/figure>\n<p>Ensenada, Baja California.- Promotores, entrenadores y peleadores de Artes Marciales Mixtas se han unido para crear un bosquejo de lo que ser\u00eda una comisi\u00f3n especializada en la materia, que operar\u00eda al margen de la correspondiente al Boxeo y la Lucha Libre.<\/p>\n<p>Ante lo obsoleto del reglamento de la actual Comisi\u00f3n de Box, Lucha Libre y Kick Boxing de Ensenada, la iniciativa pretende establecer los lineamientos que regir\u00edan las actividades tanto de las Artes Marciales Mixtas (Vale Todo) como de Muay Thai y Kick Boxing.<\/p>\n<p>\u00abEstamos promoviendo que se cree una Comisi\u00f3n de Artes Marciales Mixtas de Ensenada como sucede en Mexicali y Tijuana donde as\u00ed operan, separadas la comisi\u00f3n de Box y Lucha Libre\u00bb, inform\u00f3 Jos\u00e9 de Jes\u00fas M\u00e9ndez.<\/p>\n<p>El ex peleador profesional y actual instructor especializado en Jiu Jitsu encabez\u00f3 al grupo de promotores y entrenadores que acudi\u00f3 el mediod\u00eda de este jueves para plantearle el proyecto a Miguel Garc\u00eda Urias, director del Instituto Municipal del Deporte y Recreaci\u00f3n (Inmudere).<\/p>\n<p>\u00abEsta comisi\u00f3n estar\u00eda al tanto de las Artes Marciales Mixtas, Kick Boxing y Muay Thai, que no tienen que ver con el Box y la Lucha Libre. Son diferentes tipos de r\u00e9feris y jueces y esto ayudar\u00eda a evitar problemas de puntuaciones y malas decisiones\u00bb, explic\u00f3.<\/p>\n<p>En ese sentido, subray\u00f3 la importancia de contar con un cuerpo de r\u00e9feris capacitado para intervenir en un combate y proteger tanto el espect\u00e1culo como la integridad de los peleadores.<\/p>\n<p>\u00abPasa com\u00fanmente que en peleas de Kick Boxing o Muay Thai meten r\u00e9feris de box que no tienen ni idea porque se trata de disciplinas diferentes. Tambi\u00e9n han querido incluir r\u00e9feris de Box en peleas de Artes Marciales Mixtas, pero afortunadamente no ha sucedido.<\/p>\n<p>\u00abTampoco queremos r\u00e9feris espont\u00e1neos, sino gente que sepa del deporte, que haya combatido dentro de un cuadril\u00e1tero o una jaula para que sepan reconocer las sensaciones o el tipo de dolor de los peleadores\u00bb, agreg\u00f3.<\/p>\n<p>En especial, dijo, lo ideal es que sean r\u00e9feris j\u00f3venes, que puedan meterse a separar un combate en el momento adecuado.<\/p>\n<p>\u00abHay gente capacitada en Ensenada y tambi\u00e9n trataremos hacernos de un recurso para capacitar a los r\u00e9feris porque en Mexicali, Tijuana o San Diego hay muy buenos cursos impartidos por gente preparada, gente que ha trabajado hasta en UFC\u00bb, apunt\u00f3.<\/p>\n<p>Jes\u00fas M\u00e9ndez indic\u00f3 que la mayor\u00eda de los entrenadores y titulares de los gimnasios locales est\u00e1n de acuerdo con el proyecto y \u00abpor eso se le presentar\u00e1 al director de Inmudere en espera de una respuesta positiva\u00bb.<\/p>\n<p>Por su parte, Arafath Torres resalt\u00f3 la importancia de establecer un reglamento en base a los requerimientos de una disciplina relativamente joven como las Artes Marciales Mixtas.<\/p>\n<p>\u00abEs importante que se sancionen las Artes Marciales Mixtas con una reglamentaci\u00f3n acorde a la actualizaci\u00f3n de este deporte que apenas tiene 20 a\u00f1os. Es il\u00f3gico que una comisi\u00f3n sancione un deporte que no est\u00e1 contemplado en su reglamento\u00bb, estableci\u00f3.<\/p>\n<p>El titular de la Academia AVT de Punta Banda precis\u00f3 que la propuesta incluye \u00abun reglamento actualizado, criterios de jueceo, descripci\u00f3n de los eventos \u00a0todo lo que se requiere para contar con una comisi\u00f3n eficiente\u00bb.<\/p>\n<p>Adem\u00e1s, destac\u00f3 la presencia de Jes\u00fas M\u00e9ndez como cabeza del movimiento para marcar un precedente con la creaci\u00f3n de una comisi\u00f3n especializada en Artes Marciales Mixtas.<\/p>\n<p>\u00ab\u00c9l tiene mucha experiencia, fue peleador profesional, es instructor de Jiu Jitsu brasile\u00f1o y cuenta con la preparaci\u00f3n acad\u00e9mica para encabezar esta idea.<\/p>\n<p>\u00abEs un deporte joven y de la misma manera se necesitan mentes j\u00f3venes para alcanzar un buen nivel y poder tener aqu\u00ed funciones de talla internacional\u00bb, refiri\u00f3.<\/p>\n","protected":false},"excerpt":{"rendered":"<p>Ensenada, Baja California.- Promotores, entrenadores y peleadores de Artes Marciales Mixtas se han unido para&#8230;<\/p>\n","protected":false},"author":1,"featured_media":2844573,"comment_status":"closed","ping_status":"closed","sticky":false,"template":"","format":"standard","meta":{"footnotes":""},"categories":[1,36,7],"tags":[],"class_list":["post-2844565","post","type-post","status-publish","format-standard","has-post-thumbnail","hentry","category-uncategorized","category-boxeo","category-deportes"],"_links":{"self":[{"href":"https:\/\/agpnoticias.com\/news\/index.php?rest_route=\/wp\/v2\/posts\/2844565","targetHints":{"allow":["GET"]}}],"collection":[{"href":"https:\/\/agpnoticias.com\/news\/index.php?rest_route=\/wp\/v2\/posts"}],"about":[{"href":"https:\/\/agpnoticias.com\/news\/index.php?rest_route=\/wp\/v2\/types\/post"}],"author":[{"embeddable":true,"href":"https:\/\/agpnoticias.com\/news\/index.php?rest_route=\/wp\/v2\/users\/1"}],"replies":[{"embeddable":true,"href":"https:\/\/agpnoticias.com\/news\/index.php?rest_route=%2Fwp%2Fv2%2Fcomments&post=2844565"}],"version-history":[{"count":4,"href":"https:\/\/agpnoticias.com\/news\/index.php?rest_route=\/wp\/v2\/posts\/2844565\/revisions"}],"predecessor-version":[{"id":2844575,"href":"https:\/\/agpnoticias.com\/news\/index.php?rest_route=\/wp\/v2\/posts\/2844565\/revisions\/2844575"}],"wp:featuredmedia":[{"embeddable":true,"href":"https:\/\/agpnoticias.com\/news\/index.php?rest_route=\/wp\/v2\/media\/2844573"}],"wp:attachment":[{"href":"https:\/\/agpnoticias.com\/news\/index.php?rest_route=%2Fwp%2Fv2%2Fmedia&parent=2844565"}],"wp:term":[{"taxonomy":"category","embeddable":true,"href":"https:\/\/agpnoticias.com\/news\/index.php?rest_route=%2Fwp%2Fv2%2Fcategories&post=2844565"},{"taxonomy":"post_tag","embeddable":true,"href":"https:\/\/agpnoticias.com\/news\/index.php?rest_route=%2Fwp%2Fv2%2Ftags&post=2844565"}],"curies":[{"name":"wp","href":"https:\/\/api.w.org\/{rel}","templated":true}]}}