{"id":2844601,"date":"2015-06-26T18:10:29","date_gmt":"2015-06-27T01:10:29","guid":{"rendered":"http:\/\/agpnoticias.com\/news\/?p=2844601"},"modified":"2015-06-26T18:10:30","modified_gmt":"2015-06-27T01:10:30","slug":"sheke-chapulin-y-gallito-listos-para-la-noche-de-idolos-marchena","status":"publish","type":"post","link":"https:\/\/agpnoticias.com\/news\/?p=2844601","title":{"rendered":"\u00abSheke\u00bb, \u00abChapul\u00edn\u00bb y \u00abGallito\u00bb listos para la \u00abNoche de \u00cddolos\u00bb: Marchena"},"content":{"rendered":"<figure id=\"attachment_2844603\" aria-describedby=\"caption-attachment-2844603\" style=\"width: 800px\" class=\"wp-caption aligncenter\"><a href=\"http:\/\/agpnoticias.com\/news\/sheke-chapulin-y-gallito-listos-para-la-noche-de-idolos-marchena\/los-marchena-con-tres-de-los-protagonistas-de-la-noche-de-idolos\/\" rel=\"attachment wp-att-2844603\"><img fetchpriority=\"high\" decoding=\"async\" class=\"size-full wp-image-2844603\" src=\"http:\/\/agpnoticias.com\/news\/wp-content\/uploads\/2015\/06\/Los-Marchena-con-tres-de-los-protagonistas-de-la-Noche-de-\u00cddolos.jpg\" alt=\"Los Marchena con tres de los protagonistas de la Noche de \u00cddolos\" width=\"800\" height=\"533\" srcset=\"https:\/\/agpnoticias.com\/news\/wp-content\/uploads\/2015\/06\/Los-Marchena-con-tres-de-los-protagonistas-de-la-Noche-de-\u00cddolos.jpg 800w, https:\/\/agpnoticias.com\/news\/wp-content\/uploads\/2015\/06\/Los-Marchena-con-tres-de-los-protagonistas-de-la-Noche-de-\u00cddolos-200x133.jpg 200w, https:\/\/agpnoticias.com\/news\/wp-content\/uploads\/2015\/06\/Los-Marchena-con-tres-de-los-protagonistas-de-la-Noche-de-\u00cddolos-600x400.jpg 600w\" sizes=\"(max-width: 800px) 100vw, 800px\" \/><\/a><figcaption id=\"caption-attachment-2844603\" class=\"wp-caption-text\">Los Marchena con tres de los protagonistas de la Noche de \u00cddolos<\/figcaption><\/figure>\n<p>Ensenada, Baja California.- A una semana de la \u00abNoche de \u00cddolos\u00bb, Ezequiel \u00abSheke\u00bb Avil\u00e9s est\u00e1 listo para disputar el campeonato ligero juvenil plata del Consejo Mundial de Boxeo contra Erik \u00abFacebook\u00bb Mart\u00ednez.<\/p>\n<p>\u00abYa pele\u00f3 12 rounds de sparring, seis con (Roberto) \u00b4Chapul\u00edn\u00b4 (Rivera) y seis con (Carlos) \u00b4Gallito\u00b4Morgan, y los tres se vieron bien, fuertes y listos para pelear el pr\u00f3ximo viernes\u00bb, dijo Ram\u00f3n Marchena.<\/p>\n<p>El entrenador de los tres boxeadores que se presentar\u00e1n el viernes 3 de julio en el gimnasio municipal \u00d3scar \u00abTigre\u00bb Garc\u00eda consider\u00f3 que Ezequiel Avil\u00e9s aprovechar\u00e1 la oportunidad de ganar el campeonato.<\/p>\n<p>\u00abEst\u00e1 trabajando muy bien, tanto en el gimnasio como corriendo, y creo que ahora s\u00ed ganar\u00e1 el t\u00edtulo\u00bb, dijo en referencia al empate que registr\u00f3 en la pelea contra Abraham \u00abBombi\u00bb Cordero el 25 de abril en la disputa del mismo campeonato.<\/p>\n<p>En cuanto a \u00abChapul\u00edn\u00bb Rivera sostuvo que \u00abest\u00e1 mejor que nunca\u00bb y pronostic\u00f3 que vencer\u00e1 a un rival \u00abmuy duro\u00bb como Adri\u00e1n Zendejas, que noque\u00f3 en la misma funci\u00f3n de la \u00faltima semana de abril a H\u00e9ctor \u00abEstudiante\u00bb Ambriz.<\/p>\n<p>Adem\u00e1s, Carlos \u00abGallito\u00bb Morgan \u00abme ha sorprendido por lo bien que se ha visto despu\u00e9s de un buen tiempo de inactividad\u00bb.<\/p>\n<p>\u00abEl s\u00e1bado me los llevo a correr a San Antonio y los \u00faltimos d\u00edas ser\u00e1n para cuidar el peso, ya que los tres est\u00e1n casi listos\u00bb, apunt\u00f3.<\/p>\n<p>Junto a los peleadores dirigidos por Ram\u00f3n Marchena, en la funci\u00f3n \u00abNoche de \u00cddolos\u00bb participar\u00e1n Sergio \u00abMicky\u00bb L\u00f3pez, \u00c1ngel \u00abDiablito\u00bb Ramos, Alexis \u00abPillo\u00bb Canett, Katty Guti\u00e9rrez y Francisco Gabriel Pi\u00f1a.<\/p>\n","protected":false},"excerpt":{"rendered":"<p>Ensenada, Baja California.- A una semana de la \u00abNoche de \u00cddolos\u00bb, Ezequiel \u00abSheke\u00bb Avil\u00e9s est\u00e1&#8230;<\/p>\n","protected":false},"author":1,"featured_media":2844603,"comment_status":"closed","ping_status":"closed","sticky":false,"template":"","format":"standard","meta":{"footnotes":""},"categories":[1,36,7],"tags":[],"class_list":["post-2844601","post","type-post","status-publish","format-standard","has-post-thumbnail","hentry","category-uncategorized","category-boxeo","category-deportes"],"_links":{"self":[{"href":"https:\/\/agpnoticias.com\/news\/index.php?rest_route=\/wp\/v2\/posts\/2844601","targetHints":{"allow":["GET"]}}],"collection":[{"href":"https:\/\/agpnoticias.com\/news\/index.php?rest_route=\/wp\/v2\/posts"}],"about":[{"href":"https:\/\/agpnoticias.com\/news\/index.php?rest_route=\/wp\/v2\/types\/post"}],"author":[{"embeddable":true,"href":"https:\/\/agpnoticias.com\/news\/index.php?rest_route=\/wp\/v2\/users\/1"}],"replies":[{"embeddable":true,"href":"https:\/\/agpnoticias.com\/news\/index.php?rest_route=%2Fwp%2Fv2%2Fcomments&post=2844601"}],"version-history":[{"count":3,"href":"https:\/\/agpnoticias.com\/news\/index.php?rest_route=\/wp\/v2\/posts\/2844601\/revisions"}],"predecessor-version":[{"id":2844605,"href":"https:\/\/agpnoticias.com\/news\/index.php?rest_route=\/wp\/v2\/posts\/2844601\/revisions\/2844605"}],"wp:featuredmedia":[{"embeddable":true,"href":"https:\/\/agpnoticias.com\/news\/index.php?rest_route=\/wp\/v2\/media\/2844603"}],"wp:attachment":[{"href":"https:\/\/agpnoticias.com\/news\/index.php?rest_route=%2Fwp%2Fv2%2Fmedia&parent=2844601"}],"wp:term":[{"taxonomy":"category","embeddable":true,"href":"https:\/\/agpnoticias.com\/news\/index.php?rest_route=%2Fwp%2Fv2%2Fcategories&post=2844601"},{"taxonomy":"post_tag","embeddable":true,"href":"https:\/\/agpnoticias.com\/news\/index.php?rest_route=%2Fwp%2Fv2%2Ftags&post=2844601"}],"curies":[{"name":"wp","href":"https:\/\/api.w.org\/{rel}","templated":true}]}}