{"id":2844725,"date":"2015-06-29T14:31:35","date_gmt":"2015-06-29T21:31:35","guid":{"rendered":"http:\/\/agpnoticias.com\/news\/?p=2844725"},"modified":"2015-06-29T14:32:00","modified_gmt":"2015-06-29T21:32:00","slug":"estrenara-contrato-pillo-en-la-noche-de-idolos","status":"publish","type":"post","link":"https:\/\/agpnoticias.com\/news\/?p=2844725","title":{"rendered":"Estrenar\u00e1 contrato \u00abPillo\u00bb en la \u00abNoche de \u00cddolos\u00bb"},"content":{"rendered":"<figure id=\"attachment_2844726\" aria-describedby=\"caption-attachment-2844726\" style=\"width: 800px\" class=\"wp-caption aligncenter\"><a href=\"http:\/\/agpnoticias.com\/news\/estrenara-contrato-pillo-en-la-noche-de-idolos\/alexis-canett-6\/\" rel=\"attachment wp-att-2844726\"><img fetchpriority=\"high\" decoding=\"async\" class=\"size-full wp-image-2844726\" src=\"http:\/\/agpnoticias.com\/news\/wp-content\/uploads\/2015\/06\/Alexis-Canett.jpg\" alt=\"Alexis Canett\" width=\"800\" height=\"533\" srcset=\"https:\/\/agpnoticias.com\/news\/wp-content\/uploads\/2015\/06\/Alexis-Canett.jpg 800w, https:\/\/agpnoticias.com\/news\/wp-content\/uploads\/2015\/06\/Alexis-Canett-200x133.jpg 200w, https:\/\/agpnoticias.com\/news\/wp-content\/uploads\/2015\/06\/Alexis-Canett-600x400.jpg 600w\" sizes=\"(max-width: 800px) 100vw, 800px\" \/><\/a><figcaption id=\"caption-attachment-2844726\" class=\"wp-caption-text\">Alexis Canett<\/figcaption><\/figure>\n<p>Ensenada, Baja California.- Alexis \u00abPillo\u00bb Canett debutar\u00e1 como peleador de la empresa Marchena Promotions el viernes durante la funci\u00f3n \u00abNoche de \u00cddolos\u00bb.<\/p>\n<p>El boxeador dirigido por \u00d3scar \u00abVaquero\u00bb Maldonado y Jos\u00e9 Guardado es uno de los talentos locales que se presentar\u00e1 esa noche en el gimnasio municipal \u00d3scar \u00abTigre\u00bb Garc\u00eda, reci\u00e9n firmado por el promotor Ram\u00f3n Marchena.<\/p>\n<p>\u00abMe llam\u00f3 la atenci\u00f3n la forma c\u00f3mo trabaja Marchena porque ha cumplido lo que promete. Hab\u00edamos tenido problemas con promotoras pasadas que no cumpl\u00edan o no pagaban a tiempo, o \u00a0te firman pero jam\u00e1s se interesan en uno\u00bb, dijo el pr\u00f3ximo rival de Jos\u00e9 \u00abPel\u00f3n\u00bb Ramos.<\/p>\n<p>Entre los proyectos planteados por Marchena, \u00abhay posibilidades de traer un campeonato de una organizaci\u00f3n seria, a m\u00ed no me interesan los campeonatos de chocolate, necesito algo que me clasifique y me d\u00e9 la oportunidad de peleas buenas\u00bb.<\/p>\n<p>Sin embargo, el a\u00fan invicto en el profesionalismo consider\u00f3 que todav\u00eda tiene que trabajar para encontrar la oportunidad que busca, primero contra rivales que le exijan y le permitan crecer.<\/p>\n<p>\u00abMe falta madurez todav\u00eda porque fue mucho tiempo de hacer Kick Boxing, que es m\u00e1s agresivo. Apenas me estoy asentando como boxeador y me faltan cosas por afinar con peleadores que me hagan batallar, aprender de otros estilos\u00bb, apunt\u00f3.<\/p>\n<p>En ese sentido, explic\u00f3 : \u00abAntes peleaba Kick Boxing y Muay Thai y mi meta era el campeonato del mundo, pero perd\u00ed la pelea y me retir\u00e9 de esa disciplina con 29 peleas, de las cuales s\u00f3lo perd\u00ed dos. Entonces decid\u00ed boxear y ya son 11 peleas sin derrota\u00bb.<\/p>\n<p>Alexis Canett, que regresa tras arrebatarle el invicto al mexicalense Oliver Quintana el 24 de abril, confi\u00f3 en que la funci\u00f3n \u00abNoche de \u00cddolos\u00bb ser\u00e1 un \u00e9xito, sobre todo por la pelea estelar por el campeonato ligero plata del CMB entre el local \u00abSheke\u00bb Avil\u00e9s y Erik \u00abFacebook\u00bb Mart\u00ednez.<\/p>\n<p>\u00abSer\u00e1 un lleno total porque Sheke mete mucha gente y a todos nos ayudar\u00e1 que \u00e9l gane el t\u00edtulo, adem\u00e1s de todos los peleadores locales que estaremos ah\u00ed jalamos gente\u00bb, afirm\u00f3.<\/p>\n<p>El \u00abPillo\u00bb tambi\u00e9n aclar\u00f3 que tuvo firmado un convenio con el promotor Sa\u00fal R\u00edos, \u00abpero algunas cosas no me gustaron; nunca me dieron la visa que prometieron ni llegaron la peleas bien pagadas\u00bb.<\/p>\n<p>Por \u00faltimo, destac\u00f3 la influencia que tienen en su carrera los entrenadores Jos\u00e9 Guardado y \u00d3scar \u00abVaquero\u00bb Maldonado. \u00abEllos est\u00e1n al 50 por ciento de mi carrera, y el resto lo decidimos mi familia y yo\u00bb.<\/p>\n<figure id=\"attachment_2844727\" aria-describedby=\"caption-attachment-2844727\" style=\"width: 800px\" class=\"wp-caption aligncenter\"><a href=\"http:\/\/agpnoticias.com\/news\/estrenara-contrato-pillo-en-la-noche-de-idolos\/el-pillo-con-sus-entrenadores-jose-guardado-y-vaquero-maldonado\/\" rel=\"attachment wp-att-2844727\"><img decoding=\"async\" class=\"size-full wp-image-2844727\" src=\"http:\/\/agpnoticias.com\/news\/wp-content\/uploads\/2015\/06\/El-Pillo-con-sus-entrenadores-Jos\u00e9-Guardado-y-Vaquero-Maldonado.jpg\" alt=\"El &quot;Pillo&quot; con sus entrenadores Jos\u00e9 Guardado y Vaquero Maldonado\" width=\"800\" height=\"533\" srcset=\"https:\/\/agpnoticias.com\/news\/wp-content\/uploads\/2015\/06\/El-Pillo-con-sus-entrenadores-Jos\u00e9-Guardado-y-Vaquero-Maldonado.jpg 800w, https:\/\/agpnoticias.com\/news\/wp-content\/uploads\/2015\/06\/El-Pillo-con-sus-entrenadores-Jos\u00e9-Guardado-y-Vaquero-Maldonado-200x133.jpg 200w, https:\/\/agpnoticias.com\/news\/wp-content\/uploads\/2015\/06\/El-Pillo-con-sus-entrenadores-Jos\u00e9-Guardado-y-Vaquero-Maldonado-600x400.jpg 600w\" sizes=\"(max-width: 800px) 100vw, 800px\" \/><\/a><figcaption id=\"caption-attachment-2844727\" class=\"wp-caption-text\">El \u00abPillo\u00bb con sus entrenadores Jos\u00e9 Guardado y Vaquero Maldonado<\/figcaption><\/figure>\n<p><strong>\u00abVaquero\u00bb<\/strong><\/p>\n<p>Junto a Jos\u00e9 Guardado, \u00d3scar \u00abVaquero\u00bb Maldonado estuvo al tanto de la negociaci\u00f3n entre Ram\u00f3n Marchena y Alexis Canett.<\/p>\n<p>\u00abPlaticamos antes de la firma para ver qu\u00e9 ofrec\u00eda Ram\u00f3n porque siempre procuramos el bien del boxeador y s\u00ed nos llam\u00f3 la atenci\u00f3n que le tiene preparadas peleas buenas\u00bb, dijo el entrenador.<\/p>\n<p>Por el momento, dijo, \u00ablo importante es trabajar fuerte con Canett para no aventarlo as\u00ed nada m\u00e1s por un campeonato. Debe tener un buen nivel para que d\u00e9 espect\u00e1culo y pueda ganarlo. Tenemos que darnos cuenta en el momento que ya est\u00e9 capacitado\u00bb.<\/p>\n<p>En ese sentido, estim\u00f3 que \u00abpara el pr\u00f3ximo a\u00f1o (Canett) ya podr\u00e1 estar en grandes ligas\u00bb.<\/p>\n<p>\u00abSu \u00faltima pelea, cuando le gan\u00f3 a Oliver Quintana fue importante porque hab\u00eda gente que no cre\u00eda en \u00e9l. Y al final qued\u00f3 m\u00e1s que demostrado que siempre busc\u00f3 la pelea y fue hacia adelante; cay\u00f3 una vez, pero Oliver nunca lo puso mal\u00bb, afirm\u00f3.<\/p>\n<p>El \u00abVaquero\u00bb Maldonado dijo que \u00abPillo\u00bb Canett \u00abest\u00e1 listo para su pr\u00f3xima pelea\u00bb ante Jos\u00e9 \u00abPel\u00f3n\u00bb Ramos, quien \u00abentr\u00f3 de \u00faltima hora porque el \u00b4Oso\u00b4 Zavala perdi\u00f3 un diente haciendo sparring con Omar Estrella\u00bb.<\/p>\n<p>\u00abYa hizo sparring y ahora s\u00f3lo esperamos que llegue la pelea\u00bb, apunt\u00f3 en torno al combate incluido en \u00abLa Noche de \u00cddolos\u00bb.<\/p>\n","protected":false},"excerpt":{"rendered":"<p>Ensenada, Baja California.- Alexis \u00abPillo\u00bb Canett debutar\u00e1 como peleador de la empresa Marchena Promotions el&#8230;<\/p>\n","protected":false},"author":1,"featured_media":2844726,"comment_status":"closed","ping_status":"closed","sticky":false,"template":"","format":"standard","meta":{"footnotes":""},"categories":[1,36,7],"tags":[],"class_list":["post-2844725","post","type-post","status-publish","format-standard","has-post-thumbnail","hentry","category-uncategorized","category-boxeo","category-deportes"],"_links":{"self":[{"href":"https:\/\/agpnoticias.com\/news\/index.php?rest_route=\/wp\/v2\/posts\/2844725","targetHints":{"allow":["GET"]}}],"collection":[{"href":"https:\/\/agpnoticias.com\/news\/index.php?rest_route=\/wp\/v2\/posts"}],"about":[{"href":"https:\/\/agpnoticias.com\/news\/index.php?rest_route=\/wp\/v2\/types\/post"}],"author":[{"embeddable":true,"href":"https:\/\/agpnoticias.com\/news\/index.php?rest_route=\/wp\/v2\/users\/1"}],"replies":[{"embeddable":true,"href":"https:\/\/agpnoticias.com\/news\/index.php?rest_route=%2Fwp%2Fv2%2Fcomments&post=2844725"}],"version-history":[{"count":2,"href":"https:\/\/agpnoticias.com\/news\/index.php?rest_route=\/wp\/v2\/posts\/2844725\/revisions"}],"predecessor-version":[{"id":2844729,"href":"https:\/\/agpnoticias.com\/news\/index.php?rest_route=\/wp\/v2\/posts\/2844725\/revisions\/2844729"}],"wp:featuredmedia":[{"embeddable":true,"href":"https:\/\/agpnoticias.com\/news\/index.php?rest_route=\/wp\/v2\/media\/2844726"}],"wp:attachment":[{"href":"https:\/\/agpnoticias.com\/news\/index.php?rest_route=%2Fwp%2Fv2%2Fmedia&parent=2844725"}],"wp:term":[{"taxonomy":"category","embeddable":true,"href":"https:\/\/agpnoticias.com\/news\/index.php?rest_route=%2Fwp%2Fv2%2Fcategories&post=2844725"},{"taxonomy":"post_tag","embeddable":true,"href":"https:\/\/agpnoticias.com\/news\/index.php?rest_route=%2Fwp%2Fv2%2Ftags&post=2844725"}],"curies":[{"name":"wp","href":"https:\/\/api.w.org\/{rel}","templated":true}]}}