{"id":2844753,"date":"2015-06-30T17:11:54","date_gmt":"2015-07-01T00:11:54","guid":{"rendered":"http:\/\/agpnoticias.com\/news\/?p=2844753"},"modified":"2015-06-30T17:17:43","modified_gmt":"2015-07-01T00:17:43","slug":"otro-protagonista-en-la-noche-de-idolos-estudiante-ambriz","status":"publish","type":"post","link":"https:\/\/agpnoticias.com\/news\/?p=2844753","title":{"rendered":"Otro protagonista en la \u00abNoche de \u00cddolos\u00bb: \u00abEstudiante\u00bb Ambriz"},"content":{"rendered":"<figure id=\"attachment_2844757\" aria-describedby=\"caption-attachment-2844757\" style=\"width: 800px\" class=\"wp-caption aligncenter\"><a href=\"http:\/\/agpnoticias.com\/news\/otro-protagonista-en-la-noche-de-idolos-estudiante-ambriz\/hector-estudiante-ambriz-3\/\" rel=\"attachment wp-att-2844757\"><img fetchpriority=\"high\" decoding=\"async\" class=\"size-full wp-image-2844757\" src=\"http:\/\/agpnoticias.com\/news\/wp-content\/uploads\/2015\/06\/H\u00e9ctor-Estudiante-Ambriz.jpg\" alt=\"H\u00e9ctor &quot;Estudiante&quot; Ambriz\" width=\"800\" height=\"546\" srcset=\"https:\/\/agpnoticias.com\/news\/wp-content\/uploads\/2015\/06\/H\u00e9ctor-Estudiante-Ambriz.jpg 800w, https:\/\/agpnoticias.com\/news\/wp-content\/uploads\/2015\/06\/H\u00e9ctor-Estudiante-Ambriz-200x137.jpg 200w, https:\/\/agpnoticias.com\/news\/wp-content\/uploads\/2015\/06\/H\u00e9ctor-Estudiante-Ambriz-600x410.jpg 600w\" sizes=\"(max-width: 800px) 100vw, 800px\" \/><\/a><figcaption id=\"caption-attachment-2844757\" class=\"wp-caption-text\">H\u00e9ctor \u00abEstudiante\u00bb Ambriz<\/figcaption><\/figure>\n<p>Ensenada, Baja California.- H\u00e9ctor \u00abEstudiante\u00bb Ambriz se ha sumado a la \u00abNoche de \u00cddolos\u00bb programada el viernes en el gimnasio municipal \u00d3scar \u00abTigre\u00bb Garc\u00eda.<\/p>\n<p>El promotor Ram\u00f3n Marchena confirm\u00f3 al boxeador\u00a0que pele\u00f3 por \u00faltima vez el 25 de abril cuando fue noqueado en el cuarto asalto por Adri\u00e1n Zendejas, quien, por su parte, estar\u00e1 en la misma funci\u00f3n contra Roberto \u00abChapul\u00edn\u00bb Rivera.<\/p>\n<p>\u00abVa \u00b4El Estudiante\u00b4, le tendremos rival este mi\u00e9rcoles para que pelee el viernes\u00bb, dijo el organizador de la funci\u00f3n cuyo combate estelar ser\u00e1 por el t\u00edtulo plata del CMB en la divisi\u00f3n de los ligeros entre Ezequiel \u00abSheke\u00bb Avil\u00e9s y Erik \u00abFacebook\u00bb Mart\u00ednez.<\/p>\n<p>Por su parte, \u00d3scar \u00abVaquero\u00bb Maldonado destac\u00f3 la reacci\u00f3n positiva que tuvo Ambriz despu\u00e9s de perder por nocaut.<\/p>\n<p>\u00abEs un chavalito que no deja el gimnasio para nada. Aprendi\u00f3 mucho de la derrota y a los tres d\u00edas ya quer\u00eda volver al gimnasio. Le dije que no, que ten\u00eda que descansar y regres\u00f3 muy metido y ya est\u00e1 listo para subir en cualquier momento\u00bb, apunt\u00f3 el entrenador.<\/p>\n<p>Del mismo gimnasio comandado por el \u00abVaquero\u00bb Maldonado y Jos\u00e9 Guardado pelear\u00e1n \u00c1ngel \u00abDiablito\u00bb Ramos y Alexis \u00abPillo\u00bb Canett.<\/p>\n<p>Otros protagonistas ser\u00e1n Sergio \u00abMicky\u00bb L\u00f3pez, Francisco Gabriel Pi\u00f1a, Katty Guti\u00e9rrez, Roberto \u00abChapul\u00edn\u00bb Rivera y Carlos \u00abGallito\u00bb Morgan.<\/p>\n","protected":false},"excerpt":{"rendered":"<p>Ensenada, Baja California.- H\u00e9ctor \u00abEstudiante\u00bb Ambriz se ha sumado a la \u00abNoche de \u00cddolos\u00bb programada&#8230;<\/p>\n","protected":false},"author":1,"featured_media":2844757,"comment_status":"closed","ping_status":"closed","sticky":false,"template":"","format":"standard","meta":{"footnotes":""},"categories":[1,36,7],"tags":[],"class_list":["post-2844753","post","type-post","status-publish","format-standard","has-post-thumbnail","hentry","category-uncategorized","category-boxeo","category-deportes"],"_links":{"self":[{"href":"https:\/\/agpnoticias.com\/news\/index.php?rest_route=\/wp\/v2\/posts\/2844753","targetHints":{"allow":["GET"]}}],"collection":[{"href":"https:\/\/agpnoticias.com\/news\/index.php?rest_route=\/wp\/v2\/posts"}],"about":[{"href":"https:\/\/agpnoticias.com\/news\/index.php?rest_route=\/wp\/v2\/types\/post"}],"author":[{"embeddable":true,"href":"https:\/\/agpnoticias.com\/news\/index.php?rest_route=\/wp\/v2\/users\/1"}],"replies":[{"embeddable":true,"href":"https:\/\/agpnoticias.com\/news\/index.php?rest_route=%2Fwp%2Fv2%2Fcomments&post=2844753"}],"version-history":[{"count":4,"href":"https:\/\/agpnoticias.com\/news\/index.php?rest_route=\/wp\/v2\/posts\/2844753\/revisions"}],"predecessor-version":[{"id":2844760,"href":"https:\/\/agpnoticias.com\/news\/index.php?rest_route=\/wp\/v2\/posts\/2844753\/revisions\/2844760"}],"wp:featuredmedia":[{"embeddable":true,"href":"https:\/\/agpnoticias.com\/news\/index.php?rest_route=\/wp\/v2\/media\/2844757"}],"wp:attachment":[{"href":"https:\/\/agpnoticias.com\/news\/index.php?rest_route=%2Fwp%2Fv2%2Fmedia&parent=2844753"}],"wp:term":[{"taxonomy":"category","embeddable":true,"href":"https:\/\/agpnoticias.com\/news\/index.php?rest_route=%2Fwp%2Fv2%2Fcategories&post=2844753"},{"taxonomy":"post_tag","embeddable":true,"href":"https:\/\/agpnoticias.com\/news\/index.php?rest_route=%2Fwp%2Fv2%2Ftags&post=2844753"}],"curies":[{"name":"wp","href":"https:\/\/api.w.org\/{rel}","templated":true}]}}