{"id":2844811,"date":"2015-07-01T14:14:49","date_gmt":"2015-07-01T21:14:49","guid":{"rendered":"http:\/\/agpnoticias.com\/news\/?p=2844811"},"modified":"2015-07-01T16:19:37","modified_gmt":"2015-07-01T23:19:37","slug":"accidente-deja-fuera-a-micky-de-la-noche-de-idolos","status":"publish","type":"post","link":"https:\/\/agpnoticias.com\/news\/?p=2844811","title":{"rendered":"Accidente deja fuera a Micky de la \u00abNoche de \u00cddolos\u00bb"},"content":{"rendered":"<figure id=\"attachment_2844823\" aria-describedby=\"caption-attachment-2844823\" style=\"width: 800px\" class=\"wp-caption aligncenter\"><a href=\"http:\/\/agpnoticias.com\/news\/accidente-deja-fuera-a-micky-de-la-noche-de-idolos\/micky-lopez-no-podra-pelear-pero-acompano-a-su-entrenador-salvador-felix-y-a-su-companero-gabriel-pina\/\" rel=\"attachment wp-att-2844823\"><img fetchpriority=\"high\" decoding=\"async\" class=\"size-full wp-image-2844823\" src=\"http:\/\/agpnoticias.com\/news\/wp-content\/uploads\/2015\/07\/Micky-L\u00f3pez-no-podr\u00e1-pelear-pero-acompa\u00f1\u00f3-a-su-entrenador-Salvador-F\u00e9lix-y-a-su-compa\u00f1ero-Gabriel-Pi\u00f1a-e1435792320443.jpg\" alt=\"&quot;Micky&quot; L\u00f3pez no podr\u00e1 pelear, pero acompa\u00f1\u00f3 a su entrenador Salvador F\u00e9lix y a su compa\u00f1ero Gabriel Pi\u00f1a\" width=\"800\" height=\"533\" \/><\/a><figcaption id=\"caption-attachment-2844823\" class=\"wp-caption-text\">\u00abMicky\u00bb L\u00f3pez no podr\u00e1 pelear, pero acompa\u00f1\u00f3 a su entrenador Salvador F\u00e9lix y a su compa\u00f1ero Gabriel Pi\u00f1a<\/figcaption><\/figure>\n<p>Ensenada, Baja California.- Sergio \u00abMicky\u00bb L\u00f3pez sufri\u00f3 un accidente laboral que lo ha marginado de la funci\u00f3n \u00abNoche de \u00cddolos\u00bb programada el viernes en el gimnasio municipal \u00d3scar \u00abTigre\u00bb Garc\u00eda.<\/p>\n<p>\u00abEl lunes pasado tuve un accidente en mi trabajo, el cual no me permitir\u00e1 participar en esta funci\u00f3n del viernes. Estoy un poco triste porque no podr\u00e9 salir a demostrar para lo que he estado trabajando\u00bb, dijo el boxeador, presente en la rueda de prensa relacionada con el evento.<\/p>\n<figure id=\"attachment_2844824\" aria-describedby=\"caption-attachment-2844824\" style=\"width: 441px\" class=\"wp-caption alignright\"><a href=\"http:\/\/agpnoticias.com\/news\/accidente-deja-fuera-a-micky-de-la-noche-de-idolos\/el-accidente-sufrido-lesiono-el-ojo-derecho-del-campeon-intercontinental-de-la-wbf\/\" rel=\"attachment wp-att-2844824\"><img decoding=\"async\" class=\"size-full wp-image-2844824\" src=\"http:\/\/agpnoticias.com\/news\/wp-content\/uploads\/2015\/07\/El-accidente-sufrido-lesion\u00f3-el-ojo-derecho-del-campe\u00f3n-intercontinental-de-la-WBF-e1435792409736.jpg\" alt=\"El accidente sufrido lesion\u00f3 el ojo derecho del campe\u00f3n intercontinental de la WBF\" width=\"441\" height=\"357\" \/><\/a><figcaption id=\"caption-attachment-2844824\" class=\"wp-caption-text\">El accidente sufrido lesion\u00f3 el ojo derecho del campe\u00f3n intercontinental de la WBF<\/figcaption><\/figure>\n<p>\u00abVine a dar la cara por mi gimnasio, por m\u00ed, y a ofrecerle una disculpa al promotor Marchena por no poder estar presente arriba del cuadril\u00e1tero\u00bb, agreg\u00f3.<\/p>\n<p>\u00abMicky\u00bb L\u00f3pez explic\u00f3 que su trabajo \u00abes de riesgo\u00bb, ya que \u00abtrabajamos maquinaria pesada, material para construcci\u00f3n, y la ma\u00f1ana del lunes, cuando sac\u00e1bamos una muestra para los clientes, se me vino encima un carrito con bloque\u00bb.<\/p>\n<p>\u00abLos raspones son de inmediata curaci\u00f3n, pero el golpe en el ojo fue muy fuerte y no puedo arriesgar nada porque el 4 de septiembre tengo una pelea de campeonato. Me dieron siete d\u00edas de reposo total en el trabajo y en el gimnasio\u00bb, explic\u00f3 el actual campe\u00f3n continental de la WBF.<\/p>\n<p>Sobre la salida del campe\u00f3n continental pluma de la WBF de la cartelera, Ram\u00f3n Marchena, dijo: \u00abEs una l\u00e1stima. Ni \u00e9l ni yo podemos hacer nada. Lo importante es que \u00e9l se port\u00f3 de la mejor manera y estar\u00e1 presente apoy\u00e1ndonos\u00bb.<\/p>\n<p>El promotor adelant\u00f3 que la presencia de Katty Guti\u00e9rrez tambi\u00e9n corre riesgo.<\/p>\n<p>\u00abLa situaci\u00f3n con la pelea de Katty es delicada porque Laura Arias, su rival, no estar\u00e1 presente y no es f\u00e1cil conseguirle una sustituto. Katty es ex campeona mundial y no cualquier acepta enfrentarla\u00bb, apunt\u00f3.<\/p>\n","protected":false},"excerpt":{"rendered":"<p>Ensenada, Baja California.- Sergio \u00abMicky\u00bb L\u00f3pez sufri\u00f3 un accidente laboral que lo ha marginado de&#8230;<\/p>\n","protected":false},"author":1,"featured_media":2844823,"comment_status":"closed","ping_status":"closed","sticky":false,"template":"","format":"standard","meta":{"footnotes":""},"categories":[1,36,7],"tags":[],"class_list":["post-2844811","post","type-post","status-publish","format-standard","has-post-thumbnail","hentry","category-uncategorized","category-boxeo","category-deportes"],"_links":{"self":[{"href":"https:\/\/agpnoticias.com\/news\/index.php?rest_route=\/wp\/v2\/posts\/2844811","targetHints":{"allow":["GET"]}}],"collection":[{"href":"https:\/\/agpnoticias.com\/news\/index.php?rest_route=\/wp\/v2\/posts"}],"about":[{"href":"https:\/\/agpnoticias.com\/news\/index.php?rest_route=\/wp\/v2\/types\/post"}],"author":[{"embeddable":true,"href":"https:\/\/agpnoticias.com\/news\/index.php?rest_route=\/wp\/v2\/users\/1"}],"replies":[{"embeddable":true,"href":"https:\/\/agpnoticias.com\/news\/index.php?rest_route=%2Fwp%2Fv2%2Fcomments&post=2844811"}],"version-history":[{"count":3,"href":"https:\/\/agpnoticias.com\/news\/index.php?rest_route=\/wp\/v2\/posts\/2844811\/revisions"}],"predecessor-version":[{"id":2844826,"href":"https:\/\/agpnoticias.com\/news\/index.php?rest_route=\/wp\/v2\/posts\/2844811\/revisions\/2844826"}],"wp:featuredmedia":[{"embeddable":true,"href":"https:\/\/agpnoticias.com\/news\/index.php?rest_route=\/wp\/v2\/media\/2844823"}],"wp:attachment":[{"href":"https:\/\/agpnoticias.com\/news\/index.php?rest_route=%2Fwp%2Fv2%2Fmedia&parent=2844811"}],"wp:term":[{"taxonomy":"category","embeddable":true,"href":"https:\/\/agpnoticias.com\/news\/index.php?rest_route=%2Fwp%2Fv2%2Fcategories&post=2844811"},{"taxonomy":"post_tag","embeddable":true,"href":"https:\/\/agpnoticias.com\/news\/index.php?rest_route=%2Fwp%2Fv2%2Ftags&post=2844811"}],"curies":[{"name":"wp","href":"https:\/\/api.w.org\/{rel}","templated":true}]}}