{"id":2848122,"date":"2015-09-09T20:06:06","date_gmt":"2015-09-10T03:06:06","guid":{"rendered":"http:\/\/agpnoticias.com\/news\/?p=2848122"},"modified":"2016-12-28T21:20:47","modified_gmt":"2016-12-29T05:20:47","slug":"anuncia-proturismo-baja-rally-2015","status":"publish","type":"post","link":"https:\/\/agpnoticias.com\/news\/?p=2848122","title":{"rendered":"Anuncia Proturismo Baja Rally 2015"},"content":{"rendered":"<figure id=\"attachment_2848124\" aria-describedby=\"caption-attachment-2848124\" style=\"width: 800px\" class=\"wp-caption aligncenter\"><a href=\"http:\/\/agpnoticias.com\/news\/anuncia-proturismo-baja-rally-2015\/proturismo-anuncio-el-baja-rally\/\" rel=\"attachment wp-att-2848124\"><img fetchpriority=\"high\" decoding=\"async\" class=\"size-full wp-image-2848124\" src=\"http:\/\/agpnoticias.com\/news\/wp-content\/uploads\/2015\/09\/Proturismo-anunci\u00f3-el-Baja-Rally.jpg\" alt=\"Proturismo anunci\u00f3 el Baja Rally\" width=\"800\" height=\"535\" srcset=\"https:\/\/agpnoticias.com\/news\/wp-content\/uploads\/2015\/09\/Proturismo-anunci\u00f3-el-Baja-Rally.jpg 800w, https:\/\/agpnoticias.com\/news\/wp-content\/uploads\/2015\/09\/Proturismo-anunci\u00f3-el-Baja-Rally-200x134.jpg 200w, https:\/\/agpnoticias.com\/news\/wp-content\/uploads\/2015\/09\/Proturismo-anunci\u00f3-el-Baja-Rally-600x401.jpg 600w\" sizes=\"(max-width: 800px) 100vw, 800px\" \/><\/a><figcaption id=\"caption-attachment-2848124\" class=\"wp-caption-text\">Proturismo anunci\u00f3 el Baja Rally<\/figcaption><\/figure>\n<p>Ensenada, Baja California.-Para que deportistas extranjeros y locales conozcan las bellezas y los atractivos del municipio de Ensenada, el XXI Ayuntamiento y Proturismo anunciaron la realizaci\u00f3n de la tercera edici\u00f3n de Baja Rally 2015.<\/p>\n<p>Oscar Kawanishi Otaki, director de Proturismo anunci\u00f3 que como parte del apoyo que el XXI Ayuntamiento encabezado por el presidente municipal, maestro Gilberto Hirata, lleva a cabo a organizaciones locales y extranjeras para la realizaci\u00f3n de eventos que promocionen el municipio a nivel mundial tendr\u00e1 lugar este carrera de motocicletas los pr\u00f3ximos d\u00edas 29 y 30 de septiembre y 1 y 2 de octubre.<\/p>\n<p>Explic\u00f3 que el Baja Rally es un evento que se divide en cuatro etapas, y en donde los participantes podr\u00e1n disfrutar de bellos e inh\u00f3spitos paisajes de Ensenada, con todas las medidas de seguridad y de protecci\u00f3n.<\/p>\n<p>Scotty Breauxman, presidente de Baja Rally Internacional inform\u00f3 que esta carrera se denomina como una actividad ecotur\u00edstica, ya que los pilotos podr\u00e1n disfrutar de diferentes ecosistemas llenos de cultura, historia y gastronom\u00eda t\u00edpicos del sur del municipio.<\/p>\n<p>Apunt\u00f3 que los corredores realizar\u00e1n rutas por lugares como El Rosario, San Pedro M\u00e1rtir y Catavi\u00f1a, sitios donde acampar\u00e1n y descansar\u00e1n cada noche para despu\u00e9s continuar con el recorrido que consta de 6 a 8 horas de duraci\u00f3n.<\/p>\n<p>El promotor indic\u00f3 que habr\u00e1 participantes provenientes de lugares como Estados Unidos, Canad\u00e1, Reino Unido, Jap\u00f3n, Escocia e India, as\u00ed como corredores locales y de diferentes estados de la Rep\u00fablica.<\/p>\n<p>Resalt\u00f3 la relevancia de este evento tipo Dakar, en donde se contar\u00e1 con la presencia de reconocidos pilotos en la disciplina del rally \u2013 raid y el motociclismo, quienes colocan a Ensenada en un lugar reconocido a nivel internacional en el mundo del Off Road.<\/p>\n<p>Por otra parte, Alfonso Alonso D\u00edaz, presidente de Baja Rally en M\u00e9xico asegur\u00f3 que todos los participantes contar\u00e1n con seguridad y localizaci\u00f3n, en el caso de alguna emergencia que ponga en riesgo su integridad.<\/p>\n<p>Explic\u00f3 que el 28 de septiembre ser\u00e1n las inscripciones en el Hotel San Nicol\u00e1s, para posteriormente llevar a cabo los cuatro d\u00edas de rally que finalizar\u00e1n con la premiaci\u00f3n el 2 de octubre.<\/p>\n<p>En la rueda de prensa estuvieron presentes Nico Saad, integrante del consejo consultivo de Baja Rally; V\u00edctor Guti\u00e9rrez, supervisor y apoyo en entornos ecol\u00f3gicos; Mauricio Parra, representante legal de Baja Rally y Julio Baeza, administrativo.<\/p>\n<p><em>Informaci\u00f3n y fotograf\u00eda: XXI Ayuntamiento de Ensenada.<\/em><\/p>\n","protected":false},"excerpt":{"rendered":"<p>Ensenada, Baja California.-Para que deportistas extranjeros y locales conozcan las bellezas y los atractivos del&#8230;<\/p>\n","protected":false},"author":1,"featured_media":2848124,"comment_status":"closed","ping_status":"closed","sticky":false,"template":"","format":"standard","meta":{"footnotes":""},"categories":[1,692,7],"tags":[],"class_list":["post-2848122","post","type-post","status-publish","format-standard","has-post-thumbnail","hentry","category-uncategorized","category-ciclismo","category-deportes"],"_links":{"self":[{"href":"https:\/\/agpnoticias.com\/news\/index.php?rest_route=\/wp\/v2\/posts\/2848122","targetHints":{"allow":["GET"]}}],"collection":[{"href":"https:\/\/agpnoticias.com\/news\/index.php?rest_route=\/wp\/v2\/posts"}],"about":[{"href":"https:\/\/agpnoticias.com\/news\/index.php?rest_route=\/wp\/v2\/types\/post"}],"author":[{"embeddable":true,"href":"https:\/\/agpnoticias.com\/news\/index.php?rest_route=\/wp\/v2\/users\/1"}],"replies":[{"embeddable":true,"href":"https:\/\/agpnoticias.com\/news\/index.php?rest_route=%2Fwp%2Fv2%2Fcomments&post=2848122"}],"version-history":[{"count":3,"href":"https:\/\/agpnoticias.com\/news\/index.php?rest_route=\/wp\/v2\/posts\/2848122\/revisions"}],"predecessor-version":[{"id":2848126,"href":"https:\/\/agpnoticias.com\/news\/index.php?rest_route=\/wp\/v2\/posts\/2848122\/revisions\/2848126"}],"wp:featuredmedia":[{"embeddable":true,"href":"https:\/\/agpnoticias.com\/news\/index.php?rest_route=\/wp\/v2\/media\/2848124"}],"wp:attachment":[{"href":"https:\/\/agpnoticias.com\/news\/index.php?rest_route=%2Fwp%2Fv2%2Fmedia&parent=2848122"}],"wp:term":[{"taxonomy":"category","embeddable":true,"href":"https:\/\/agpnoticias.com\/news\/index.php?rest_route=%2Fwp%2Fv2%2Fcategories&post=2848122"},{"taxonomy":"post_tag","embeddable":true,"href":"https:\/\/agpnoticias.com\/news\/index.php?rest_route=%2Fwp%2Fv2%2Ftags&post=2848122"}],"curies":[{"name":"wp","href":"https:\/\/api.w.org\/{rel}","templated":true}]}}