{"id":2848545,"date":"2015-09-21T15:06:11","date_gmt":"2015-09-21T22:06:11","guid":{"rendered":"http:\/\/agpnoticias.com\/news\/?p=2848545"},"modified":"2015-09-21T15:06:12","modified_gmt":"2015-09-21T22:06:12","slug":"festejan-aniversario-en-la-playa","status":"publish","type":"post","link":"https:\/\/agpnoticias.com\/news\/?p=2848545","title":{"rendered":"Festejan aniversario en la playa"},"content":{"rendered":"<figure id=\"attachment_2848546\" aria-describedby=\"caption-attachment-2848546\" style=\"width: 800px\" class=\"wp-caption alignright\"><a href=\"http:\/\/agpnoticias.com\/news\/festejan-aniversario-en-la-playa\/estudiantes-de-la-facultad-de-deportes-participaron-en-la-actividad-enmarcado-en-los-festejos-de-aniversario\/\" rel=\"attachment wp-att-2848546\"><img fetchpriority=\"high\" decoding=\"async\" class=\"size-full wp-image-2848546\" src=\"http:\/\/agpnoticias.com\/news\/wp-content\/uploads\/2015\/09\/Estudiantes-de-la-Facultad-de-Deportes-participaron-en-la-actividad-enmarcado-en-los-festejos-de-aniversario.jpg\" alt=\"Estudiantes de la Facultad de Deportes participaron en la actividad enmarcado en los festejos de aniversario\" width=\"800\" height=\"450\" srcset=\"https:\/\/agpnoticias.com\/news\/wp-content\/uploads\/2015\/09\/Estudiantes-de-la-Facultad-de-Deportes-participaron-en-la-actividad-enmarcado-en-los-festejos-de-aniversario.jpg 800w, https:\/\/agpnoticias.com\/news\/wp-content\/uploads\/2015\/09\/Estudiantes-de-la-Facultad-de-Deportes-participaron-en-la-actividad-enmarcado-en-los-festejos-de-aniversario-200x113.jpg 200w, https:\/\/agpnoticias.com\/news\/wp-content\/uploads\/2015\/09\/Estudiantes-de-la-Facultad-de-Deportes-participaron-en-la-actividad-enmarcado-en-los-festejos-de-aniversario-600x338.jpg 600w\" sizes=\"(max-width: 800px) 100vw, 800px\" \/><\/a><figcaption id=\"caption-attachment-2848546\" class=\"wp-caption-text\">Estudiantes de la Facultad de Deportes participaron en la actividad enmarcado en los festejos de aniversario<\/figcaption><\/figure>\n<p>Ensenada, Baja California.- Todo un \u00e9xito el segundo d\u00eda de actividades deportivas por motivo de la celebraci\u00f3n de los 12 a\u00f1os de la Fa<span class=\"text_exposed_show\">cultad de Deportes; un total de 140 estudiantes de la Facultad fueron los que disfrutaron del \u201cRally Playero\u201d que const\u00f3 de 10 estaciones.<br \/>\n<\/span><\/p>\n<p><span class=\"text_exposed_show\">Los ganadores del rally con un total de 1,610 puntos fueron los integrantes del equipo que llev\u00f3 por nombre \u201c21\u201d; el segundo lugar se lo llev\u00f3 \u201clos diablos 223\u201d con 1,370 puntos y el tercero lo obtuvieron \u201clos filosos\u201d con 1,200 puntos.<br \/>\n<\/span><\/p>\n<p><span class=\"text_exposed_show\">Asimismo la coordinaci\u00f3n deportiva cont\u00f3 con el apoyo de 80 personas para el \u00e1rea de staff, entre los que estuvieron personal del \u00e1rea deportiva y acad\u00e9mica de la Facultad.<br \/>\n<\/span><\/p>\n<figure id=\"attachment_2848547\" aria-describedby=\"caption-attachment-2848547\" style=\"width: 800px\" class=\"wp-caption alignright\"><a href=\"http:\/\/agpnoticias.com\/news\/festejan-aniversario-en-la-playa\/los-alumnos-de-la-facultad-durante-una-de-las-pruebas-realizadas-el-lunes-en-playa-hermosa\/\" rel=\"attachment wp-att-2848547\"><img decoding=\"async\" class=\"size-full wp-image-2848547\" src=\"http:\/\/agpnoticias.com\/news\/wp-content\/uploads\/2015\/09\/Los-alumnos-de-la-facultad-durante-una-de-las-pruebas-realizadas-el-lunes-en-Playa-Hermosa.jpg\" alt=\"Los alumnos de la facultad durante una de las pruebas realizadas el lunes en Playa Hermosa\" width=\"800\" height=\"450\" srcset=\"https:\/\/agpnoticias.com\/news\/wp-content\/uploads\/2015\/09\/Los-alumnos-de-la-facultad-durante-una-de-las-pruebas-realizadas-el-lunes-en-Playa-Hermosa.jpg 800w, https:\/\/agpnoticias.com\/news\/wp-content\/uploads\/2015\/09\/Los-alumnos-de-la-facultad-durante-una-de-las-pruebas-realizadas-el-lunes-en-Playa-Hermosa-200x113.jpg 200w, https:\/\/agpnoticias.com\/news\/wp-content\/uploads\/2015\/09\/Los-alumnos-de-la-facultad-durante-una-de-las-pruebas-realizadas-el-lunes-en-Playa-Hermosa-600x338.jpg 600w\" sizes=\"(max-width: 800px) 100vw, 800px\" \/><\/a><figcaption id=\"caption-attachment-2848547\" class=\"wp-caption-text\">Los alumnos de la facultad durante una de las pruebas realizadas el lunes en Playa Hermosa<\/figcaption><\/figure>\n<p><span class=\"text_exposed_show\">La celebraci\u00f3n de la Facultad llega a su fin el d\u00eda de ma\u00f1ana, llevando a cabo en el evento de talentos, arrancando el mismo a las 10:00 AM en las instalaciones del Gimnasio Universitario Valle Dorado.<\/span><\/p>\n<p><span class=\"text_exposed_show\">M\u00e1s tarde, cerrando con broche de oro, se realizar\u00e1 el paseo ciclista \u201cilum\u00ednate rodando 10Km Ne\u00f3n\u201d que tiene como punto de salida y meta Cearte\u00a0a las 20:00 horas. El evento est\u00e1 abierto a estudiantes, personal acad\u00e9mico y p\u00fablico en general.<\/span><\/p>\n<figure id=\"attachment_2848548\" aria-describedby=\"caption-attachment-2848548\" style=\"width: 800px\" class=\"wp-caption alignright\"><a href=\"http:\/\/agpnoticias.com\/news\/festejan-aniversario-en-la-playa\/el-martes-concluiran-los-festejos-con-un-par-de-actividades\/\" rel=\"attachment wp-att-2848548\"><img decoding=\"async\" class=\"size-full wp-image-2848548\" src=\"http:\/\/agpnoticias.com\/news\/wp-content\/uploads\/2015\/09\/El-martes-concluir\u00e1n-los-festejos-con-un-par-de-actividades.jpg\" alt=\"El martes concluir\u00e1n los festejos con un par de actividades\" width=\"800\" height=\"533\" srcset=\"https:\/\/agpnoticias.com\/news\/wp-content\/uploads\/2015\/09\/El-martes-concluir\u00e1n-los-festejos-con-un-par-de-actividades.jpg 800w, https:\/\/agpnoticias.com\/news\/wp-content\/uploads\/2015\/09\/El-martes-concluir\u00e1n-los-festejos-con-un-par-de-actividades-200x133.jpg 200w, https:\/\/agpnoticias.com\/news\/wp-content\/uploads\/2015\/09\/El-martes-concluir\u00e1n-los-festejos-con-un-par-de-actividades-600x400.jpg 600w\" sizes=\"(max-width: 800px) 100vw, 800px\" \/><\/a><figcaption id=\"caption-attachment-2848548\" class=\"wp-caption-text\">El martes concluir\u00e1n los festejos con un par de actividades<\/figcaption><\/figure>\n<p><em>Informaci\u00f3n y fotograf\u00edas: Facultad de Deportes UABC.<\/em><\/p>\n","protected":false},"excerpt":{"rendered":"<p>Ensenada, Baja California.- Todo un \u00e9xito el segundo d\u00eda de actividades deportivas por motivo de&#8230;<\/p>\n","protected":false},"author":1,"featured_media":2848546,"comment_status":"closed","ping_status":"closed","sticky":false,"template":"","format":"standard","meta":{"footnotes":""},"categories":[1,7],"tags":[],"class_list":["post-2848545","post","type-post","status-publish","format-standard","has-post-thumbnail","hentry","category-uncategorized","category-deportes"],"_links":{"self":[{"href":"https:\/\/agpnoticias.com\/news\/index.php?rest_route=\/wp\/v2\/posts\/2848545","targetHints":{"allow":["GET"]}}],"collection":[{"href":"https:\/\/agpnoticias.com\/news\/index.php?rest_route=\/wp\/v2\/posts"}],"about":[{"href":"https:\/\/agpnoticias.com\/news\/index.php?rest_route=\/wp\/v2\/types\/post"}],"author":[{"embeddable":true,"href":"https:\/\/agpnoticias.com\/news\/index.php?rest_route=\/wp\/v2\/users\/1"}],"replies":[{"embeddable":true,"href":"https:\/\/agpnoticias.com\/news\/index.php?rest_route=%2Fwp%2Fv2%2Fcomments&post=2848545"}],"version-history":[{"count":3,"href":"https:\/\/agpnoticias.com\/news\/index.php?rest_route=\/wp\/v2\/posts\/2848545\/revisions"}],"predecessor-version":[{"id":2848557,"href":"https:\/\/agpnoticias.com\/news\/index.php?rest_route=\/wp\/v2\/posts\/2848545\/revisions\/2848557"}],"wp:featuredmedia":[{"embeddable":true,"href":"https:\/\/agpnoticias.com\/news\/index.php?rest_route=\/wp\/v2\/media\/2848546"}],"wp:attachment":[{"href":"https:\/\/agpnoticias.com\/news\/index.php?rest_route=%2Fwp%2Fv2%2Fmedia&parent=2848545"}],"wp:term":[{"taxonomy":"category","embeddable":true,"href":"https:\/\/agpnoticias.com\/news\/index.php?rest_route=%2Fwp%2Fv2%2Fcategories&post=2848545"},{"taxonomy":"post_tag","embeddable":true,"href":"https:\/\/agpnoticias.com\/news\/index.php?rest_route=%2Fwp%2Fv2%2Ftags&post=2848545"}],"curies":[{"name":"wp","href":"https:\/\/api.w.org\/{rel}","templated":true}]}}