{"id":2848551,"date":"2015-09-21T16:29:49","date_gmt":"2015-09-21T23:29:49","guid":{"rendered":"http:\/\/agpnoticias.com\/news\/?p=2848551"},"modified":"2015-09-21T16:36:20","modified_gmt":"2015-09-21T23:36:20","slug":"queda-marchena-en-medio-del-fuego-cruzado","status":"publish","type":"post","link":"https:\/\/agpnoticias.com\/news\/?p=2848551","title":{"rendered":"Queda Marchena entre el fuego cruzado"},"content":{"rendered":"<figure id=\"attachment_2848553\" aria-describedby=\"caption-attachment-2848553\" style=\"width: 1200px\" class=\"wp-caption alignright\"><a href=\"http:\/\/agpnoticias.com\/news\/queda-marchena-en-medio-del-fuego-cruzado\/ramon-marchena-con-sus-dos-representados\/\" rel=\"attachment wp-att-2848553\"><img fetchpriority=\"high\" decoding=\"async\" class=\"size-full wp-image-2848553\" src=\"http:\/\/agpnoticias.com\/news\/wp-content\/uploads\/2015\/09\/Ram\u00f3n-Marchena-con-sus-dos-representados.jpg\" alt=\"Ram\u00f3n Marchena con sus dos representados\" width=\"1200\" height=\"800\" srcset=\"https:\/\/agpnoticias.com\/news\/wp-content\/uploads\/2015\/09\/Ram\u00f3n-Marchena-con-sus-dos-representados.jpg 1200w, https:\/\/agpnoticias.com\/news\/wp-content\/uploads\/2015\/09\/Ram\u00f3n-Marchena-con-sus-dos-representados-200x133.jpg 200w, https:\/\/agpnoticias.com\/news\/wp-content\/uploads\/2015\/09\/Ram\u00f3n-Marchena-con-sus-dos-representados-600x400.jpg 600w, https:\/\/agpnoticias.com\/news\/wp-content\/uploads\/2015\/09\/Ram\u00f3n-Marchena-con-sus-dos-representados-1024x683.jpg 1024w\" sizes=\"(max-width: 1200px) 100vw, 1200px\" \/><\/a><figcaption id=\"caption-attachment-2848553\" class=\"wp-caption-text\">Ram\u00f3n Marchena con sus dos representados<\/figcaption><\/figure>\n<p>Ensenada, Baja California.- Justo en el centro de la pol\u00e9mica ha quedado el promotor Ram\u00f3n Marchena S\u00e1ndez.<\/p>\n<p>Como apoderado tanto del ganador Ezequiel \u00abSheke\u00bb Avil\u00e9s como del derrotado Alexis \u00abPillo\u00bb Canett, el titular de la empresa Marchena Promotions sab\u00eda que ganara quien ganara, \u00e9l ser\u00eda el blanco de las protestas del bando perdedor tras el combate entre los suyos.<\/p>\n<p>\u00abNunca estuve de acuerdo con la pelea, no la quer\u00eda, pero se dio y no hubo nadie m\u00e1s nervioso que yo porque si ganaba Canett me reclamar\u00eda mi t\u00edo (Ram\u00f3n Marchena) y si ganaba \u00b4Sheke\u00b4 entonces ser\u00eda la esquina de (Jos\u00e9) Guardado la inconforme, como finalmente sucedi\u00f3\u00bb, indic\u00f3.<\/p>\n<p>Desde el momento en que fue dada a conocer la decisi\u00f3n un\u00e1nime a favor de Ezequiel Avil\u00e9s, tanto personalmente como en redes sociales, el equipo de Alexis Canett ha objetado el veredicto y ha exigido la revocaci\u00f3n del resultado.<\/p>\n<p>\u00abYa habl\u00e9 con Guardado desde que acab\u00f3 la pelea y le dije que no soy comisionado ni soy juez. Hice la pelea y nada m\u00e1s. Me piden que se tramite una revocaci\u00f3n porque est\u00e1n inconformes y la har\u00e9 porque soy promotor de Canett, pero tampoco decido si se har\u00e1 v\u00e1lida o no.<\/p>\n<p>\u00abEllos no quieren revancha, quieren revocaci\u00f3n o que Guardado pelee contra Sheke, porque cree que \u00e9l s\u00ed lo puede noquear\u00bb, apunt\u00f3.<\/p>\n<p>Sobre esa \u00faltima posibilidad, consider\u00f3 que \u00absuena atractivo, pero hay que evaluarlo\u00bb.<\/p>\n<p>\u00abGuardado s\u00f3lo hizo cinco peleas de box y tiene mucho tiempo que no lo practica, aunque es una persona sana y fuerte\u00bb, precis\u00f3.<\/p>\n<p>En cuanto a la pelea pol\u00e9mica, el promotor elogi\u00f3 a los dos boxeadores y sostuvo que acert\u00f3 al firmarlos a los dos \u00abpor la calidad que tienen\u00bb.<\/p>\n<p>\u00abMis respetos para los dos. Canett demostr\u00f3 que es un guerrero, recibi\u00f3, dio y trabaj\u00f3 como siempre lo hace. Y para Sheke tambi\u00e9n mis respetos, transform\u00f3 su estilo de pelea y demostr\u00f3 a la gente que quer\u00eda pelear\u00bb, evalu\u00f3.<\/p>\n","protected":false},"excerpt":{"rendered":"<p>Ensenada, Baja California.- Justo en el centro de la pol\u00e9mica ha quedado el promotor Ram\u00f3n&#8230;<\/p>\n","protected":false},"author":1,"featured_media":2848553,"comment_status":"closed","ping_status":"closed","sticky":false,"template":"","format":"standard","meta":{"footnotes":""},"categories":[1,36,7],"tags":[],"class_list":["post-2848551","post","type-post","status-publish","format-standard","has-post-thumbnail","hentry","category-uncategorized","category-boxeo","category-deportes"],"_links":{"self":[{"href":"https:\/\/agpnoticias.com\/news\/index.php?rest_route=\/wp\/v2\/posts\/2848551","targetHints":{"allow":["GET"]}}],"collection":[{"href":"https:\/\/agpnoticias.com\/news\/index.php?rest_route=\/wp\/v2\/posts"}],"about":[{"href":"https:\/\/agpnoticias.com\/news\/index.php?rest_route=\/wp\/v2\/types\/post"}],"author":[{"embeddable":true,"href":"https:\/\/agpnoticias.com\/news\/index.php?rest_route=\/wp\/v2\/users\/1"}],"replies":[{"embeddable":true,"href":"https:\/\/agpnoticias.com\/news\/index.php?rest_route=%2Fwp%2Fv2%2Fcomments&post=2848551"}],"version-history":[{"count":4,"href":"https:\/\/agpnoticias.com\/news\/index.php?rest_route=\/wp\/v2\/posts\/2848551\/revisions"}],"predecessor-version":[{"id":2848556,"href":"https:\/\/agpnoticias.com\/news\/index.php?rest_route=\/wp\/v2\/posts\/2848551\/revisions\/2848556"}],"wp:featuredmedia":[{"embeddable":true,"href":"https:\/\/agpnoticias.com\/news\/index.php?rest_route=\/wp\/v2\/media\/2848553"}],"wp:attachment":[{"href":"https:\/\/agpnoticias.com\/news\/index.php?rest_route=%2Fwp%2Fv2%2Fmedia&parent=2848551"}],"wp:term":[{"taxonomy":"category","embeddable":true,"href":"https:\/\/agpnoticias.com\/news\/index.php?rest_route=%2Fwp%2Fv2%2Fcategories&post=2848551"},{"taxonomy":"post_tag","embeddable":true,"href":"https:\/\/agpnoticias.com\/news\/index.php?rest_route=%2Fwp%2Fv2%2Ftags&post=2848551"}],"curies":[{"name":"wp","href":"https:\/\/api.w.org\/{rel}","templated":true}]}}