{"id":2848896,"date":"2015-09-30T20:35:48","date_gmt":"2015-10-01T03:35:48","guid":{"rendered":"http:\/\/agpnoticias.com\/news\/?p=2848896"},"modified":"2015-09-30T20:40:17","modified_gmt":"2015-10-01T03:40:17","slug":"reiteran-invitacion-a-noche-de-box-y-banda","status":"publish","type":"post","link":"https:\/\/agpnoticias.com\/news\/?p=2848896","title":{"rendered":"Reiteran invitaci\u00f3n a noche de box y banda"},"content":{"rendered":"<figure id=\"attachment_2848900\" aria-describedby=\"caption-attachment-2848900\" style=\"width: 800px\" class=\"wp-caption alignleft\"><a href=\"http:\/\/agpnoticias.com\/news\/reiteran-invitacion-a-noche-de-box-y-banda\/image-13\/\" rel=\"attachment wp-att-2848900\"><img fetchpriority=\"high\" decoding=\"async\" class=\"size-full wp-image-2848900\" src=\"http:\/\/agpnoticias.com\/news\/wp-content\/uploads\/2015\/09\/image-e1443670527840.jpg\" alt=\"La funci\u00f3n ser\u00e1 el viernes 9 de octubre\" width=\"800\" height=\"535\" \/><\/a><figcaption id=\"caption-attachment-2848900\" class=\"wp-caption-text\">La funci\u00f3n ser\u00e1 el viernes 9 de octubre<\/figcaption><\/figure>\n<p>Ensenada, Baja California.- De ocho a diez peleas se presentar\u00e1n el viernes 9 de octubre en el Deportivo Antonio Palacios bajo la organizaci\u00f3n de la empresa Hefziba\u00a0Promotions.<\/p>\n<p>\u00abLe vamos a dar a la gente una gran funci\u00f3n. La cartelera est\u00e1 bien completa con buenos boxeadores que han dejado un buen sabor de boca en mis funciones pasadas\u00bb, dijo Eduardo Hern\u00e1ndez Arroyo.<\/p>\n<p>El promotor adelant\u00f3 que \u00abentre pelea y pelea habr\u00e1 una banda de Guadalajara y cuatro grupos locales que amenizar\u00e1n los intermedios de 10 o 15 minutos\u00bb.<\/p>\n<figure id=\"attachment_2848903\" aria-describedby=\"caption-attachment-2848903\" style=\"width: 440px\" class=\"wp-caption alignright\"><a href=\"http:\/\/agpnoticias.com\/news\/reiteran-invitacion-a-noche-de-box-y-banda\/image-14\/\" rel=\"attachment wp-att-2848903\"><img decoding=\"async\" class=\"size-full wp-image-2848903\" src=\"http:\/\/agpnoticias.com\/news\/wp-content\/uploads\/2015\/09\/image1-e1443670664919.jpg\" alt=\"Julio &quot;Soruyito&quot; Ortega\" width=\"440\" height=\"660\" \/><\/a><figcaption id=\"caption-attachment-2848903\" class=\"wp-caption-text\">Julio \u00abSoruyito\u00bb Ortega<\/figcaption><\/figure>\n<p>Y garantiz\u00f3 que el platillo estelar entre el local Julio Cesar \u00abSoruyito\u00bb Ortega y Juan \u00abG\u00fcerito\u00bb M\u00e1rquez \u00abser\u00e1 un pele\u00f3n, porque es un rival muy bueno de Los Mochis.<\/p>\n<p>\u00abY luego vienen Max Flores, Rafa Guzm\u00e1n y Agust\u00edn \u00abTowiz\u00bb Camacho porque los tes han dejado un muy buena imagen entre la afici\u00f3n\u00bb.<\/p>\n<p>\u00abHabr\u00e1 buen box y diversi\u00f3n para la gente\u00bb, indic\u00f3.<\/p>\n<p>En total, ser\u00e1n de ocho a diez peleas, \u00abpero la funci\u00f3n de box se acabar\u00e1 antes de las 12 de la noche porque a esa hora entrar\u00e1 Banda La Mirla\u00bb<\/p>\n<p>Presente en el evento, \u00abSoruyito\u00bb Ortega vaticin\u00f3 una pelea pareja, pero que \u00abvoy a ganar por nocaut\u00bb.<\/p>\n<p>\u00abEs la pelea que m\u00e1s espera la gente, pero toda la funci\u00f3n es atractiva y va a haber bueno tiros\u00bb, afirm\u00f3.<\/p>\n<p>Por su parte, Rafa Guzm\u00e1n buscar\u00e1 superar a Pedro \u00abPitbull\u00bb L\u00f3pez, peleador al que ya venci\u00f3 y con el que ya empat\u00f3.<\/p>\n<p>\u00abPrometo una gran pelea contra este rival que le ha quitado el invicto a varios peleadores muy buenos. Yo le gan\u00e9 una decisi\u00f3n y tambi\u00e9n empatamos\u00bb, precis\u00f3.<\/p>\n<p>Ser\u00e1 un caso similar al de Max Flores, el peso mosca dirigido por Rafael Guzm\u00e1n que pelear\u00e1 por cuarta ocasi\u00f3n contra Mario \u00abAmenaza\u00bb Lara, que \u00abme gan\u00f3 una vez, pero yo le gan\u00e9 dos\u00bb.<\/p>\n<p>Ra\u00fal Vera, parte de la empresa organizadora, consider\u00f3 que el Deportivo Antonio Palacios \u00abestar\u00e1 abarrotado\u00bb como respuesta tanto al espect\u00e1culo boxistico como al musical.<\/p>\n<figure id=\"attachment_2848905\" aria-describedby=\"caption-attachment-2848905\" style=\"width: 800px\" class=\"wp-caption alignright\"><a href=\"http:\/\/agpnoticias.com\/news\/reiteran-invitacion-a-noche-de-box-y-banda\/image-15\/\" rel=\"attachment wp-att-2848905\"><img decoding=\"async\" class=\"size-full wp-image-2848905\" src=\"http:\/\/agpnoticias.com\/news\/wp-content\/uploads\/2015\/09\/image2-e1443670746196.jpg\" alt=\"Hefziba Promotions presentar\u00e1 la funci\u00f3n en el Deportivo Antonio Palacios\" width=\"800\" height=\"692\" \/><\/a><figcaption id=\"caption-attachment-2848905\" class=\"wp-caption-text\">Hefziba Promotions presentar\u00e1 la funci\u00f3n en el Deportivo Antonio Palacios<\/figcaption><\/figure>\n<p><b>Cartelera<\/b><br \/>\n<b>Pelea estelar a 8 rounds (71 kgs.)<\/b><br \/>\nJulio Cesar \u00abSoruyito\u00bb Ortega vs. Juan M\u00e1rquez<br \/>\n<b>Pelea a 8 rounds (mosca)<\/b><br \/>\nMax Flores vs. Mario Lara<br \/>\n<b>Pelea a 8 rounds (63 kgs.)<\/b><br \/>\nRafael Guzm\u00e1n vs. Pedro L\u00f3pez<br \/>\n<b>Otras peleas<\/b><br \/>\nAgust\u00edn \u00abTowiz\u00bb Camacho vs. Miguel \u00c1ngel Escarraga<br \/>\nErik Revuelta vs. Gilberto Rubio<br \/>\nRicardo \u00abCanguro\u00bb D\u00edaz vs. Alejandro Hern\u00e1ndez<br \/>\nRa\u00fal Geraldo, Juan Toscano y Bryan Zamarripa con rivales por definir<\/p>\n","protected":false},"excerpt":{"rendered":"<p>Ensenada, Baja California.- De ocho a diez peleas se presentar\u00e1n el viernes 9 de octubre&#8230;<\/p>\n","protected":false},"author":1,"featured_media":2848900,"comment_status":"closed","ping_status":"closed","sticky":false,"template":"","format":"standard","meta":{"footnotes":""},"categories":[1,36,7],"tags":[],"class_list":["post-2848896","post","type-post","status-publish","format-standard","has-post-thumbnail","hentry","category-uncategorized","category-boxeo","category-deportes"],"_links":{"self":[{"href":"https:\/\/agpnoticias.com\/news\/index.php?rest_route=\/wp\/v2\/posts\/2848896","targetHints":{"allow":["GET"]}}],"collection":[{"href":"https:\/\/agpnoticias.com\/news\/index.php?rest_route=\/wp\/v2\/posts"}],"about":[{"href":"https:\/\/agpnoticias.com\/news\/index.php?rest_route=\/wp\/v2\/types\/post"}],"author":[{"embeddable":true,"href":"https:\/\/agpnoticias.com\/news\/index.php?rest_route=\/wp\/v2\/users\/1"}],"replies":[{"embeddable":true,"href":"https:\/\/agpnoticias.com\/news\/index.php?rest_route=%2Fwp%2Fv2%2Fcomments&post=2848896"}],"version-history":[{"count":6,"href":"https:\/\/agpnoticias.com\/news\/index.php?rest_route=\/wp\/v2\/posts\/2848896\/revisions"}],"predecessor-version":[{"id":2848906,"href":"https:\/\/agpnoticias.com\/news\/index.php?rest_route=\/wp\/v2\/posts\/2848896\/revisions\/2848906"}],"wp:featuredmedia":[{"embeddable":true,"href":"https:\/\/agpnoticias.com\/news\/index.php?rest_route=\/wp\/v2\/media\/2848900"}],"wp:attachment":[{"href":"https:\/\/agpnoticias.com\/news\/index.php?rest_route=%2Fwp%2Fv2%2Fmedia&parent=2848896"}],"wp:term":[{"taxonomy":"category","embeddable":true,"href":"https:\/\/agpnoticias.com\/news\/index.php?rest_route=%2Fwp%2Fv2%2Fcategories&post=2848896"},{"taxonomy":"post_tag","embeddable":true,"href":"https:\/\/agpnoticias.com\/news\/index.php?rest_route=%2Fwp%2Fv2%2Ftags&post=2848896"}],"curies":[{"name":"wp","href":"https:\/\/api.w.org\/{rel}","templated":true}]}}