{"id":2848910,"date":"2015-10-01T14:32:42","date_gmt":"2015-10-01T21:32:42","guid":{"rendered":"http:\/\/agpnoticias.com\/news\/?p=2848910"},"modified":"2015-10-01T15:04:08","modified_gmt":"2015-10-01T22:04:08","slug":"no-olvida-a-oliver-soruyito-busca-venganza","status":"publish","type":"post","link":"https:\/\/agpnoticias.com\/news\/?p=2848910","title":{"rendered":"No olvida a Oliver; \u00abSoruyito\u00bb busca venganza"},"content":{"rendered":"<figure id=\"attachment_2848911\" aria-describedby=\"caption-attachment-2848911\" style=\"width: 800px\" class=\"wp-caption alignright\"><a href=\"http:\/\/agpnoticias.com\/news\/no-olvida-a-oliver-soruyito-busca-venganza\/julio-cesar-soruyito-ortega-2\/\" rel=\"attachment wp-att-2848911\"><img fetchpriority=\"high\" decoding=\"async\" class=\"size-full wp-image-2848911\" src=\"http:\/\/agpnoticias.com\/news\/wp-content\/uploads\/2015\/10\/Julio-C\u00e9sar-Soruyito-Ortega-e1443735121594.jpg\" alt=\"Julio C\u00e9sar &quot;Soruyito&quot; Ortega\" width=\"800\" height=\"533\" \/><\/a><figcaption id=\"caption-attachment-2848911\" class=\"wp-caption-text\">Julio C\u00e9sar \u00abSoruyito\u00bb Ortega<\/figcaption><\/figure>\n<p>Ensenada, Baja California.- Julio \u00abSoruyito\u00bb Ortega est\u00e1 atento a la resistencia que pueda oponerle Juan Carlos \u00abG\u00fcerito\u00bb M\u00e1rquez el viernes 9 de octubre durante la pelea estelar de la funci\u00f3n que se presentar\u00e1 en el deportivo Antonio Palacios.<\/p>\n<p>Pero no olvida su primera derrota, aquella que sufri\u00f3 en diciembre de 2014 cuando el mexicalense Oliver Quintana le arrebat\u00f3 el invicto.<\/p>\n<p>\u00abLa verdad quiero la revancha desde hace mucho y si me dijeran que va ma\u00f1ana, o en noviembre o diciembre, la tomar\u00eda.<\/p>\n<p>\u00abS\u00e9 que le gan\u00e9 y que volver\u00eda a hacerlo si peleamos nuevamente. S\u00f3lo me falto noquearlo\u00bb, insisti\u00f3 en torno a la decisi\u00f3n que entonces favoreci\u00f3 al visitante en el gimnasio municipal \u00d3scar \u00abTigre\u00bb Garc\u00eda de Ensenada.<\/p>\n<p>Mientras tanto se concentra en su pr\u00f3ximo rival, el \u00abG\u00fcerito\u00bb M\u00e1rquez. \u00ab\u00c9l es r\u00e1pido, se quita muchos goles, es un buen boxeador, t\u00e9cnico, y vendr\u00e1 m\u00e1s r\u00e1pido que yo porque es de una divisi\u00f3n menor, pero creo que podemos contrarrestarlo.<\/p>\n<p>\u00abHemos tenido una buena preparaci\u00f3n. Ser\u00e1n ocho rounds y tenemos la condici\u00f3n necesaria para sacar esta pelea dura\u00bb, coment\u00f3.<\/p>\n<p>El \u00abSoruyito\u00bb consider\u00f3 que M\u00e1rquez ser\u00e1 incluso \u00abm\u00e1s duro\u00bb que Francisco \u00abKikin\u00bb R\u00edos, a quien derrot\u00f3 el 10 de julio.<\/p>\n<p>Por ello destac\u00f3 la preparaci\u00f3n que ha sostenido bajo la direcci\u00f3n de Juan Carlos Virgen, misma que ha incluido sesiones de sparring con peleadores de Rafael Guzm\u00e1n, que tambi\u00e9n van en la cartelera del 9 de octubre como Rafa Guzman Jr.<\/p>\n<p>\u00abHay muchos peleadores buenos en esta funci\u00f3n que me han ayudado en las sesiones de sparring y que tambi\u00e9n participar\u00e1n en la funci\u00f3n\u00bb, reconoci\u00f3 el boxeador que pretende establecerse en la divisi\u00f3n s\u00faper welter.<\/p>\n","protected":false},"excerpt":{"rendered":"<p>Ensenada, Baja California.- Julio \u00abSoruyito\u00bb Ortega est\u00e1 atento a la resistencia que pueda oponerle Juan&#8230;<\/p>\n","protected":false},"author":1,"featured_media":2848911,"comment_status":"closed","ping_status":"closed","sticky":false,"template":"","format":"standard","meta":{"footnotes":""},"categories":[1,36,7],"tags":[],"class_list":["post-2848910","post","type-post","status-publish","format-standard","has-post-thumbnail","hentry","category-uncategorized","category-boxeo","category-deportes"],"_links":{"self":[{"href":"https:\/\/agpnoticias.com\/news\/index.php?rest_route=\/wp\/v2\/posts\/2848910","targetHints":{"allow":["GET"]}}],"collection":[{"href":"https:\/\/agpnoticias.com\/news\/index.php?rest_route=\/wp\/v2\/posts"}],"about":[{"href":"https:\/\/agpnoticias.com\/news\/index.php?rest_route=\/wp\/v2\/types\/post"}],"author":[{"embeddable":true,"href":"https:\/\/agpnoticias.com\/news\/index.php?rest_route=\/wp\/v2\/users\/1"}],"replies":[{"embeddable":true,"href":"https:\/\/agpnoticias.com\/news\/index.php?rest_route=%2Fwp%2Fv2%2Fcomments&post=2848910"}],"version-history":[{"count":3,"href":"https:\/\/agpnoticias.com\/news\/index.php?rest_route=\/wp\/v2\/posts\/2848910\/revisions"}],"predecessor-version":[{"id":2848925,"href":"https:\/\/agpnoticias.com\/news\/index.php?rest_route=\/wp\/v2\/posts\/2848910\/revisions\/2848925"}],"wp:featuredmedia":[{"embeddable":true,"href":"https:\/\/agpnoticias.com\/news\/index.php?rest_route=\/wp\/v2\/media\/2848911"}],"wp:attachment":[{"href":"https:\/\/agpnoticias.com\/news\/index.php?rest_route=%2Fwp%2Fv2%2Fmedia&parent=2848910"}],"wp:term":[{"taxonomy":"category","embeddable":true,"href":"https:\/\/agpnoticias.com\/news\/index.php?rest_route=%2Fwp%2Fv2%2Fcategories&post=2848910"},{"taxonomy":"post_tag","embeddable":true,"href":"https:\/\/agpnoticias.com\/news\/index.php?rest_route=%2Fwp%2Fv2%2Ftags&post=2848910"}],"curies":[{"name":"wp","href":"https:\/\/api.w.org\/{rel}","templated":true}]}}