{"id":2848926,"date":"2015-10-01T15:25:55","date_gmt":"2015-10-01T22:25:55","guid":{"rendered":"http:\/\/agpnoticias.com\/news\/?p=2848926"},"modified":"2015-10-01T15:25:57","modified_gmt":"2015-10-01T22:25:57","slug":"presidente-de-la-liga-de-primera-fuerza-y-tio-de-sheke","status":"publish","type":"post","link":"https:\/\/agpnoticias.com\/news\/?p=2848926","title":{"rendered":"Presidente de la Liga de Primera Fuerza y t\u00edo de \u00abSheke\u00bb"},"content":{"rendered":"<figure id=\"attachment_2848928\" aria-describedby=\"caption-attachment-2848928\" style=\"width: 800px\" class=\"wp-caption alignright\"><a href=\"http:\/\/agpnoticias.com\/news\/presidente-de-la-liga-de-primera-fuerza-y-tio-de-sheke\/adrian-garcia-preside-la-liga-de-futbol-de-primera-fuerza\/\" rel=\"attachment wp-att-2848928\"><img fetchpriority=\"high\" decoding=\"async\" class=\"size-full wp-image-2848928\" src=\"http:\/\/agpnoticias.com\/news\/wp-content\/uploads\/2015\/10\/Adri\u00e1n-Garc\u00eda-preside-la-Liga-de-Futbol-de-Primera-Fuerza.jpg\" alt=\"Adri\u00e1n Garc\u00eda preside la Liga de Futbol de Primera Fuerza\" width=\"800\" height=\"465\" srcset=\"https:\/\/agpnoticias.com\/news\/wp-content\/uploads\/2015\/10\/Adri\u00e1n-Garc\u00eda-preside-la-Liga-de-Futbol-de-Primera-Fuerza.jpg 800w, https:\/\/agpnoticias.com\/news\/wp-content\/uploads\/2015\/10\/Adri\u00e1n-Garc\u00eda-preside-la-Liga-de-Futbol-de-Primera-Fuerza-200x116.jpg 200w, https:\/\/agpnoticias.com\/news\/wp-content\/uploads\/2015\/10\/Adri\u00e1n-Garc\u00eda-preside-la-Liga-de-Futbol-de-Primera-Fuerza-600x349.jpg 600w\" sizes=\"(max-width: 800px) 100vw, 800px\" \/><\/a><figcaption id=\"caption-attachment-2848928\" class=\"wp-caption-text\">Adri\u00e1n Garc\u00eda preside la Liga de Futbol de Primera Fuerza<\/figcaption><\/figure>\n<figure id=\"attachment_2848929\" aria-describedby=\"caption-attachment-2848929\" style=\"width: 230px\" class=\"wp-caption alignright\"><a href=\"http:\/\/agpnoticias.com\/news\/presidente-de-la-liga-de-primera-fuerza-y-tio-de-sheke\/sheke-aviles-es-campeon-juvenil-plata-del-cmb\/\" rel=\"attachment wp-att-2848929\"><img decoding=\"async\" class=\"size-full wp-image-2848929\" src=\"http:\/\/agpnoticias.com\/news\/wp-content\/uploads\/2015\/10\/Sheke-Avil\u00e9s-es-campe\u00f3n-juvenil-plata-del-CMB-e1443738329911.jpg\" alt=\"&quot;Sheke&quot; Avil\u00e9s es campe\u00f3n juvenil plata del CMB\" width=\"230\" height=\"225\" \/><\/a><figcaption id=\"caption-attachment-2848929\" class=\"wp-caption-text\">\u00abSheke\u00bb Avil\u00e9s es campe\u00f3n juvenil plata del CMB<\/figcaption><\/figure>\n<p>Ensenada, Baja California.- Adri\u00e1n Garc\u00eda Mora, electo presidente de la Liga de Futbol de Primera Fuerza y Juvenil el lunes pasado, ha consagrado parte de su vida al futbol local como jugador, patrocinador y directivo.<\/p>\n<p>Pero al margen del futbol, el propietario de Veterinaria La Nueva Granja y ex presidente de la Liga Intermdia se ha acercado a la actividad box\u00edstica por motivos familiares.<\/p>\n<p>\u00abEzequiel &#8216;Sheke&#8217; Avil\u00e9s es mi sobrino y por ah\u00ed andamos apoy\u00e1ndolo en todas las funciones donde participa. \u00c9l es hijo de una hermana y siempre estoy al pendiente de los avances de su carrera, porque el boxeo es costoso y duro\u00bb, coment\u00f3.<\/p>\n<p>Y sobre el campeonato juvenil plata del CMB ganado por \u00abSheke\u00bb, se\u00f1al\u00f3 que \u00abes un orgullo para la familia\u00bb.<\/p>\n<p>\u00abTambi\u00e9n hay m\u00e1s gente de la familia en el deporte como otro de mis sobrinos Armando Garc\u00eda, el beisbolista que jug\u00f3 con Marineros y con muchos equipos de aqu\u00ed de Ensenada\u00bb, refiri\u00f3.<\/p>\n<p>&nbsp;<\/p>\n","protected":false},"excerpt":{"rendered":"<p>Ensenada, Baja California.- Adri\u00e1n Garc\u00eda Mora, electo presidente de la Liga de Futbol de Primera&#8230;<\/p>\n","protected":false},"author":1,"featured_media":2848928,"comment_status":"closed","ping_status":"closed","sticky":false,"template":"","format":"standard","meta":{"footnotes":""},"categories":[1,36,7,32],"tags":[],"class_list":["post-2848926","post","type-post","status-publish","format-standard","has-post-thumbnail","hentry","category-uncategorized","category-boxeo","category-deportes","category-soccer"],"_links":{"self":[{"href":"https:\/\/agpnoticias.com\/news\/index.php?rest_route=\/wp\/v2\/posts\/2848926","targetHints":{"allow":["GET"]}}],"collection":[{"href":"https:\/\/agpnoticias.com\/news\/index.php?rest_route=\/wp\/v2\/posts"}],"about":[{"href":"https:\/\/agpnoticias.com\/news\/index.php?rest_route=\/wp\/v2\/types\/post"}],"author":[{"embeddable":true,"href":"https:\/\/agpnoticias.com\/news\/index.php?rest_route=\/wp\/v2\/users\/1"}],"replies":[{"embeddable":true,"href":"https:\/\/agpnoticias.com\/news\/index.php?rest_route=%2Fwp%2Fv2%2Fcomments&post=2848926"}],"version-history":[{"count":3,"href":"https:\/\/agpnoticias.com\/news\/index.php?rest_route=\/wp\/v2\/posts\/2848926\/revisions"}],"predecessor-version":[{"id":2848931,"href":"https:\/\/agpnoticias.com\/news\/index.php?rest_route=\/wp\/v2\/posts\/2848926\/revisions\/2848931"}],"wp:featuredmedia":[{"embeddable":true,"href":"https:\/\/agpnoticias.com\/news\/index.php?rest_route=\/wp\/v2\/media\/2848928"}],"wp:attachment":[{"href":"https:\/\/agpnoticias.com\/news\/index.php?rest_route=%2Fwp%2Fv2%2Fmedia&parent=2848926"}],"wp:term":[{"taxonomy":"category","embeddable":true,"href":"https:\/\/agpnoticias.com\/news\/index.php?rest_route=%2Fwp%2Fv2%2Fcategories&post=2848926"},{"taxonomy":"post_tag","embeddable":true,"href":"https:\/\/agpnoticias.com\/news\/index.php?rest_route=%2Fwp%2Fv2%2Ftags&post=2848926"}],"curies":[{"name":"wp","href":"https:\/\/api.w.org\/{rel}","templated":true}]}}