{"id":2848932,"date":"2015-10-01T15:55:26","date_gmt":"2015-10-01T22:55:26","guid":{"rendered":"http:\/\/agpnoticias.com\/news\/?p=2848932"},"modified":"2015-10-01T15:58:44","modified_gmt":"2015-10-01T22:58:44","slug":"esperan-calendario-los-renovados-tiburones-blancos","status":"publish","type":"post","link":"https:\/\/agpnoticias.com\/news\/?p=2848932","title":{"rendered":"Esperan calendario los renovados Tiburones Blancos"},"content":{"rendered":"<figure id=\"attachment_2848933\" aria-describedby=\"caption-attachment-2848933\" style=\"width: 800px\" class=\"wp-caption alignright\"><a href=\"http:\/\/agpnoticias.com\/news\/esperan-calendario-los-renovados-tiburones-blancos\/los-tiburones-blancos-en-su-casa-el-estadio-de-ciudad-deportiva\/\" rel=\"attachment wp-att-2848933\"><img fetchpriority=\"high\" decoding=\"async\" class=\"size-full wp-image-2848933\" src=\"http:\/\/agpnoticias.com\/news\/wp-content\/uploads\/2015\/10\/Los-Tiburones-Blancos-en-su-casa-el-estadio-de-Ciudad-Deportiva-e1443740015200.jpg\" alt=\"Los Tiburones Blancos en su casa, el estadio de Ciudad Deportiva\" width=\"800\" height=\"397\" \/><\/a><figcaption id=\"caption-attachment-2848933\" class=\"wp-caption-text\">Los Tiburones Blancos en su casa, el estadio de Ciudad Deportiva<\/figcaption><\/figure>\n<p><span style=\"color: #000000; font-family: Calibri; font-size: medium;\">Ensenada, Baja California.- Los Tiburones Blancos de Ensenada est\u00e1n en espera del calendario de la Tercera Divisi\u00f3n para presentarse con un equipo pr\u00e1cticamente renovado en todas sus \u00e1reas, en relaci\u00f3n al que consigui\u00f3 llegar a los cuartos de final la temporada pasada.<\/span><\/p>\n<p><span style=\"color: #000000; font-family: Calibri; font-size: medium;\">\u00abTenemos un 90 por ciento de jugadores ensenadenses y de los que siguen s\u00f3lo tenemos al portero Israel Cortez, Gabriel Huerta, Gerardo Valenzuela y Sergio Quintero\u00bb, revel\u00f3 Joel Esquivias, relevo de Omar Brise\u00f1o al frente del conjunto que milita en el Grupo XIII.<\/span><\/p>\n<p><span style=\"color: #000000; font-family: Calibri; font-size: medium;\">El ex director deportivo y ahora t\u00e9cnico del conjunto local reconoci\u00f3 que las expectativas han cambiado de acuerdo a lo proyectado el torneo previo cuando hab\u00eda un plantel m\u00e1s experimentado.<\/span><\/p>\n<p><span style=\"color: #000000; font-family: Calibri; font-size: medium;\">\u00abHay que ser realistas, no tenemos un plantel para competir por el liderato como meta, pero s\u00ed daremos pelea con un grupo que no es tan vasto. As\u00ed que habremos de hacer un equipo de lucha, de entrega, de lucha, supliendo las individualidades del a\u00f1o pasado. <\/span><\/p>\n<p><span style=\"color: #000000; font-family: Calibri; font-size: medium;\">\u00abSer\u00e1 un equipo din\u00e1mico y ordenado que sepa c\u00f3mo manejar los partidos. Diario corrijo para lograr un equilibrio defensivo y ofensivo\u00bb, coment\u00f3. <\/span><\/p>\n<figure id=\"attachment_2848934\" aria-describedby=\"caption-attachment-2848934\" style=\"width: 800px\" class=\"wp-caption alignright\"><a href=\"http:\/\/agpnoticias.com\/news\/esperan-calendario-los-renovados-tiburones-blancos\/joel-esquivias-y-su-auxiliar-alfonso-loera\/\" rel=\"attachment wp-att-2848934\"><img decoding=\"async\" class=\"size-full wp-image-2848934\" src=\"http:\/\/agpnoticias.com\/news\/wp-content\/uploads\/2015\/10\/Joel-Esquivias-y-su-auxiliar-Alfonso-Loera-e1443740091313.jpg\" alt=\"Joel Esquivias y su auxiliar Alfonso Loera\" width=\"800\" height=\"541\" \/><\/a><figcaption id=\"caption-attachment-2848934\" class=\"wp-caption-text\">Joel Esquivias y su auxiliar Alfonso Loera<\/figcaption><\/figure>\n<p><span style=\"color: #000000; font-family: Calibri; font-size: medium;\">La base ensenadense es completada por \u00abun par de jugadores que me traje de Tijuana, contenciones los dos, y un refuerzo m\u00e1s de San Quintin\u00bb. <\/span><\/p>\n<p><span style=\"color: #000000; font-family: Calibri; font-size: medium;\">\u00abLe he sido muy claro a la directiva porque tenemos un paquete muy dif\u00edcil; la temporada pasada el equipo lleg\u00f3 muy lejos con una base fuerte, pero ahora hemos tenido que reestructurar desde abajo. <\/span><\/p>\n<p><span style=\"color: #000000; font-family: Calibri; font-size: medium;\">\u00abNos dimos a la tarea de buscar gente y creo que no se trata de un equipo limitado, pero s\u00ed es un grupo al que hay que trabajar demasiado en los conceptos b\u00e1sicos porque no han jugado profesionalmente y solo lo han hecho en escuelitas o equipos de barrio\u00bb, explic\u00f3. <\/span><\/p>\n<p><span style=\"color: #000000; font-family: Calibri; font-size: medium;\">Joel Esquivias subray\u00f3 el respaldo que ha tenido de su auxiliar, el ex jugador de Chivas Alfonso \u00abShaggy\u00bb Loera, as\u00ed como del preparador f\u00edsico Esteban Hern\u00e1ndez Armas, pues \u00abellos hicieron las visor\u00edas para captar al talento local que actualmente conforma el equipo\u00bb.<\/span><\/p>\n<p><span style=\"color: #000000; font-family: Calibri; font-size: medium;\">\u00abEs muy trillado prometer, por eso mejor me comprometo a trabajar para que la gente vea a un equipo integrado casi por puro ensenadense que va a salir a demostrar orgullo en cada jornada\u00bb, apunt\u00f3 el t\u00e9cnico que espera el calendario para iniciar campa\u00f1a \u00abcomo el 15 de octubre\u00bb.<\/span><\/p>\n","protected":false},"excerpt":{"rendered":"<p>Ensenada, Baja California.- Los Tiburones Blancos de Ensenada est\u00e1n en espera del calendario de la&#8230;<\/p>\n","protected":false},"author":1,"featured_media":2848933,"comment_status":"closed","ping_status":"closed","sticky":false,"template":"","format":"standard","meta":{"footnotes":""},"categories":[1,7,32],"tags":[],"class_list":["post-2848932","post","type-post","status-publish","format-standard","has-post-thumbnail","hentry","category-uncategorized","category-deportes","category-soccer"],"_links":{"self":[{"href":"https:\/\/agpnoticias.com\/news\/index.php?rest_route=\/wp\/v2\/posts\/2848932","targetHints":{"allow":["GET"]}}],"collection":[{"href":"https:\/\/agpnoticias.com\/news\/index.php?rest_route=\/wp\/v2\/posts"}],"about":[{"href":"https:\/\/agpnoticias.com\/news\/index.php?rest_route=\/wp\/v2\/types\/post"}],"author":[{"embeddable":true,"href":"https:\/\/agpnoticias.com\/news\/index.php?rest_route=\/wp\/v2\/users\/1"}],"replies":[{"embeddable":true,"href":"https:\/\/agpnoticias.com\/news\/index.php?rest_route=%2Fwp%2Fv2%2Fcomments&post=2848932"}],"version-history":[{"count":3,"href":"https:\/\/agpnoticias.com\/news\/index.php?rest_route=\/wp\/v2\/posts\/2848932\/revisions"}],"predecessor-version":[{"id":2848937,"href":"https:\/\/agpnoticias.com\/news\/index.php?rest_route=\/wp\/v2\/posts\/2848932\/revisions\/2848937"}],"wp:featuredmedia":[{"embeddable":true,"href":"https:\/\/agpnoticias.com\/news\/index.php?rest_route=\/wp\/v2\/media\/2848933"}],"wp:attachment":[{"href":"https:\/\/agpnoticias.com\/news\/index.php?rest_route=%2Fwp%2Fv2%2Fmedia&parent=2848932"}],"wp:term":[{"taxonomy":"category","embeddable":true,"href":"https:\/\/agpnoticias.com\/news\/index.php?rest_route=%2Fwp%2Fv2%2Fcategories&post=2848932"},{"taxonomy":"post_tag","embeddable":true,"href":"https:\/\/agpnoticias.com\/news\/index.php?rest_route=%2Fwp%2Fv2%2Ftags&post=2848932"}],"curies":[{"name":"wp","href":"https:\/\/api.w.org\/{rel}","templated":true}]}}