{"id":2848938,"date":"2015-10-01T16:49:07","date_gmt":"2015-10-01T23:49:07","guid":{"rendered":"http:\/\/agpnoticias.com\/news\/?p=2848938"},"modified":"2015-10-01T16:49:09","modified_gmt":"2015-10-01T23:49:09","slug":"arriesga-guardado-en-su-pelea-del-adios-y-espera-lleno-en-el-tigre","status":"publish","type":"post","link":"https:\/\/agpnoticias.com\/news\/?p=2848938","title":{"rendered":"Arriesga Guardado en su pelea del adi\u00f3s y espera lleno en el \u00abTigre\u00bb"},"content":{"rendered":"<p><a href=\"http:\/\/agpnoticias.com\/news\/arriesga-guardado-en-su-pelea-del-adios-y-espera-lleno-en-el-tigre\/jose-guardado-peleara-este-viernes-contra-chris-minor\/\" rel=\"attachment wp-att-2848939\"><img fetchpriority=\"high\" decoding=\"async\" class=\"size-full wp-image-2848939\" src=\"http:\/\/agpnoticias.com\/news\/wp-content\/uploads\/2015\/10\/Jos\u00e9-Guardado-pelear\u00e1-este-viernes-contra-Chris-Minor-e1443743183467.jpg\" alt=\"Jos\u00e9 Guardado pelear\u00e1 este viernes contra Chris Minor\" width=\"800\" height=\"533\" \/><\/a><\/p>\n<p>Ensenada, Baja California.- No es el entorno ideal para la despedida de un Sal\u00f3n de la Fama como Jos\u00e9 Guardado.<\/p>\n<p>Primero, Chris Minor, el rival al que se medir\u00e1 el viernes por la noche en el gimnasio municipal \u00d3scar \u00abTigre\u00bb Garc\u00eda, no cumpli\u00f3 con las 140 libras establecidas para el combate de campeonato Internaticonal Thai Boxing Organization (ITBO).<\/p>\n<p>Por ello, el campe\u00f3n defensor tendr\u00e1 que arriesgarse a pelear en desventaja, ya que \u00e9l s\u00ed cumpli\u00f3 durante la ceremonia de pesaje.<\/p>\n<p>Adem\u00e1s, la sanci\u00f3n a que fue sujeto por parte de la Comisi\u00f3n de Box, Lucha Libre y Kick Boxing luego de reclamar la derrota de su boxeador Alexis Canett dos semanas atr\u00e1s, afect\u00f3 su concentraci\u00f3n durante el trabajo preparatorio.<\/p>\n<p>\u00abYo s\u00ed di las 140 libras, cumpl\u00ed, pero mi rival no y queda sin posibilidad de llevarse mi campeonato aunque llegara a ganarme; pagar\u00e1 su porcentaje por no haber cumplido y la pelea se har\u00e1.<\/p>\n<p>\u00abEs verdad que corro mucho riesgo porque (Chris Minor) pes\u00f3 145 libras hoy (jueves) y podr\u00eda rebotar hasta 150 ma\u00f1ana (viernes), pero tengo un compromiso con la afici\u00f3n y, de no haber aceptado, se habr\u00eda ca\u00eddo la pelea\u00bb, explic\u00f3.<\/p>\n<p>Adem\u00e1s, el peleador que dir\u00e1 adi\u00f3s a una trayectoria que lo llev\u00f3 a ganar campeonatos del mundo en su especialidad sostuvo que la multa de 5 mil pesos impuesta por la comisi\u00f3n tambi\u00e9n lo distrajo.<\/p>\n<p>\u00abEsta preparaci\u00f3n fue mucho m\u00e1s complicada que la pasada en mayo cuando le gan\u00e9 a Atiq (Jihad) porque me distrajo todo lo que pas\u00f3 con la comisi\u00f3n y hasta dej\u00e9 de entrenar dos d\u00edas.<\/p>\n<p>\u00abAl final de la preparaci\u00f3n cerr\u00e9 fuerte, tom\u00e9 mi ritmo y di el peso. Me disciplin\u00e9 y di los resultados en la b\u00e1scula\u00bb, coment\u00f3.<\/p>\n<p>A unas horas del \u00abadi\u00f3s definitivo\u00bb, el protagonista de la funci\u00f3n \u00abLa Leyenda\u00bb invit\u00f3 a la afici\u00f3n a que lo veo por \u00faltima vez dentro de un cuadril\u00e1tero.<\/p>\n<p>\u00abInvito a toda la gente para que vaya a verme porque todav\u00eda hay boletos; siento tristeza porque ahora s\u00ed es la \u00faltima y espero que me acompa\u00f1en\u00bb, dijo.<\/p>\n<p>Jos\u00e9 Guardado destac\u00f3 la presencia de peleadores que a su consideraci\u00f3n podr\u00edan ser los herederos del legado que dejar\u00e1 el viernes por la noche.<\/p>\n<p>Entre ellos mencion\u00f3 a V\u00edctor Cobi\u00e1n, Marcos \u00abSonrics\u00bb Berist\u00e1in e Ismael \u00abPollo\u00bb V\u00e1zquez, entre otros.<\/p>\n<figure id=\"attachment_2848940\" aria-describedby=\"caption-attachment-2848940\" style=\"width: 800px\" class=\"wp-caption alignright\"><a href=\"http:\/\/agpnoticias.com\/news\/arriesga-guardado-en-su-pelea-del-adios-y-espera-lleno-en-el-tigre\/el-campeon-ensenadense-si-cumplio-ante-la-bascula\/\" rel=\"attachment wp-att-2848940\"><img decoding=\"async\" class=\"size-full wp-image-2848940\" src=\"http:\/\/agpnoticias.com\/news\/wp-content\/uploads\/2015\/10\/El-campe\u00f3n-ensenadense-s\u00ed-cumpli\u00f3-ante-la-b\u00e1scula-e1443743260415.jpg\" alt=\"El campe\u00f3n ensenadense s\u00ed cumpli\u00f3 ante la b\u00e1scula\" width=\"800\" height=\"533\" \/><\/a><figcaption id=\"caption-attachment-2848940\" class=\"wp-caption-text\">El campe\u00f3n ensenadense s\u00ed cumpli\u00f3 ante la b\u00e1scula<\/figcaption><\/figure>\n<p><strong>Funci\u00f3n La Leyenda<\/strong><\/p>\n<p><strong>Peleas estelares<\/strong><\/p>\n<p><strong>Kick Boxing 140 libras<\/strong><\/p>\n<p>Jos\u00e9 Guardado (30-1) vs. Chris Minor (29-7)<\/p>\n<p><strong>Vale Todo 135 libras<\/strong><\/p>\n<p>Marcos \u00abSonrics\u00bb Berist\u00e1in (7-3) vs. \u00d3scar \u00abSorpresa\u00bb Quintero (4-0)<\/p>\n<p><strong>Kick Boxing 132 libras<\/strong><\/p>\n<p>V\u00edctor Cobi\u00e1n (5-1) vs. Fabi\u00e1n Ojeda (4-1)<\/p>\n<p><strong>Muay Thai 185 libras<\/strong><\/p>\n<p>\u00c9dgar Ramos (1-1) vs. Joshua Rittenberry (debut)<\/p>\n<p><strong>Vale Todo 156-157 libras<\/strong><\/p>\n<p>Ismael V\u00e1zquez (4-2) vs. Carlos \u00abRambo\u00bb L\u00f3pez (3-1)<\/p>\n<p><strong>Kick Boxing 120 libras<\/strong><\/p>\n<p>Emmanuel L\u00f3pez vs. Adri\u00e1n Mart\u00ednez<\/p>\n<p><strong>Muay Thai 137 libras<\/strong><\/p>\n<p>\u00d3scar Diez vs. Jos\u00e9 Salazar<\/p>\n","protected":false},"excerpt":{"rendered":"<p>Ensenada, Baja California.- No es el entorno ideal para la despedida de un Sal\u00f3n de&#8230;<\/p>\n","protected":false},"author":1,"featured_media":2848939,"comment_status":"closed","ping_status":"closed","sticky":false,"template":"","format":"standard","meta":{"footnotes":""},"categories":[1,36,7],"tags":[],"class_list":["post-2848938","post","type-post","status-publish","format-standard","has-post-thumbnail","hentry","category-uncategorized","category-boxeo","category-deportes"],"_links":{"self":[{"href":"https:\/\/agpnoticias.com\/news\/index.php?rest_route=\/wp\/v2\/posts\/2848938","targetHints":{"allow":["GET"]}}],"collection":[{"href":"https:\/\/agpnoticias.com\/news\/index.php?rest_route=\/wp\/v2\/posts"}],"about":[{"href":"https:\/\/agpnoticias.com\/news\/index.php?rest_route=\/wp\/v2\/types\/post"}],"author":[{"embeddable":true,"href":"https:\/\/agpnoticias.com\/news\/index.php?rest_route=\/wp\/v2\/users\/1"}],"replies":[{"embeddable":true,"href":"https:\/\/agpnoticias.com\/news\/index.php?rest_route=%2Fwp%2Fv2%2Fcomments&post=2848938"}],"version-history":[{"count":2,"href":"https:\/\/agpnoticias.com\/news\/index.php?rest_route=\/wp\/v2\/posts\/2848938\/revisions"}],"predecessor-version":[{"id":2848942,"href":"https:\/\/agpnoticias.com\/news\/index.php?rest_route=\/wp\/v2\/posts\/2848938\/revisions\/2848942"}],"wp:featuredmedia":[{"embeddable":true,"href":"https:\/\/agpnoticias.com\/news\/index.php?rest_route=\/wp\/v2\/media\/2848939"}],"wp:attachment":[{"href":"https:\/\/agpnoticias.com\/news\/index.php?rest_route=%2Fwp%2Fv2%2Fmedia&parent=2848938"}],"wp:term":[{"taxonomy":"category","embeddable":true,"href":"https:\/\/agpnoticias.com\/news\/index.php?rest_route=%2Fwp%2Fv2%2Fcategories&post=2848938"},{"taxonomy":"post_tag","embeddable":true,"href":"https:\/\/agpnoticias.com\/news\/index.php?rest_route=%2Fwp%2Fv2%2Ftags&post=2848938"}],"curies":[{"name":"wp","href":"https:\/\/api.w.org\/{rel}","templated":true}]}}