{"id":2848943,"date":"2015-10-01T16:30:06","date_gmt":"2015-10-01T23:30:06","guid":{"rendered":"http:\/\/agpnoticias.com\/news\/?p=2848943"},"modified":"2015-10-01T17:01:23","modified_gmt":"2015-10-02T00:01:23","slug":"duda-sonrics-que-sea-la-ultima-de-jose","status":"publish","type":"post","link":"https:\/\/agpnoticias.com\/news\/?p=2848943","title":{"rendered":"Duda \u00abSonrics\u00bb que sea \u00abla \u00faltima de Jos\u00e9\u00bb"},"content":{"rendered":"<figure id=\"attachment_2848944\" aria-describedby=\"caption-attachment-2848944\" style=\"width: 800px\" class=\"wp-caption alignright\"><a href=\"http:\/\/agpnoticias.com\/news\/duda-sonrics-que-sea-la-ultima-de-jose\/marcos-sonrics-beristain-2\/\" rel=\"attachment wp-att-2848944\"><img fetchpriority=\"high\" decoding=\"async\" class=\"size-full wp-image-2848944\" src=\"http:\/\/agpnoticias.com\/news\/wp-content\/uploads\/2015\/10\/Marcos-Sonrics-Berist\u00e1in-e1443743910604.jpg\" alt=\"Marcos &quot;Sonrics&quot; Berist\u00e1in\" width=\"800\" height=\"533\" \/><\/a><figcaption id=\"caption-attachment-2848944\" class=\"wp-caption-text\">Marcos \u00abSonrics\u00bb Berist\u00e1in<\/figcaption><\/figure>\n<p>Ensenada, Baja California.- Porque lo conoce desde se convirti\u00f3 en uno de sus mentores, Marcos \u00abSonrics\u00bb Berist\u00e1in desconf\u00eda de que la de este viernes sea la \u00faltima pelea de Jos\u00e9 Guardado.<\/p>\n<p>\u00abNo creo que sea su despedida. Conociendo a Jos\u00e9 va a haber otras (peleas) m\u00e1s. Yo lo apoy\u00f3 porque \u00e9l ha estado cerca desde mis inicios cuando empec\u00e9 muy peque\u00f1o, pero de que se vaya, la verdad lo dudo\u00bb, dijo entre risas.<\/p>\n<p>Y extendi\u00f3 la invitaci\u00f3n al p\u00fablico local para que asista a ver a Guardado y un grupo de peleadores que se ha forjado bajo su tutela.<\/p>\n<p>En cuanto al combate que sostendr\u00e1 en la modalidad de Vale Todo contra el tijuanense \u00d3scar Quintero, dijo: \u00abHe trabajado duro. Di las 135 libras y me siento bien, ya hidratado y aliment\u00e1ndome despu\u00e9s de la b\u00e1scula, voy contra un muy buen peleador, har\u00e9 mi trabajo y espero sacar otro buen resultado\u00bb.<\/p>\n","protected":false},"excerpt":{"rendered":"<p>Ensenada, Baja California.- Porque lo conoce desde se convirti\u00f3 en uno de sus mentores, Marcos&#8230;<\/p>\n","protected":false},"author":1,"featured_media":2848944,"comment_status":"closed","ping_status":"closed","sticky":false,"template":"","format":"standard","meta":{"footnotes":""},"categories":[1,36,7],"tags":[],"class_list":["post-2848943","post","type-post","status-publish","format-standard","has-post-thumbnail","hentry","category-uncategorized","category-boxeo","category-deportes"],"_links":{"self":[{"href":"https:\/\/agpnoticias.com\/news\/index.php?rest_route=\/wp\/v2\/posts\/2848943","targetHints":{"allow":["GET"]}}],"collection":[{"href":"https:\/\/agpnoticias.com\/news\/index.php?rest_route=\/wp\/v2\/posts"}],"about":[{"href":"https:\/\/agpnoticias.com\/news\/index.php?rest_route=\/wp\/v2\/types\/post"}],"author":[{"embeddable":true,"href":"https:\/\/agpnoticias.com\/news\/index.php?rest_route=\/wp\/v2\/users\/1"}],"replies":[{"embeddable":true,"href":"https:\/\/agpnoticias.com\/news\/index.php?rest_route=%2Fwp%2Fv2%2Fcomments&post=2848943"}],"version-history":[{"count":2,"href":"https:\/\/agpnoticias.com\/news\/index.php?rest_route=\/wp\/v2\/posts\/2848943\/revisions"}],"predecessor-version":[{"id":2848946,"href":"https:\/\/agpnoticias.com\/news\/index.php?rest_route=\/wp\/v2\/posts\/2848943\/revisions\/2848946"}],"wp:featuredmedia":[{"embeddable":true,"href":"https:\/\/agpnoticias.com\/news\/index.php?rest_route=\/wp\/v2\/media\/2848944"}],"wp:attachment":[{"href":"https:\/\/agpnoticias.com\/news\/index.php?rest_route=%2Fwp%2Fv2%2Fmedia&parent=2848943"}],"wp:term":[{"taxonomy":"category","embeddable":true,"href":"https:\/\/agpnoticias.com\/news\/index.php?rest_route=%2Fwp%2Fv2%2Fcategories&post=2848943"},{"taxonomy":"post_tag","embeddable":true,"href":"https:\/\/agpnoticias.com\/news\/index.php?rest_route=%2Fwp%2Fv2%2Ftags&post=2848943"}],"curies":[{"name":"wp","href":"https:\/\/api.w.org\/{rel}","templated":true}]}}