{"id":2848962,"date":"2015-10-02T14:00:36","date_gmt":"2015-10-02T21:00:36","guid":{"rendered":"http:\/\/agpnoticias.com\/news\/?p=2848962"},"modified":"2015-10-02T14:00:37","modified_gmt":"2015-10-02T21:00:37","slug":"de-la-ic-a-la-municipal-de-tomateros-a-agricola-colonet","status":"publish","type":"post","link":"https:\/\/agpnoticias.com\/news\/?p=2848962","title":{"rendered":"De la IC a la Municipal; de Tomateros a Agr\u00edcola Colonet"},"content":{"rendered":"<figure id=\"attachment_2848963\" aria-describedby=\"caption-attachment-2848963\" style=\"width: 800px\" class=\"wp-caption aligncenter\"><a href=\"http:\/\/agpnoticias.com\/news\/de-la-ic-a-la-municipal-de-tomateros-a-agricola-colonet\/agricola-colonet-buscara-su-segunda-victoria-el-domingo\/\" rel=\"attachment wp-att-2848963\"><img fetchpriority=\"high\" decoding=\"async\" class=\"size-full wp-image-2848963\" src=\"http:\/\/agpnoticias.com\/news\/wp-content\/uploads\/2015\/10\/Agr\u00edcola-Colonet-buscar\u00e1-su-segunda-victoria-el-domingo-e1443818270217.jpg\" alt=\"Agr\u00edcola Colonet buscar\u00e1 su segunda victoria el domingo\" width=\"800\" height=\"437\" \/><\/a><figcaption id=\"caption-attachment-2848963\" class=\"wp-caption-text\">Agr\u00edcola Colonet buscar\u00e1 su segunda victoria el domingo<\/figcaption><\/figure>\n<p><span style=\"color: #000000; font-family: Calibri;\">Ensenada, Baja California.- Los Tomateros ahora son Agr\u00edcola Colonet. Y ya no juegan en la Liga Industrial Comercial. Ahora lo hacen en la Municipal. Por lo pronto, para empezar, ganaron su primer encuentro por pizarra de 9-1 sobre Agr\u00edcola San Luis., en ruta a la disputa del t\u00edtulo que posee Publicidad M\u00e1rquez.<\/span><\/p>\n<p><span style=\"color: #000000; font-family: Calibri;\">\u00abNos fuimos de la IC por los candados que pusieron para el nuevo torneo con la restricci\u00f3n a cinco jugadores selecci\u00f3n, sin extranjeros ni profesionales\u00bb, explic\u00f3 Alfredo Flores.<\/span><\/p>\n<p><span style=\"color: #000000; font-family: Calibri;\">El coach y responsable de las contrataciones del plantel que dej\u00f3 la Liga Industrial Comercial con un campeonato y un sub campeonato se\u00f1al\u00f3 que con esa misma intenci\u00f3n, la de ganar campeonatos ante equipos de mayor exigencia, han aterrizado en la Liga Municipal.<\/span><\/p>\n<p><span style=\"color: #000000; font-family: Calibri;\">\u00abAc\u00e1 nos permiten siete jugadores de selecci\u00f3n, incluido un profesional que no haya cumplido con los turnos (si es bateador) o los innings lanzados (si es pitcher) en Liga Mexicana o Liga del Pac\u00edfico.<\/span><\/p>\n<p><span style=\"color: #000000; font-family: Calibri;\">\u00abAdem\u00e1s podemos registrar un extranjero que, del mismo modo, no haya cumplido con el l\u00edmite de las ligas profesionales\u00bb, refiri\u00f3.<\/span><\/p>\n<figure id=\"attachment_2848966\" aria-describedby=\"caption-attachment-2848966\" style=\"width: 600px\" class=\"wp-caption aligncenter\"><a href=\"http:\/\/agpnoticias.com\/news\/de-la-ic-a-la-municipal-de-tomateros-a-agricola-colonet\/uriak-marquez-ha-iniciado-la-temporada-con-agricola-colonet\/\" rel=\"attachment wp-att-2848966\"><img decoding=\"async\" class=\"size-full wp-image-2848966\" src=\"http:\/\/agpnoticias.com\/news\/wp-content\/uploads\/2015\/10\/Uriak-M\u00e1rquez-ha-iniciado-la-temporada-con-Agr\u00edcola-Colonet-e1443818530848.jpg\" alt=\"Uriak M\u00e1rquez ha iniciado la temporada con Agr\u00edcola Colonet\" width=\"600\" height=\"721\" \/><\/a><figcaption id=\"caption-attachment-2848966\" class=\"wp-caption-text\">Uriak M\u00e1rquez ha iniciado la temporada con Agr\u00edcola Colonet<\/figcaption><\/figure>\n<p><span style=\"color: #000000; font-family: Calibri;\">En ese sentido, Agr\u00edcola Colonet contar\u00e1 con el venezolano Uriak M\u00e1rquez durante las dos primeros jornadas, antes de que emigre a la Liga Invernal Veracruzana con Chiapas.<\/span><\/p>\n<p><span style=\"color: #000000; font-family: Calibri;\">\u00abPor \u00e9l llegar\u00e1 el pitcher (dominicano) Antonio Guzm\u00e1n, que tambi\u00e9n podr\u00e1 se registrado como mexicano m\u00e1s adelante porque cuenta con su naturalizaci\u00f3n\u00bb, abund\u00f3.<\/span><\/p>\n<p><span style=\"color: #000000; font-family: Calibri;\">El profesional activado en esta ocasi\u00f3n es \u00d3scar Lemus, quien, para empezar, dispar\u00f3 cuatro hits en su presentaci\u00f3n ante Agr\u00edcola San Luis.<\/span><\/p>\n<p><span style=\"color: #000000; font-family: Calibri;\">Los jugadores de selecci\u00f3n son encabezados por el receptor C\u00e9sar \u00abVito\u00bb M\u00e1rquez, encargado de disparar jonr\u00f3n y producir tres carreras el domingo de la presentaci\u00f3n.<\/span><\/p>\n<figure id=\"attachment_2848965\" aria-describedby=\"caption-attachment-2848965\" style=\"width: 600px\" class=\"wp-caption aligncenter\"><a href=\"http:\/\/agpnoticias.com\/news\/de-la-ic-a-la-municipal-de-tomateros-a-agricola-colonet\/agustin-campa-y-el-manager-sergio-lopez\/\" rel=\"attachment wp-att-2848965\"><img decoding=\"async\" class=\"size-full wp-image-2848965\" src=\"http:\/\/agpnoticias.com\/news\/wp-content\/uploads\/2015\/10\/Agust\u00edn-Campa-y-el-manager-Sergio-L\u00f3pez-e1443818423937.jpg\" alt=\"Agust\u00edn Campa y el manager Sergio L\u00f3pez\" width=\"600\" height=\"622\" \/><\/a><figcaption id=\"caption-attachment-2848965\" class=\"wp-caption-text\">Agust\u00edn Campa y el manager Sergio L\u00f3pez<\/figcaption><\/figure>\n<p><span style=\"color: #000000; font-family: Calibri;\">Tambi\u00e9n hay gente de experiencia como el segundo base Agust\u00edn Campa y Armando Garc\u00eda, adem\u00e1s de elementos juveniles como Diego Mercado y V\u00edctor Miranda, ambos de Maneadero, y encargados de conectar un par de hits el domingo contra Agr\u00edcola San Luis.<\/span><\/p>\n<p><span style=\"color: #000000; font-family: Calibri;\">En el mont\u00edculo se apunt\u00f3 su primer triunfo el ex profesional Jorge Guti\u00e9rrez, que lanz\u00f3 siete entradas de cuatro hits.<\/span><\/p>\n<p><span style=\"color: #000000; font-family: Calibri;\">\u00abEntre los pitchers tambi\u00e9n tenemos a Jorge \u00abCoqui\u00bb M\u00e1rquez y William L\u00f3pez, que relevaron las dos entradas finales el domingo\u00bb, as\u00ed como Omar Camacho.<\/span><\/p>\n<figure id=\"attachment_2848967\" aria-describedby=\"caption-attachment-2848967\" style=\"width: 600px\" class=\"wp-caption aligncenter\"><a href=\"http:\/\/agpnoticias.com\/news\/de-la-ic-a-la-municipal-de-tomateros-a-agricola-colonet\/diego-mercado-2\/\" rel=\"attachment wp-att-2848967\"><img loading=\"lazy\" decoding=\"async\" class=\"size-full wp-image-2848967\" src=\"http:\/\/agpnoticias.com\/news\/wp-content\/uploads\/2015\/10\/Diego-Mercado-e1443818667531.jpg\" alt=\"Diego Mercado\" width=\"600\" height=\"694\" \/><\/a><figcaption id=\"caption-attachment-2848967\" class=\"wp-caption-text\">Diego Mercado<\/figcaption><\/figure>\n<p><span style=\"color: #000000; font-family: Calibri;\">Otros elementos que completan a Agr\u00edcola Colonet son el pelotero de la categor\u00eda Nuevos Valores, Alex Silva, Antonio Casta\u00f1eda y el tambi\u00e9n considerado jugador de selecci\u00f3n Adri\u00e1n Guti\u00e9rrez.<\/span><\/p>\n<p><span style=\"color: #000000; font-family: Calibri;\">En el cuerpo t\u00e9cnico, dijo Alfredo Flores, \u00abestoy como coach y Sergio L\u00f3pez es el manager, tambi\u00e9n con Eduardo Montoya como colaborador\u00bb del plantel armado y patrocinado por Arnulfo Silva y su familia. <\/span><\/p>\n<p><span style=\"color: #000000; font-family: Calibri;\">El domingo ser\u00e1 el segundo juego de Agr\u00edcola Colonet contra el equipo A1 Elite a las 10:00 horas en el deportivo Antonio Palacios.<\/span><\/p>\n<figure id=\"attachment_2848968\" aria-describedby=\"caption-attachment-2848968\" style=\"width: 800px\" class=\"wp-caption aligncenter\"><a href=\"http:\/\/agpnoticias.com\/news\/de-la-ic-a-la-municipal-de-tomateros-a-agricola-colonet\/cesar-vito-marquez-receptor-de-agricola-colonet\/\" rel=\"attachment wp-att-2848968\"><img loading=\"lazy\" decoding=\"async\" class=\"size-full wp-image-2848968\" src=\"http:\/\/agpnoticias.com\/news\/wp-content\/uploads\/2015\/10\/C\u00e9sar-Vito-M\u00e1rquez-receptor-de-Agr\u00edcola-Colonet-e1443819474772.jpg\" alt=\"C\u00e9sar &quot;Vito&quot; M\u00e1rquez, receptor de Agr\u00edcola Colonet\" width=\"800\" height=\"467\" \/><\/a><figcaption id=\"caption-attachment-2848968\" class=\"wp-caption-text\">C\u00e9sar \u00abVito\u00bb M\u00e1rquez, receptor de Agr\u00edcola Colonet<\/figcaption><\/figure>\n<p>&nbsp;<\/p>\n","protected":false},"excerpt":{"rendered":"<p>Ensenada, Baja California.- Los Tomateros ahora son Agr\u00edcola Colonet. Y ya no juegan en la&#8230;<\/p>\n","protected":false},"author":1,"featured_media":2848963,"comment_status":"closed","ping_status":"closed","sticky":false,"template":"","format":"standard","meta":{"footnotes":""},"categories":[1,30,7,53],"tags":[],"class_list":["post-2848962","post","type-post","status-publish","format-standard","has-post-thumbnail","hentry","category-uncategorized","category-beisbol","category-deportes","category-municipal-de-ensenada"],"_links":{"self":[{"href":"https:\/\/agpnoticias.com\/news\/index.php?rest_route=\/wp\/v2\/posts\/2848962","targetHints":{"allow":["GET"]}}],"collection":[{"href":"https:\/\/agpnoticias.com\/news\/index.php?rest_route=\/wp\/v2\/posts"}],"about":[{"href":"https:\/\/agpnoticias.com\/news\/index.php?rest_route=\/wp\/v2\/types\/post"}],"author":[{"embeddable":true,"href":"https:\/\/agpnoticias.com\/news\/index.php?rest_route=\/wp\/v2\/users\/1"}],"replies":[{"embeddable":true,"href":"https:\/\/agpnoticias.com\/news\/index.php?rest_route=%2Fwp%2Fv2%2Fcomments&post=2848962"}],"version-history":[{"count":2,"href":"https:\/\/agpnoticias.com\/news\/index.php?rest_route=\/wp\/v2\/posts\/2848962\/revisions"}],"predecessor-version":[{"id":2848970,"href":"https:\/\/agpnoticias.com\/news\/index.php?rest_route=\/wp\/v2\/posts\/2848962\/revisions\/2848970"}],"wp:featuredmedia":[{"embeddable":true,"href":"https:\/\/agpnoticias.com\/news\/index.php?rest_route=\/wp\/v2\/media\/2848963"}],"wp:attachment":[{"href":"https:\/\/agpnoticias.com\/news\/index.php?rest_route=%2Fwp%2Fv2%2Fmedia&parent=2848962"}],"wp:term":[{"taxonomy":"category","embeddable":true,"href":"https:\/\/agpnoticias.com\/news\/index.php?rest_route=%2Fwp%2Fv2%2Fcategories&post=2848962"},{"taxonomy":"post_tag","embeddable":true,"href":"https:\/\/agpnoticias.com\/news\/index.php?rest_route=%2Fwp%2Fv2%2Ftags&post=2848962"}],"curies":[{"name":"wp","href":"https:\/\/api.w.org\/{rel}","templated":true}]}}