{"id":2848972,"date":"2015-10-02T15:11:03","date_gmt":"2015-10-02T22:11:03","guid":{"rendered":"http:\/\/agpnoticias.com\/news\/?p=2848972"},"modified":"2015-10-02T15:13:18","modified_gmt":"2015-10-02T22:13:18","slug":"briseno-sera-auxiliar-del-colombiano-suarez-afirma-columnista-de-record","status":"publish","type":"post","link":"https:\/\/agpnoticias.com\/news\/?p=2848972","title":{"rendered":"Brise\u00f1o ser\u00e1 auxiliar del colombiano Su\u00e1rez, afirma columnista de R\u00e9cord"},"content":{"rendered":"<figure id=\"attachment_2848974\" aria-describedby=\"caption-attachment-2848974\" style=\"width: 800px\" class=\"wp-caption aligncenter\"><a href=\"http:\/\/agpnoticias.com\/news\/briseno-sera-auxiliar-del-colombiano-suarez-afirma-columnista-de-record\/omar-briseno-seria-auxiliar-de-luis-fernando-suarez-en-dorados\/\" rel=\"attachment wp-att-2848974\"><img fetchpriority=\"high\" decoding=\"async\" class=\"size-full wp-image-2848974\" src=\"http:\/\/agpnoticias.com\/news\/wp-content\/uploads\/2015\/10\/Omar-Brise\u00f1o-ser\u00eda-auxiliar-de-Luis-Fernando-Su\u00e1rez-en-Dorados-e1443823849938.jpg\" alt=\"Omar Brise\u00f1o ser\u00eda auxiliar de Luis Fernando Su\u00e1rez en Dorados (Cortes\u00eda)\" width=\"800\" height=\"616\" \/><\/a><figcaption id=\"caption-attachment-2848974\" class=\"wp-caption-text\">Omar Brise\u00f1o ser\u00eda auxiliar de Luis Fernando Su\u00e1rez en Dorados (Cortes\u00eda)<\/figcaption><\/figure>\n<p>Culiac\u00e1n, Sinaloa.- El ex entrenador de los Tiburones Blancos de Ensenada en la Tercera Divisi\u00f3n, Omar Brise\u00f1o, continuar\u00eda en el cuerpo t\u00e9cnico de los Dorados de Culiac\u00e1n ahora que ha asumido el colombiano Luis Fernando Su\u00e1rez.<\/p>\n<p>De acuerdo a la columna que publica el periodista David Medrano en el diario R\u00e9cord, el entrenador sinaloense permanecer\u00e1 como colaborador del t\u00e9cnico que dirigi\u00f3 a Ecuador en Alemania 2006 y a Honduras en el Brasil 2014.<\/p>\n<p>\u00abEl cafetalero acept\u00f3 que Omar Brise\u00f1o, que estuvo como interino el martes en Torre\u00f3n, sea parte de su cuerpo t\u00e9cnico con Dorados de Sinaloa\u00bb, confirm\u00f3 el columnista.<\/p>\n<p>Brise\u00f1o dej\u00f3 a los Tiburones Blancos en mayo y se sum\u00f3 a la estructura de los Dorados como entrenador del plantel Sub 17, pero m\u00e1s adelante ascendi\u00f3 hasta dirigir al conjunto que compite en la Segunda Divisi\u00f3n Premier.<\/p>\n<p>A la salida de Carlos Bustos fue designado de manera interina y condujo al \u00abGran Pez\u00bb durante el empate a uno antes referido en Torre\u00f3n.<\/p>\n","protected":false},"excerpt":{"rendered":"<p>Culiac\u00e1n, Sinaloa.- El ex entrenador de los Tiburones Blancos de Ensenada en la Tercera Divisi\u00f3n,&#8230;<\/p>\n","protected":false},"author":1,"featured_media":2848974,"comment_status":"closed","ping_status":"closed","sticky":false,"template":"","format":"standard","meta":{"footnotes":""},"categories":[1,7,32],"tags":[],"class_list":["post-2848972","post","type-post","status-publish","format-standard","has-post-thumbnail","hentry","category-uncategorized","category-deportes","category-soccer"],"_links":{"self":[{"href":"https:\/\/agpnoticias.com\/news\/index.php?rest_route=\/wp\/v2\/posts\/2848972","targetHints":{"allow":["GET"]}}],"collection":[{"href":"https:\/\/agpnoticias.com\/news\/index.php?rest_route=\/wp\/v2\/posts"}],"about":[{"href":"https:\/\/agpnoticias.com\/news\/index.php?rest_route=\/wp\/v2\/types\/post"}],"author":[{"embeddable":true,"href":"https:\/\/agpnoticias.com\/news\/index.php?rest_route=\/wp\/v2\/users\/1"}],"replies":[{"embeddable":true,"href":"https:\/\/agpnoticias.com\/news\/index.php?rest_route=%2Fwp%2Fv2%2Fcomments&post=2848972"}],"version-history":[{"count":4,"href":"https:\/\/agpnoticias.com\/news\/index.php?rest_route=\/wp\/v2\/posts\/2848972\/revisions"}],"predecessor-version":[{"id":2848977,"href":"https:\/\/agpnoticias.com\/news\/index.php?rest_route=\/wp\/v2\/posts\/2848972\/revisions\/2848977"}],"wp:featuredmedia":[{"embeddable":true,"href":"https:\/\/agpnoticias.com\/news\/index.php?rest_route=\/wp\/v2\/media\/2848974"}],"wp:attachment":[{"href":"https:\/\/agpnoticias.com\/news\/index.php?rest_route=%2Fwp%2Fv2%2Fmedia&parent=2848972"}],"wp:term":[{"taxonomy":"category","embeddable":true,"href":"https:\/\/agpnoticias.com\/news\/index.php?rest_route=%2Fwp%2Fv2%2Fcategories&post=2848972"},{"taxonomy":"post_tag","embeddable":true,"href":"https:\/\/agpnoticias.com\/news\/index.php?rest_route=%2Fwp%2Fv2%2Ftags&post=2848972"}],"curies":[{"name":"wp","href":"https:\/\/api.w.org\/{rel}","templated":true}]}}