{"id":2848978,"date":"2015-10-02T16:08:12","date_gmt":"2015-10-02T23:08:12","guid":{"rendered":"http:\/\/agpnoticias.com\/news\/?p=2848978"},"modified":"2015-10-02T16:08:13","modified_gmt":"2015-10-02T23:08:13","slug":"el-clasificado-del-cmb-max-flores-listo-para-un-viejo-conocido","status":"publish","type":"post","link":"https:\/\/agpnoticias.com\/news\/?p=2848978","title":{"rendered":"El clasificado del CMB, Max Flores, listo para un viejo conocido"},"content":{"rendered":"<figure id=\"attachment_2848979\" aria-describedby=\"caption-attachment-2848979\" style=\"width: 800px\" class=\"wp-caption aligncenter\"><a href=\"http:\/\/agpnoticias.com\/news\/el-clasificado-del-cmb-max-flores-listo-para-un-viejo-conocido\/max-flores-peleara-el-viernes-9-de-octubre-en-el-deportivo-antonio-palacios\/\" rel=\"attachment wp-att-2848979\"><img fetchpriority=\"high\" decoding=\"async\" class=\"size-full wp-image-2848979\" src=\"http:\/\/agpnoticias.com\/news\/wp-content\/uploads\/2015\/10\/Max-Flores-pelear\u00e1-el-viernes-9-de-octubre-en-el-deportivo-Antonio-Palacios-e1443827262307.jpg\" alt=\"Max Flores pelear\u00e1 el viernes 9 de octubre en el deportivo Antonio Palacios\" width=\"800\" height=\"533\" \/><\/a><figcaption id=\"caption-attachment-2848979\" class=\"wp-caption-text\">Max Flores pelear\u00e1 el viernes 9 de octubre en el deportivo Antonio Palacios<\/figcaption><\/figure>\n<p><span style=\"color: #000000; font-family: Calibri;\">Ensenada, Baja California.- Max Flores pelear\u00e1 por cuarta ocasi\u00f3n contra Mario \u00abAmenaza\u00bb Lara el viernes 9 de octubre, mientras se mantiene como el \u00fanico ensenadense clasificado entre los 20 mejores dentro del escalaf\u00f3n del Consejo Mundial de Boxeo (CMB).<\/span><\/p>\n<p><span style=\"color: #000000; font-family: Calibri;\">\u00abEstoy en el lugar 20 del CMB (peso m\u00ednimo) y espero seguir colocado ah\u00ed, aunque esta pr\u00f3xima pelea la har\u00e9 en mosca\u00bb, refiri\u00f3 el disc\u00edpulo de Rafael Guzm\u00e1n a una semana de un nuevo encuentro ante el peleador al que buscar\u00e1 vencer por tercera vez.<\/span><\/p>\n<p><span style=\"color: #000000; font-family: Calibri;\">\u00abYa lo conozco muy bien, a pesar de que tiene varias peleas perdidas (7-12-3) es muy dif\u00edcil; con \u00e9l ya he tenido tres verdaderas batallas, dos ganadas por m\u00ed y una, la segunda, ganada por \u00e9l.<\/span><\/p>\n<p><span style=\"color: #000000; font-family: Calibri;\">\u00abLe ha quitado el invicto a varios prospectos y sabemos que en esta ocasi\u00f3n no ser\u00e1 la excepci\u00f3n y vendr\u00e1 a dar todo para tratar de ganarme, sobre todo porque \u00e9l siempre ha peleado en un peso mayor, como entre los 53 y los 54 kilos\u00bb, apunt\u00f3 el peleador que muestra foja de 17-2.<\/span><\/p>\n<p><span style=\"color: #000000; font-family: Calibri;\">Sobre su futuro, dijo: \u00abQuiero quedarme en mini mosca, es el peso en el que mejor me he sentido, y espero cerrar el a\u00f1o con otra buena pelea despu\u00e9s de la del d\u00eda 9 (de octubre)\u00bb.<\/span><\/p>\n<p><span style=\"color: #000000; font-family: Calibri;\">Por el momento, \u00abla empresa Zanfer es la que me est\u00e1 moviendo y me ha programado buenas peleas como la que tuve en febrero a nivel nacional contra Gilberto Parra en Sonora, y la \u00faltima que hice aqu\u00ed en Ensenada y que fue televisada por Azteca Am\u00e9rica el 10 de julio\u00bb.<\/span><\/p>\n<p><span style=\"color: #000000; font-family: Calibri;\"> La pelea entre Max Flores y Mario \u00abAmenaza\u00bb Lara forma parte de la funci\u00f3n que se presentar\u00e1 el viernes 9 de octubre en el deportivo Antonio Palacios, organizada por Hefziba Promotions.<\/span><\/p>\n<p>&nbsp;<\/p>\n","protected":false},"excerpt":{"rendered":"<p>Ensenada, Baja California.- Max Flores pelear\u00e1 por cuarta ocasi\u00f3n contra Mario \u00abAmenaza\u00bb Lara el viernes&#8230;<\/p>\n","protected":false},"author":1,"featured_media":2848979,"comment_status":"closed","ping_status":"closed","sticky":false,"template":"","format":"standard","meta":{"footnotes":""},"categories":[1,36,7],"tags":[],"class_list":["post-2848978","post","type-post","status-publish","format-standard","has-post-thumbnail","hentry","category-uncategorized","category-boxeo","category-deportes"],"_links":{"self":[{"href":"https:\/\/agpnoticias.com\/news\/index.php?rest_route=\/wp\/v2\/posts\/2848978","targetHints":{"allow":["GET"]}}],"collection":[{"href":"https:\/\/agpnoticias.com\/news\/index.php?rest_route=\/wp\/v2\/posts"}],"about":[{"href":"https:\/\/agpnoticias.com\/news\/index.php?rest_route=\/wp\/v2\/types\/post"}],"author":[{"embeddable":true,"href":"https:\/\/agpnoticias.com\/news\/index.php?rest_route=\/wp\/v2\/users\/1"}],"replies":[{"embeddable":true,"href":"https:\/\/agpnoticias.com\/news\/index.php?rest_route=%2Fwp%2Fv2%2Fcomments&post=2848978"}],"version-history":[{"count":2,"href":"https:\/\/agpnoticias.com\/news\/index.php?rest_route=\/wp\/v2\/posts\/2848978\/revisions"}],"predecessor-version":[{"id":2848981,"href":"https:\/\/agpnoticias.com\/news\/index.php?rest_route=\/wp\/v2\/posts\/2848978\/revisions\/2848981"}],"wp:featuredmedia":[{"embeddable":true,"href":"https:\/\/agpnoticias.com\/news\/index.php?rest_route=\/wp\/v2\/media\/2848979"}],"wp:attachment":[{"href":"https:\/\/agpnoticias.com\/news\/index.php?rest_route=%2Fwp%2Fv2%2Fmedia&parent=2848978"}],"wp:term":[{"taxonomy":"category","embeddable":true,"href":"https:\/\/agpnoticias.com\/news\/index.php?rest_route=%2Fwp%2Fv2%2Fcategories&post=2848978"},{"taxonomy":"post_tag","embeddable":true,"href":"https:\/\/agpnoticias.com\/news\/index.php?rest_route=%2Fwp%2Fv2%2Ftags&post=2848978"}],"curies":[{"name":"wp","href":"https:\/\/api.w.org\/{rel}","templated":true}]}}