{"id":2848997,"date":"2015-10-02T23:52:35","date_gmt":"2015-10-03T06:52:35","guid":{"rendered":"http:\/\/agpnoticias.com\/news\/?p=2848997"},"modified":"2015-10-03T02:14:14","modified_gmt":"2015-10-03T09:14:14","slug":"gana-guardado-su-pelea-de-despedida","status":"publish","type":"post","link":"https:\/\/agpnoticias.com\/news\/?p=2848997","title":{"rendered":"Gana Guardado su pelea de \u00bfdespedida?"},"content":{"rendered":"<figure id=\"attachment_2848999\" aria-describedby=\"caption-attachment-2848999\" style=\"width: 245px\" class=\"wp-caption alignright\"><a href=\"http:\/\/agpnoticias.com\/news\/gana-guardado-su-pelea-de-despedida\/jose-guardado-conservo-su-cinturon\/\" rel=\"attachment wp-att-2848999\"><img fetchpriority=\"high\" decoding=\"async\" class=\"size-full wp-image-2848999\" src=\"http:\/\/agpnoticias.com\/news\/wp-content\/uploads\/2015\/10\/Jos\u00e9-Guardado-conserv\u00f3-su-cintur\u00f3n-e1443863358772.jpg\" alt=\"Jos\u00e9 Guardado conserv\u00f3 su cintur\u00f3n\" width=\"245\" height=\"348\" \/><\/a><figcaption id=\"caption-attachment-2848999\" class=\"wp-caption-text\">Jos\u00e9 Guardado conserv\u00f3 su cintur\u00f3n<\/figcaption><\/figure>\n<p>Ensenada, Baja California.- Chris Minor\u00a0no pudo continuar por una lesi\u00f3n en el pie y con ello Jos\u00e9 Guardado gan\u00f3 la pelea estelar de la funci\u00f3n La Leyenda y adem\u00e1s retuvo\u00a0el campeonato de la ITBO en las 140 libras en el gimnasio municipal \u00d3scar \u00abTigre\u00bb Garc\u00eda.<\/p>\n<p>Sin embargo, la supuesta despedida del peleador ensenadense qued\u00f3 en veremos, pues, en cuanto se decret\u00f3 el nocaut a los 10 segundos del tercer asalto, Atiq Jihad, quien perdi\u00f3 con Guardado en mayo de 2015, subi\u00f3 al cuadril\u00e1tero a retarlo despu\u00e9s de recuperarse de un atentado en el que recibi\u00f3 varios balazos.<\/p>\n<p>Y as\u00ed qued\u00f3 abierta la posibilidad de que a\u00fan queden m\u00e1s cap\u00edtulos en su carrera longeva carrera deportiva que inici\u00f3 en 1991.<\/p>\n<p>Chris Minor, antes de finalizar el segundo round, al parecer impact\u00f3 su pie derecho con el codo de Jos\u00e9 Guardado y ya no pudo salir a disputar el tercero.<\/p>\n<p>En la funci\u00f3n promovida por Showbox tambi\u00e9n ganaron los peleadores locales Marcos \u00abSonrics\u00bb Berista\u00edn, Ismael \u00abPollo\u00bb V\u00e1zquez y V\u00edctor Cobi\u00e1n.<\/p>\n<p>&nbsp;<\/p>\n","protected":false},"excerpt":{"rendered":"<p>Ensenada, Baja California.- Chris Minor\u00a0no pudo continuar por una lesi\u00f3n en el pie y con&#8230;<\/p>\n","protected":false},"author":1,"featured_media":2848998,"comment_status":"closed","ping_status":"closed","sticky":false,"template":"","format":"standard","meta":{"footnotes":""},"categories":[1,36,7],"tags":[],"class_list":["post-2848997","post","type-post","status-publish","format-standard","has-post-thumbnail","hentry","category-uncategorized","category-boxeo","category-deportes"],"_links":{"self":[{"href":"https:\/\/agpnoticias.com\/news\/index.php?rest_route=\/wp\/v2\/posts\/2848997","targetHints":{"allow":["GET"]}}],"collection":[{"href":"https:\/\/agpnoticias.com\/news\/index.php?rest_route=\/wp\/v2\/posts"}],"about":[{"href":"https:\/\/agpnoticias.com\/news\/index.php?rest_route=\/wp\/v2\/types\/post"}],"author":[{"embeddable":true,"href":"https:\/\/agpnoticias.com\/news\/index.php?rest_route=\/wp\/v2\/users\/1"}],"replies":[{"embeddable":true,"href":"https:\/\/agpnoticias.com\/news\/index.php?rest_route=%2Fwp%2Fv2%2Fcomments&post=2848997"}],"version-history":[{"count":3,"href":"https:\/\/agpnoticias.com\/news\/index.php?rest_route=\/wp\/v2\/posts\/2848997\/revisions"}],"predecessor-version":[{"id":2849002,"href":"https:\/\/agpnoticias.com\/news\/index.php?rest_route=\/wp\/v2\/posts\/2848997\/revisions\/2849002"}],"wp:featuredmedia":[{"embeddable":true,"href":"https:\/\/agpnoticias.com\/news\/index.php?rest_route=\/wp\/v2\/media\/2848998"}],"wp:attachment":[{"href":"https:\/\/agpnoticias.com\/news\/index.php?rest_route=%2Fwp%2Fv2%2Fmedia&parent=2848997"}],"wp:term":[{"taxonomy":"category","embeddable":true,"href":"https:\/\/agpnoticias.com\/news\/index.php?rest_route=%2Fwp%2Fv2%2Fcategories&post=2848997"},{"taxonomy":"post_tag","embeddable":true,"href":"https:\/\/agpnoticias.com\/news\/index.php?rest_route=%2Fwp%2Fv2%2Ftags&post=2848997"}],"curies":[{"name":"wp","href":"https:\/\/api.w.org\/{rel}","templated":true}]}}