{"id":2849113,"date":"2015-10-05T18:24:22","date_gmt":"2015-10-06T01:24:22","guid":{"rendered":"http:\/\/agpnoticias.com\/news\/?p=2849113"},"modified":"2015-10-05T18:24:23","modified_gmt":"2015-10-06T01:24:23","slug":"cocina-rafa-su-futuro-dentro-y-fuera-del-ring","status":"publish","type":"post","link":"https:\/\/agpnoticias.com\/news\/?p=2849113","title":{"rendered":"\u00abCocina\u00bb Rafa su futuro dentro y fuera del ring"},"content":{"rendered":"<figure id=\"attachment_2849115\" aria-describedby=\"caption-attachment-2849115\" style=\"width: 800px\" class=\"wp-caption aligncenter\"><a href=\"http:\/\/agpnoticias.com\/news\/cocina-rafa-su-futuro-dentro-y-fuera-del-ring\/rafael-guzman-jr\/\" rel=\"attachment wp-att-2849115\"><img fetchpriority=\"high\" decoding=\"async\" class=\"size-full wp-image-2849115\" src=\"http:\/\/agpnoticias.com\/news\/wp-content\/uploads\/2015\/10\/Rafael-Guzm\u00e1n-Jr.-e1444094638980.jpg\" alt=\"Rafael Guzm\u00e1n Jr.\" width=\"800\" height=\"533\" \/><\/a><figcaption id=\"caption-attachment-2849115\" class=\"wp-caption-text\">Rafael Guzm\u00e1n Jr.<\/figcaption><\/figure>\n<p>Ensenada, Baja California.- Rafa Guzm\u00e1n Jr., protagonista de una de las peleas estelares que presentar\u00e1 Hefziba Promotions el viernes 9 de octubre en el deportivo Antonio Palacios, tiene la aspiraci\u00f3n de ser el mejor boxeador que ha dado Ensenada.<\/p>\n<p>Pero si por alg\u00fan motivo no puede llegar a esa meta, pretende destacar como el mejor en el \u00e1rea a la cual se dedicar\u00e1 por los pr\u00f3ximos a\u00f1os dentro de las aulas universitarias.<\/p>\n<p>\u00abTengo la carrera del boxeo, pero el estudio es fundamental y ya ver\u00e9 c\u00f3mo avanzamos en las dos \u00e1reas. Estudio gastronom\u00eda para ser un gran chef porque me gusta mucho la cocina. Quiero ser el gran chef de Ensenada\u00bb, coment\u00f3 el \u00abFurioso\u00bb.<\/p>\n<p>El pr\u00f3ximo viernes, el boxeador local enfrentar\u00e1 por tercera ocasi\u00f3n a Pedro \u00abPitbull\u00bb L\u00f3pez, a quien ya venci\u00f3 y con empat\u00f3 en su segunda confrontaci\u00f3n.<\/p>\n<p>\u00abNo tiene un gran r\u00e9cord, pero es un rival duro. Yo tengo la espinita del empate que le dieron y quiero ganarle otra vez\u00bb, coment\u00f3.<\/p>\n<p><strong>\u00abUn gran robo\u00bb<\/strong><\/p>\n<p>Rafa Guzm\u00e1n insisti\u00f3 en calificar de esa manera la primera derrota de su carrera, a manos de Abraham \u00abBombi\u00bb Cordero, en Guadalajara, Jalisco, durante su m\u00e1s reciente combate.<\/p>\n<p>\u00abEso no fue una derrota, fue un gran robo. Un juez me vio ganar y los otros dos me vieron perder por un punto y all\u00e1 en Guadalajara, de donde es \u00e9l. No me afecta perder el invicto, sino que me ha ayudado a tratar de ganar m\u00e1s cosas en este deporte tan duro.<\/p>\n<p>\u00abEs muy raro que alg\u00fan juez me haya visto ganar. Estoy seguro de que gan\u00e9 y no he perdido nada. Tengo salud, la vida y el tiempo por delante para recuperarme\u00bb, refiri\u00f3.<\/p>\n<p>Agreg\u00f3 que en esa pelea result\u00f3 dominador y dijo estar dispuesto a pelear de nuevo contra Cordero \u00abdonde \u00e9l quiera\u00bb.<\/p>\n<p>\u00abSiempre fui al frente, muy aguerrido, conectando los mejores golpes y hasta hice que \u00e9l tambi\u00e9n tirara, pero nunca me gan\u00f3 un round. Cuando llegu\u00e9 a la esquina le dijo a mi pap\u00e1: \u00b4\u00e9sta la ganamos f\u00e1cil, no nos gan\u00f3 un solo round\u00b4.<\/p>\n<p>\u00abPero ni modo, fue un robo. No hay otra manera de decirlo: un robo\u00bb, concluy\u00f3.<\/p>\n","protected":false},"excerpt":{"rendered":"<p>Ensenada, Baja California.- Rafa Guzm\u00e1n Jr., protagonista de una de las peleas estelares que presentar\u00e1&#8230;<\/p>\n","protected":false},"author":1,"featured_media":2849115,"comment_status":"closed","ping_status":"closed","sticky":false,"template":"","format":"standard","meta":{"footnotes":""},"categories":[1,7],"tags":[],"class_list":["post-2849113","post","type-post","status-publish","format-standard","has-post-thumbnail","hentry","category-uncategorized","category-deportes"],"_links":{"self":[{"href":"https:\/\/agpnoticias.com\/news\/index.php?rest_route=\/wp\/v2\/posts\/2849113","targetHints":{"allow":["GET"]}}],"collection":[{"href":"https:\/\/agpnoticias.com\/news\/index.php?rest_route=\/wp\/v2\/posts"}],"about":[{"href":"https:\/\/agpnoticias.com\/news\/index.php?rest_route=\/wp\/v2\/types\/post"}],"author":[{"embeddable":true,"href":"https:\/\/agpnoticias.com\/news\/index.php?rest_route=\/wp\/v2\/users\/1"}],"replies":[{"embeddable":true,"href":"https:\/\/agpnoticias.com\/news\/index.php?rest_route=%2Fwp%2Fv2%2Fcomments&post=2849113"}],"version-history":[{"count":3,"href":"https:\/\/agpnoticias.com\/news\/index.php?rest_route=\/wp\/v2\/posts\/2849113\/revisions"}],"predecessor-version":[{"id":2849117,"href":"https:\/\/agpnoticias.com\/news\/index.php?rest_route=\/wp\/v2\/posts\/2849113\/revisions\/2849117"}],"wp:featuredmedia":[{"embeddable":true,"href":"https:\/\/agpnoticias.com\/news\/index.php?rest_route=\/wp\/v2\/media\/2849115"}],"wp:attachment":[{"href":"https:\/\/agpnoticias.com\/news\/index.php?rest_route=%2Fwp%2Fv2%2Fmedia&parent=2849113"}],"wp:term":[{"taxonomy":"category","embeddable":true,"href":"https:\/\/agpnoticias.com\/news\/index.php?rest_route=%2Fwp%2Fv2%2Fcategories&post=2849113"},{"taxonomy":"post_tag","embeddable":true,"href":"https:\/\/agpnoticias.com\/news\/index.php?rest_route=%2Fwp%2Fv2%2Ftags&post=2849113"}],"curies":[{"name":"wp","href":"https:\/\/api.w.org\/{rel}","templated":true}]}}