{"id":2849134,"date":"2015-10-06T18:05:23","date_gmt":"2015-10-07T01:05:23","guid":{"rendered":"http:\/\/agpnoticias.com\/news\/?p=2849134"},"modified":"2015-10-06T18:12:49","modified_gmt":"2015-10-07T01:12:49","slug":"freddy-mato-a-la-liga-instruccional-aseguro-su-presidente","status":"publish","type":"post","link":"https:\/\/agpnoticias.com\/news\/?p=2849134","title":{"rendered":"\u00abFreddy mat\u00f3 a la Liga Instruccional\u00bb, asegur\u00f3 su presidente"},"content":{"rendered":"<figure id=\"attachment_2849135\" aria-describedby=\"caption-attachment-2849135\" style=\"width: 640px\" class=\"wp-caption aligncenter\"><a href=\"http:\/\/agpnoticias.com\/news\/freddy-mato-a-la-liga-instruccional-aseguro-su-presidente\/marcelino-cordova-junto-a-freddy-lugo-archivo\/\" rel=\"attachment wp-att-2849135\"><img fetchpriority=\"high\" decoding=\"async\" class=\"size-full wp-image-2849135\" src=\"http:\/\/agpnoticias.com\/news\/wp-content\/uploads\/2015\/10\/Marcelino-C\u00f3rdova-junto-a-Freddy-Lugo-Archivo.jpg\" alt=\"Marcelino C\u00f3rdova junto a Freddy Lugo (Archivo)\" width=\"640\" height=\"427\" srcset=\"https:\/\/agpnoticias.com\/news\/wp-content\/uploads\/2015\/10\/Marcelino-C\u00f3rdova-junto-a-Freddy-Lugo-Archivo.jpg 640w, https:\/\/agpnoticias.com\/news\/wp-content\/uploads\/2015\/10\/Marcelino-C\u00f3rdova-junto-a-Freddy-Lugo-Archivo-200x133.jpg 200w, https:\/\/agpnoticias.com\/news\/wp-content\/uploads\/2015\/10\/Marcelino-C\u00f3rdova-junto-a-Freddy-Lugo-Archivo-600x400.jpg 600w\" sizes=\"(max-width: 640px) 100vw, 640px\" \/><\/a><figcaption id=\"caption-attachment-2849135\" class=\"wp-caption-text\">Marcelino C\u00f3rdova junto a Freddy Lugo (Archivo)<\/figcaption><\/figure>\n<p><span style=\"color: #000000; font-family: Calibri;\">Ensenada, Baja California.- El presidente de la Liga Instruccional califica la desaparici\u00f3n del circuito infantil y juvenil de Ensenada como \u00abun homicidio\u00bb perpetrado por el titular de la Asociaci\u00f3n Estatal de Beisbol \u00absin motivo alguno\u00bb.<\/span><\/p>\n<p><span style=\"color: #000000; font-family: Calibri;\">\u00abLo \u00fanico que lo llev\u00f3 a afectarnos, pisotearnos y agredirnos fue la cercan\u00eda que tenemos con la Liga Industrial Comercial\u00bb, acus\u00f3 Marcelino C\u00f3rdova.<\/span><\/p>\n<p><span style=\"color: #000000; font-family: Calibri;\">El dirigente del circuito sostuvo que \u00abpor los problemas que Freddy tuvo con la directiva de la Liga Industrial Comercial, se llev\u00f3 por delante a la Instruccional, aun cuando fueron cubiertos tanto el registro de los jugadores como todas las responsabilidades requeridas\u00bb.<\/span><\/p>\n<p><span style=\"color: #000000; font-family: Calibri;\">\u00abDe repente tuvimos una disminuci\u00f3n de equipos y buscamos juegos de intercambio deportivo con otras ligas del estado para foguear a los ni\u00f1os.<\/span><\/p>\n<p><span style=\"color: #000000; font-family: Calibri;\">\u00abPero las directivas que ya hab\u00edan aceptado participar con nosotros, empezaron a negarse y nos explicaron que fue por presi\u00f3n de Freddy Lugo, que iba personalmente a amenazarlos con castigos si jugaban con nosotros\u00bb, refiri\u00f3.<\/span><\/p>\n<p><span style=\"color: #000000; font-family: Calibri;\">El presidente fundador de la liga, y reelecto para el m\u00e1s reciente periodo, consider\u00f3 que Freddy Lugo \u00abnunca separ\u00f3 sus problemas con la Liga Industrial Comercial, que fue la \u00fanica que se rebel\u00f3 para su reelecci\u00f3n\u00bb.<\/span><\/p>\n<p><span style=\"color: #000000; font-family: Calibri;\">\u00abLo que puedo asegurar es que la Liga Instruccional trabaj\u00f3 de manera limpia y honesta, pero \u00e9l siempre nos arrastr\u00f3, nos hizo a un lado y nos boicote\u00f3, Freddy mat\u00f3 a nuestra liga.<\/span><\/p>\n<p><span style=\"color: #000000; font-family: Calibri;\">\u00abEn todos lados vociferaba que \u00e9ramos una liga afiliada pero no alineada. Puedo mostrar todos los pagos que hicimos, incluso los de este a\u00f1o\u00bb, apunt\u00f3. <\/span><\/p>\n<p><span style=\"color: #000000; font-family: Calibri;\">Sin embargo, \u00abaval\u00f3 que nuestros jugadores se fueran a otras ligas contraviniendo el formato de baja donde dice que si emigran no podr\u00e1n participar en torneos nacionales federados\u00bb. <\/span><\/p>\n<p><span style=\"color: #000000; font-family: Calibri;\">\u00abSin importarle acuerdos ni reglamentos, empez\u00f3 a repartir bajas personalmente de todos nuestros jugadores, sobre todo para que se fueran a la Liga Municipal\u00bb, argument\u00f3.<\/span><\/p>\n<p><span style=\"color: #000000; font-family: Calibri;\">Marcelino C\u00f3rdova destac\u00f3 que tras certificar su acta constitutiva en de 2011, \u00abla Liga Instruccional pas\u00f3 de tener tres equipos a sumar 15 en su primer a\u00f1o y as\u00ed hasta llegar a 28 en alg\u00fan momento cuando estuvieron cubiertas todas las categor\u00edas\u00bb.<\/span><\/p>\n<p><span style=\"color: #000000; font-family: Calibri;\">\u00abA ese se\u00f1or no le importa que las ligas trabajen bien y sean cumplidas. Nos etiquet\u00f3 como liga problem\u00e1tica cuando siempre nos distinguimos por ser los primeros en pagar los registros del llamado Sired. <\/span><\/p>\n<p><span style=\"color: #000000; font-family: Calibri;\">\u00abY Francisco Ch\u00e1vez, director de Liga Infantiles, siempre lo obedeci\u00f3 avalando acuerdos en los que particip\u00e1bamos y dando marcha atr\u00e1s al otro d\u00eda; adem\u00e1s, siempre menospreciaron a nuestros jugadores y managers a la hora de convocar selecciones\u00bb, puntualiz\u00f3.<\/span><\/p>\n<p><span style=\"color: #000000; font-family: Calibri;\">Por el momento, el titular de la directiva Instruccional al momento de su desaparici\u00f3n espera noticias de la nueva federaci\u00f3n que promueve la Comisi\u00f3n Nacional del Deporte (Conade), para que sustituya a la que preside Alonso P\u00e9rez.<\/span><\/p>\n<p><span style=\"color: #000000; font-family: Calibri;\">\u00abContamos con acta constitutiva y el Sired pagado, as\u00ed que acudiremos a la nueva federaci\u00f3n para expresarles lo que nos sucedi\u00f3 al obligarnos a desaparecer. Tengo los documentos oficiales donde puedo demostrar todos los acuerdos violentados por esta gente\u00bb, refiri\u00f3.<\/span><\/p>\n<p><span style=\"color: #000000; font-family: Calibri;\">Y consider\u00f3 que se trata de \u00abuna nueva oportunidad para dignificar el beisbol de Baja California y el pa\u00eds, ya que urge cortar de tajo con esas pr\u00e1cticas\u00bb. <\/span><\/p>\n<p><span style=\"color: #000000; font-family: Calibri;\">\u00abNo es justo que una liga que cumple, participa y empieza a crecer sea coartada por revanchismos de una sola persona que toma decisiones en base a berrinches, en vez de orientar a sus afiliados cerr\u00e1ndose al di\u00e1logo\u00bb, concluy\u00f3.<\/span><\/p>\n<p>&nbsp;<\/p>\n","protected":false},"excerpt":{"rendered":"<p>Ensenada, Baja California.- El presidente de la Liga Instruccional califica la desaparici\u00f3n del circuito infantil&#8230;<\/p>\n","protected":false},"author":1,"featured_media":2849135,"comment_status":"closed","ping_status":"closed","sticky":false,"template":"","format":"standard","meta":{"footnotes":""},"categories":[1,30,20,7,29],"tags":[],"class_list":["post-2849134","post","type-post","status-publish","format-standard","has-post-thumbnail","hentry","category-uncategorized","category-beisbol","category-beisbol-industrial-y-comercial","category-deportes","category-liga-instruccional-de-beisbol-de-ensenada"],"_links":{"self":[{"href":"https:\/\/agpnoticias.com\/news\/index.php?rest_route=\/wp\/v2\/posts\/2849134","targetHints":{"allow":["GET"]}}],"collection":[{"href":"https:\/\/agpnoticias.com\/news\/index.php?rest_route=\/wp\/v2\/posts"}],"about":[{"href":"https:\/\/agpnoticias.com\/news\/index.php?rest_route=\/wp\/v2\/types\/post"}],"author":[{"embeddable":true,"href":"https:\/\/agpnoticias.com\/news\/index.php?rest_route=\/wp\/v2\/users\/1"}],"replies":[{"embeddable":true,"href":"https:\/\/agpnoticias.com\/news\/index.php?rest_route=%2Fwp%2Fv2%2Fcomments&post=2849134"}],"version-history":[{"count":4,"href":"https:\/\/agpnoticias.com\/news\/index.php?rest_route=\/wp\/v2\/posts\/2849134\/revisions"}],"predecessor-version":[{"id":2849139,"href":"https:\/\/agpnoticias.com\/news\/index.php?rest_route=\/wp\/v2\/posts\/2849134\/revisions\/2849139"}],"wp:featuredmedia":[{"embeddable":true,"href":"https:\/\/agpnoticias.com\/news\/index.php?rest_route=\/wp\/v2\/media\/2849135"}],"wp:attachment":[{"href":"https:\/\/agpnoticias.com\/news\/index.php?rest_route=%2Fwp%2Fv2%2Fmedia&parent=2849134"}],"wp:term":[{"taxonomy":"category","embeddable":true,"href":"https:\/\/agpnoticias.com\/news\/index.php?rest_route=%2Fwp%2Fv2%2Fcategories&post=2849134"},{"taxonomy":"post_tag","embeddable":true,"href":"https:\/\/agpnoticias.com\/news\/index.php?rest_route=%2Fwp%2Fv2%2Ftags&post=2849134"}],"curies":[{"name":"wp","href":"https:\/\/api.w.org\/{rel}","templated":true}]}}