{"id":2849152,"date":"2015-10-07T16:15:41","date_gmt":"2015-10-07T23:15:41","guid":{"rendered":"http:\/\/agpnoticias.com\/news\/?p=2849152"},"modified":"2015-10-07T16:21:11","modified_gmt":"2015-10-07T23:21:11","slug":"presentan-programa-de-eventos-por-el-dia-de-la-educacion-fisica","status":"publish","type":"post","link":"https:\/\/agpnoticias.com\/news\/?p=2849152","title":{"rendered":"Presentan programa de eventos por el Mes de la Educaci\u00f3n F\u00edsica"},"content":{"rendered":"<figure id=\"attachment_2849155\" aria-describedby=\"caption-attachment-2849155\" style=\"width: 800px\" class=\"wp-caption aligncenter\"><a href=\"http:\/\/agpnoticias.com\/news\/presentan-programa-de-eventos-por-el-dia-de-la-educacion-fisica\/dsc00395\/\" rel=\"attachment wp-att-2849155\"><img fetchpriority=\"high\" decoding=\"async\" class=\"size-full wp-image-2849155\" src=\"http:\/\/agpnoticias.com\/news\/wp-content\/uploads\/2015\/10\/DSC00395-e1444259714513.jpg\" alt=\"Autoridades educativas anunciaron las actividades para conmemorar la fecha\" width=\"800\" height=\"518\" \/><\/a><figcaption id=\"caption-attachment-2849155\" class=\"wp-caption-text\">Autoridades educativas anunciaron las actividades para conmemorar la fecha<\/figcaption><\/figure>\n<p><span style=\"color: #000000; font-family: Calibri;\">Ensenada, Baja California.- Por la celebraci\u00f3n del Mes Internacional de la Educaci\u00f3n F\u00edsica y para dar a conocer la labor de los especialistas en la materia,\u00a0durante varios d\u00edas se realizar\u00e1n diferentes actividades conmemorativas en Ensenada.<\/span><\/p>\n<p><span style=\"color: #000000; font-family: Calibri;\">En rueda de prensa, el coordinador regional de educaci\u00f3n f\u00edsica, Fernando Ribeiro Cham, inform\u00f3 que la primera de las fechas se realizar\u00e1 el jueves a las 8:30 horas en la Plaza C\u00edvica del bulevar costero, donde se llevar\u00e1 a cabo la segunda Expo de Educaci\u00f3n F\u00edsica.<\/span><\/p>\n<p><span style=\"color: #000000; font-family: Calibri;\">Los coordinadores de educaci\u00f3n f\u00edsica en primarias y secundarias, Luis Santiago S\u00e1nchez Parada y Jos\u00e9 Alberto Alzaga Vega, precisaron que en el evento participar\u00e1n alrededor de mil 500 ni\u00f1os, desde las 8:30 hasta las 15:00 horas.<\/span><\/p>\n<p><span style=\"color: #000000; font-family: Calibri;\">Justo el 8 de octubre, fecha en la que se instituy\u00f3 el D\u00eda de la Educaci\u00f3n F\u00edsica, en la plaza conocida como \u00abTres Cabezas\u00bb estar\u00e1n\u00a0estudiantes de\u00a040 escuelas primarias, 10 jardines de ni\u00f1os y cinco secundarias, con instituciones de la zona urbana hasta Francisco Zarco y el Ca\u00f1\u00f3n Buena Vista.<\/span><\/p>\n<p><span style=\"color: #000000; font-family: Calibri;\">La expo consistir\u00e1 en el recorrido de los diferentes grupos por las \u00e1reas que abarca la labor de los docentes de educaci\u00f3n f\u00edsica, donde los maestros explicar\u00e1n con un lenguaje accesible cada una de sus funciones, incluido el pesaje y la medici\u00f3n de los alumnos.<\/span><\/p>\n<p><span style=\"color: #000000; font-family: Calibri;\">El viernes a las 7:30 horas, personal dependiente del Sistema Educativo Estatal, representado en Ensenada por la delegada Adela Lozano L\u00f3pez, entregar\u00e1 tr\u00edpticos en 35 escuelas a trav\u00e9s de los cuales se explicar\u00e1 el trabajo de los educadores.<\/span><\/p>\n<p><span style=\"color: #000000; font-family: Calibri;\">Esa actividad llevar\u00e1 el nombre de \u00abPap\u00e1, mam\u00e1, conoce la educaci\u00f3n f\u00edsica\u00bb.<\/span><\/p>\n<p><span style=\"color: #000000; font-family: Calibri;\">Para el s\u00e1bado, seg\u00fan explic\u00f3 Ismael Vargas, representante del sector 06 de educaci\u00f3n primaria, iniciar\u00e1n las Ligas Escolares que re\u00fanen a m\u00e1s de dos mil ni\u00f1os de 66 escuelas que competir\u00e1n en Handball, Futbol, Futbol de Sal\u00f3n, Voleibol y Atletismo.<\/span><\/p>\n<p><span style=\"color: #000000; font-family: Calibri;\">Tambi\u00e9n el representante del sector 09, Jaime Sandoval, anunci\u00f3 actividades en San Quint\u00edn, donde se realizar\u00e1 el Taller de Planeaci\u00f3n Argumentada y Evidencia para los alrededor de 30 maestros de educaci\u00f3n f\u00edsica en la zona, as\u00ed como un taller de vinculaci\u00f3n en la ruta de mejora en la zona urbana.<\/span><\/p>\n<p><span style=\"color: #000000; font-family: Calibri;\">Por \u00faltimo, Fernando Ribeiro indic\u00f3 que los maestros de Ensenada acudir\u00e1n al Centro de Alto Rendimiento de Tijuana, donde, del 22 al 24 de octubre, se efectuar\u00e1 el Congreso Internacional de Educaci\u00f3n F\u00edsica y Deporte con la asistencia de mil 600 docentes del estado.<\/span><\/p>\n<p>&nbsp;<\/p>\n","protected":false},"excerpt":{"rendered":"<p>Ensenada, Baja California.- Por la celebraci\u00f3n del Mes Internacional de la Educaci\u00f3n F\u00edsica y para&#8230;<\/p>\n","protected":false},"author":1,"featured_media":2849155,"comment_status":"closed","ping_status":"closed","sticky":false,"template":"","format":"standard","meta":{"footnotes":""},"categories":[1,7],"tags":[],"class_list":["post-2849152","post","type-post","status-publish","format-standard","has-post-thumbnail","hentry","category-uncategorized","category-deportes"],"_links":{"self":[{"href":"https:\/\/agpnoticias.com\/news\/index.php?rest_route=\/wp\/v2\/posts\/2849152","targetHints":{"allow":["GET"]}}],"collection":[{"href":"https:\/\/agpnoticias.com\/news\/index.php?rest_route=\/wp\/v2\/posts"}],"about":[{"href":"https:\/\/agpnoticias.com\/news\/index.php?rest_route=\/wp\/v2\/types\/post"}],"author":[{"embeddable":true,"href":"https:\/\/agpnoticias.com\/news\/index.php?rest_route=\/wp\/v2\/users\/1"}],"replies":[{"embeddable":true,"href":"https:\/\/agpnoticias.com\/news\/index.php?rest_route=%2Fwp%2Fv2%2Fcomments&post=2849152"}],"version-history":[{"count":7,"href":"https:\/\/agpnoticias.com\/news\/index.php?rest_route=\/wp\/v2\/posts\/2849152\/revisions"}],"predecessor-version":[{"id":2849161,"href":"https:\/\/agpnoticias.com\/news\/index.php?rest_route=\/wp\/v2\/posts\/2849152\/revisions\/2849161"}],"wp:featuredmedia":[{"embeddable":true,"href":"https:\/\/agpnoticias.com\/news\/index.php?rest_route=\/wp\/v2\/media\/2849155"}],"wp:attachment":[{"href":"https:\/\/agpnoticias.com\/news\/index.php?rest_route=%2Fwp%2Fv2%2Fmedia&parent=2849152"}],"wp:term":[{"taxonomy":"category","embeddable":true,"href":"https:\/\/agpnoticias.com\/news\/index.php?rest_route=%2Fwp%2Fv2%2Fcategories&post=2849152"},{"taxonomy":"post_tag","embeddable":true,"href":"https:\/\/agpnoticias.com\/news\/index.php?rest_route=%2Fwp%2Fv2%2Ftags&post=2849152"}],"curies":[{"name":"wp","href":"https:\/\/api.w.org\/{rel}","templated":true}]}}