{"id":2849162,"date":"2015-10-07T16:56:40","date_gmt":"2015-10-07T23:56:40","guid":{"rendered":"http:\/\/agpnoticias.com\/news\/?p=2849162"},"modified":"2015-10-09T15:29:02","modified_gmt":"2015-10-09T22:29:02","slug":"el-gueritomarquez-viajo-20-horas-viene-por-soruyito","status":"publish","type":"post","link":"https:\/\/agpnoticias.com\/news\/?p=2849162","title":{"rendered":"El \u00abG\u00fcerito\u00bb M\u00e1rquez viaj\u00f3 20 horas; viene por \u00abSoruyito\u00bb"},"content":{"rendered":"<figure id=\"attachment_2849164\" aria-describedby=\"caption-attachment-2849164\" style=\"width: 800px\" class=\"wp-caption aligncenter\"><a href=\"http:\/\/agpnoticias.com\/news\/el-gueritomarquez-viajo-20-horas-viene-por-soruyito\/hc4p1466\/\" rel=\"attachment wp-att-2849164\"><img fetchpriority=\"high\" decoding=\"async\" class=\"size-full wp-image-2849164\" src=\"http:\/\/agpnoticias.com\/news\/wp-content\/uploads\/2015\/10\/HC4P1466-e1444262162488.jpg\" alt=\"Juan Carlos M\u00e1rquez confi\u00f3 en vencer al peleador local\" width=\"800\" height=\"512\" \/><\/a><figcaption id=\"caption-attachment-2849164\" class=\"wp-caption-text\">Juan Carlos M\u00e1rquez confi\u00f3 en vencer al peleador local<\/figcaption><\/figure>\n<p>Ensenada, Baja California.- Juan Carlos \u00abG\u00fcerito\u00bb M\u00e1rquez (14-5-3) ha llegado a Ensenada despu\u00e9s de 20 horas en la carretera desde Los Mochis, y advierte: \u00abvengo a hacer una pelea inteligente y a ganar\u00bb.<\/p>\n<p>El rival de Julio C\u00e9sar \u00abSoruyito\u00bb Ortega en la pelea estelar de la funci\u00f3n \u00abPu\u00f1os de Acero\u00bb programada el viernes en el deportivo Antonio Palacios indic\u00f3 que el tr\u00e1mite \u00abno ser\u00e1 f\u00e1cil\u00bb, pero confi\u00f3 en llevarse la victoria en base a la experiencia conseguida \u00abcontra rivales dur\u00edsimos\u00bb.<\/p>\n<p>\u00abVengo duro, sacar\u00e9 la pelea adelante, mi \u00faltima pelea la hice contra un invicto de 11-0, Gael Cota, y le ganamos\u00bb, refiri\u00f3.<\/p>\n<p>El peleador sinaloense se\u00f1al\u00f3 que \u00abla gente saldr\u00e1 ganando\u00bb por el espect\u00e1culo que brindar\u00e1 sobre el cuadril\u00e1tero durante el combate pactado en la divisi\u00f3n de los 71 kilos.<\/p>\n<p>\u00abSoy super welter, nada m\u00e1s que por una lesi\u00f3n que tuve en mi \u00faltima pelea me retir\u00e9 cuatro meses y gan\u00e9 peso. Ahora regreso en un peso que me parece c\u00f3modo\u00bb, dijo.<\/p>\n<p>El \u00abGuerito\u00bb admiti\u00f3 que durante los \u00faltimos cinco a\u00f1os los resultados no le han favorecido, pero sostuvo que pele\u00f3 \u00abante gente destacada\u00bb como el hermano de Sa\u00fal \u00abCanelo\u00bb \u00c1lvarez, Ram\u00f3n \u00abInocente\u00bb \u00c1lvarez, as\u00ed como con Hassam Valenzuela y Jos\u00e9 Luis \u00abMapache\u00bb Soto.<\/p>\n<p>\u00abEntre m\u00e1s rounds mejor, yo caliento quijada y s\u00f3lo una vez me noquearon en mi segunda pelea, ya hace seis o siete a\u00f1os. Vengo listo para los ocho rounds\u00bb, sostuvo.<\/p>\n<p>Juan Carlos M\u00e1rquez, quien pelear\u00eda el 10 de julio en Ensenada contra Mario \u00abRocky\u00bb Meraz, quien finalmente se lesion\u00f3, anticip\u00f3 que basar\u00e1 su boxeo en la inteligencia para sacar adelante el combate conforme se vaya presentando.<\/p>\n","protected":false},"excerpt":{"rendered":"<p>Ensenada, Baja California.- Juan Carlos \u00abG\u00fcerito\u00bb M\u00e1rquez (14-5-3) ha llegado a Ensenada despu\u00e9s de 20&#8230;<\/p>\n","protected":false},"author":1,"featured_media":2849164,"comment_status":"closed","ping_status":"closed","sticky":false,"template":"","format":"standard","meta":{"footnotes":""},"categories":[1,36,7],"tags":[],"class_list":["post-2849162","post","type-post","status-publish","format-standard","has-post-thumbnail","hentry","category-uncategorized","category-boxeo","category-deportes"],"_links":{"self":[{"href":"https:\/\/agpnoticias.com\/news\/index.php?rest_route=\/wp\/v2\/posts\/2849162","targetHints":{"allow":["GET"]}}],"collection":[{"href":"https:\/\/agpnoticias.com\/news\/index.php?rest_route=\/wp\/v2\/posts"}],"about":[{"href":"https:\/\/agpnoticias.com\/news\/index.php?rest_route=\/wp\/v2\/types\/post"}],"author":[{"embeddable":true,"href":"https:\/\/agpnoticias.com\/news\/index.php?rest_route=\/wp\/v2\/users\/1"}],"replies":[{"embeddable":true,"href":"https:\/\/agpnoticias.com\/news\/index.php?rest_route=%2Fwp%2Fv2%2Fcomments&post=2849162"}],"version-history":[{"count":5,"href":"https:\/\/agpnoticias.com\/news\/index.php?rest_route=\/wp\/v2\/posts\/2849162\/revisions"}],"predecessor-version":[{"id":2849249,"href":"https:\/\/agpnoticias.com\/news\/index.php?rest_route=\/wp\/v2\/posts\/2849162\/revisions\/2849249"}],"wp:featuredmedia":[{"embeddable":true,"href":"https:\/\/agpnoticias.com\/news\/index.php?rest_route=\/wp\/v2\/media\/2849164"}],"wp:attachment":[{"href":"https:\/\/agpnoticias.com\/news\/index.php?rest_route=%2Fwp%2Fv2%2Fmedia&parent=2849162"}],"wp:term":[{"taxonomy":"category","embeddable":true,"href":"https:\/\/agpnoticias.com\/news\/index.php?rest_route=%2Fwp%2Fv2%2Fcategories&post=2849162"},{"taxonomy":"post_tag","embeddable":true,"href":"https:\/\/agpnoticias.com\/news\/index.php?rest_route=%2Fwp%2Fv2%2Ftags&post=2849162"}],"curies":[{"name":"wp","href":"https:\/\/api.w.org\/{rel}","templated":true}]}}