{"id":2849168,"date":"2015-10-07T17:12:15","date_gmt":"2015-10-08T00:12:15","guid":{"rendered":"http:\/\/agpnoticias.com\/news\/?p=2849168"},"modified":"2015-10-07T17:12:16","modified_gmt":"2015-10-08T00:12:16","slug":"buscara-soruyito-pelea-explosiva-como-le-gusta-a-los-ensenadenses","status":"publish","type":"post","link":"https:\/\/agpnoticias.com\/news\/?p=2849168","title":{"rendered":"Buscar\u00e1 \u00abSoruyito\u00bb pelea explosiva, \u00abcomo le gusta a los ensenadenses\u00bb"},"content":{"rendered":"<figure id=\"attachment_2849170\" aria-describedby=\"caption-attachment-2849170\" style=\"width: 800px\" class=\"wp-caption aligncenter\"><a href=\"http:\/\/agpnoticias.com\/news\/buscara-soruyito-pelea-explosiva-como-le-gusta-a-los-ensenadenses\/hc4p1420\/\" rel=\"attachment wp-att-2849170\"><img fetchpriority=\"high\" decoding=\"async\" class=\"size-full wp-image-2849170\" src=\"http:\/\/agpnoticias.com\/news\/wp-content\/uploads\/2015\/10\/HC4P1420-e1444263102139.jpg\" alt=\"Julio C\u00e9sar &quot;Soruyito&quot; Ortega\" width=\"800\" height=\"533\" \/><\/a><figcaption id=\"caption-attachment-2849170\" class=\"wp-caption-text\">Julio C\u00e9sar \u00abSoruyito\u00bb Ortega<\/figcaption><\/figure>\n<p><span style=\"color: #000000; font-family: Calibri;\">Ensenada, Baja California.- El \u00abSoruyito\u00bb Ortega dej\u00f3 en claro el estilo de pelea que piensa hacer frente a Juan Carlos \u00abG\u00fcerito\u00bb M\u00e1rquez este viernes en el deportivo Antonio Palacios. <\/span><\/p>\n<p><span style=\"color: #000000; font-family: Calibri;\">\u00abEspero que venga a fajarse porque a la gente de Ensenada no nos gusta que corran, no queremos ver a Floyd Mayweather, aqu\u00ed todos queremos ver box, sangre, que los boxeadores se fajen, y por eso la gente ha quedado contenta con mis peleas\u00bb, sostuvo.<\/span><\/p>\n<p><span style=\"color: #000000; font-family: Calibri;\">Julio C\u00e9sar Ortega se\u00f1al\u00f3 que ser\u00e1 \u00abuna pelea complicada\u00bb, pero consider\u00f3 que sus combates contra Francisco \u00abKikin\u00bb R\u00edos y Oliver Quintana lo han exigido y le han dejado la experiencia de sufrir ca\u00eddas a la lona, de las cuales se ha recuperado.<\/span><\/p>\n<p><span style=\"color: #000000; font-family: Calibri;\">\u00abNo s\u00e9 si \u00e9l pegar\u00e1 duro. S\u00e9 que boxea y yo tambi\u00e9n lo hago, as\u00ed que creo que mi pegada se va a imponer en esta pelea. Ya me tumbaron dos veces, me levant\u00e9 y noquee, y eso no cualquiera lo hace\u00bb, afirm\u00f3. <\/span><\/p>\n<p><span style=\"color: #000000; font-family: Calibri;\">El peleador dirigido por Juan Carlos Virgen record\u00f3 que fue superior a Oliver Quintana en la \u00fanica decisi\u00f3n que ha perdido durante su carrera, y subray\u00f3 el m\u00e9rito de vencer a \u00abKik\u00edn\u00bb R\u00edos, \u00absiempre yendo al frente\u00bb.<\/span><\/p>\n<p><span style=\"color: #000000; font-family: Calibri;\">\u00abEsta pelea no ser\u00e1 la excepci\u00f3n y voy por el nocaut\u00bb, apunt\u00f3 en referencia a la actitud con la que subir\u00e1 al cuadril\u00e1tero. <\/span><\/p>\n<p><span style=\"color: #000000; font-family: Calibri;\">Por su parte, Juan Carlos Virgen, su entrenador, matiz\u00f3 lo dicho por el \u00abSoruyito\u00bb y se\u00f1al\u00f3 que tendr\u00e1 que pelear \u00abcon inteligencia\u00bb, adem\u00e1s de ir en busca del nocaut.<\/span><\/p>\n<p>&nbsp;<\/p>\n","protected":false},"excerpt":{"rendered":"<p>Ensenada, Baja California.- El \u00abSoruyito\u00bb Ortega dej\u00f3 en claro el estilo de pelea que piensa&#8230;<\/p>\n","protected":false},"author":1,"featured_media":2849170,"comment_status":"closed","ping_status":"closed","sticky":false,"template":"","format":"standard","meta":{"footnotes":""},"categories":[1,36,7],"tags":[],"class_list":["post-2849168","post","type-post","status-publish","format-standard","has-post-thumbnail","hentry","category-uncategorized","category-boxeo","category-deportes"],"_links":{"self":[{"href":"https:\/\/agpnoticias.com\/news\/index.php?rest_route=\/wp\/v2\/posts\/2849168","targetHints":{"allow":["GET"]}}],"collection":[{"href":"https:\/\/agpnoticias.com\/news\/index.php?rest_route=\/wp\/v2\/posts"}],"about":[{"href":"https:\/\/agpnoticias.com\/news\/index.php?rest_route=\/wp\/v2\/types\/post"}],"author":[{"embeddable":true,"href":"https:\/\/agpnoticias.com\/news\/index.php?rest_route=\/wp\/v2\/users\/1"}],"replies":[{"embeddable":true,"href":"https:\/\/agpnoticias.com\/news\/index.php?rest_route=%2Fwp%2Fv2%2Fcomments&post=2849168"}],"version-history":[{"count":3,"href":"https:\/\/agpnoticias.com\/news\/index.php?rest_route=\/wp\/v2\/posts\/2849168\/revisions"}],"predecessor-version":[{"id":2849172,"href":"https:\/\/agpnoticias.com\/news\/index.php?rest_route=\/wp\/v2\/posts\/2849168\/revisions\/2849172"}],"wp:featuredmedia":[{"embeddable":true,"href":"https:\/\/agpnoticias.com\/news\/index.php?rest_route=\/wp\/v2\/media\/2849170"}],"wp:attachment":[{"href":"https:\/\/agpnoticias.com\/news\/index.php?rest_route=%2Fwp%2Fv2%2Fmedia&parent=2849168"}],"wp:term":[{"taxonomy":"category","embeddable":true,"href":"https:\/\/agpnoticias.com\/news\/index.php?rest_route=%2Fwp%2Fv2%2Fcategories&post=2849168"},{"taxonomy":"post_tag","embeddable":true,"href":"https:\/\/agpnoticias.com\/news\/index.php?rest_route=%2Fwp%2Fv2%2Ftags&post=2849168"}],"curies":[{"name":"wp","href":"https:\/\/api.w.org\/{rel}","templated":true}]}}