{"id":2849198,"date":"2015-10-08T16:02:14","date_gmt":"2015-10-08T23:02:14","guid":{"rendered":"http:\/\/agpnoticias.com\/news\/?p=2849198"},"modified":"2017-01-06T15:19:59","modified_gmt":"2017-01-06T23:19:59","slug":"capta-unifront-atletas-de-alto-rendimiento-y-los-beca","status":"publish","type":"post","link":"https:\/\/agpnoticias.com\/news\/?p=2849198","title":{"rendered":"Capta y beca Unifront talentos deportivos de alto rendimiento"},"content":{"rendered":"<figure id=\"attachment_2849201\" aria-describedby=\"caption-attachment-2849201\" style=\"width: 800px\" class=\"wp-caption aligncenter\"><a href=\"http:\/\/agpnoticias.com\/news\/capta-unifront-atletas-de-alto-rendimiento-y-los-beca\/jessica-cuellar-durante-una-practica-en-los-patios-de-unifront\/\" rel=\"attachment wp-att-2849201\"><img fetchpriority=\"high\" decoding=\"async\" class=\"size-full wp-image-2849201\" src=\"http:\/\/agpnoticias.com\/news\/wp-content\/uploads\/2015\/10\/Jessica-Cu\u00e9llar-durante-una-pr\u00e1ctica-en-los-patios-de-Unifront-e1444343819410.jpg\" alt=\"Jessica Cu\u00e9llar durante una pr\u00e1ctica en los patios de Unifront\" width=\"800\" height=\"522\" \/><\/a><figcaption id=\"caption-attachment-2849201\" class=\"wp-caption-text\">Jessica Cu\u00e9llar durante una pr\u00e1ctica en los patios de Unifront<\/figcaption><\/figure>\n<p>Ensenada, Baja California.- Los campeones nacionales de Tenis de Mesa, Jessica Cu\u00e9llar y Pablo Gast\u00e9lum, as\u00ed como la m\u00e1xima ganadora de oros en Badminton durante la Olimpiada Nacional 2015, Adelina Qui\u00f1onez, han sido captados por el programa de becas de Colegio Unifront.<\/p>\n<p>Otros seleccionados estatales, como los gimnastas Isaac N\u00fa\u00f1ez y Rodrigo Montalvo, tambi\u00e9n medallistas nacionales, han sido incluidos en el proyecto encaminado a desarrollar el desarrollo deportivo y acad\u00e9mico de los atletas de alto rendimiento de Ensenada.<\/p>\n<p>\u00abLos programas educativos se han adecuado para darles la oportunidad de que cumplan con sus trabajos, ex\u00e1menes y tareas sin la preocupaci\u00f3n de competir pensando en que tendr\u00e1n problemas de faltas o justificantes\u00bb, inform\u00f3 Humberto Guti\u00e9rrez Mart\u00ednez.<\/p>\n<figure id=\"attachment_2849202\" aria-describedby=\"caption-attachment-2849202\" style=\"width: 800px\" class=\"wp-caption aligncenter\"><a href=\"http:\/\/agpnoticias.com\/news\/capta-unifront-atletas-de-alto-rendimiento-y-los-beca\/humberto-gutierrez-informo-la-iniciativa-nacida-de-su-experiencia-propia\/\" rel=\"attachment wp-att-2849202\"><img decoding=\"async\" class=\"size-full wp-image-2849202\" src=\"http:\/\/agpnoticias.com\/news\/wp-content\/uploads\/2015\/10\/Humberto-Guti\u00e9rrez-inform\u00f3-la-iniciativa-nacida-de-su-experiencia-propia-e1444344462905.jpg\" alt=\"Humberto Guti\u00e9rrez inform\u00f3 la iniciativa nacida de su experiencia propia\" width=\"800\" height=\"533\" \/><\/a><figcaption id=\"caption-attachment-2849202\" class=\"wp-caption-text\">Humberto Guti\u00e9rrez inform\u00f3 la iniciativa nacida de su experiencia propia<\/figcaption><\/figure>\n<p>El titular de la instituci\u00f3n acad\u00e9mica dijo que durante su adolescencia fue tenista de alto rendimiento con entrenamientos diarios de cinco a siete horas, y desde entonces entendi\u00f3 la necesidad de que los atletas de ese nivel posean ciertas facilidades en materia de estudio.<\/p>\n<p>\u00abTodo ese aprendizaje quiero compartirlo con los alumnos que llegan a Unifront; por ello, junto a mi padre, hemos empezado a fomentar que los j\u00f3venes tengan un apoyo acad\u00e9mico y deportivo, y no toda la responsabilidad recaiga en sus padres\u00bb, expres\u00f3.<\/p>\n<figure id=\"attachment_2849203\" aria-describedby=\"caption-attachment-2849203\" style=\"width: 800px\" class=\"wp-caption aligncenter\"><a href=\"http:\/\/agpnoticias.com\/news\/capta-unifront-atletas-de-alto-rendimiento-y-los-beca\/pablo-gastelum-medallista-de-olimpiada-nacional\/\" rel=\"attachment wp-att-2849203\"><img decoding=\"async\" class=\"size-full wp-image-2849203\" src=\"http:\/\/agpnoticias.com\/news\/wp-content\/uploads\/2015\/10\/Pablo-Gast\u00e9lum-medallista-de-Olimpiada-Nacional-e1444344587619.jpg\" alt=\"Pablo Gast\u00e9lum, medallista de Olimpiada Nacional\" width=\"800\" height=\"559\" \/><\/a><figcaption id=\"caption-attachment-2849203\" class=\"wp-caption-text\">Pablo Gast\u00e9lum, medallista de Olimpiada Nacional<\/figcaption><\/figure>\n<p>Entre los proyectos deportivos, \u00abestamos desarrollando de manera decidida el Tenis de Mesa con el apoyo del Instituto de Deporte de Baja California que nos don\u00f3 dos meses para su pr\u00e1ctica, y ya tenemos m\u00e1s del 50 por ciento de los ni\u00f1os de primaria interesados en participar\u00bb.<\/p>\n<p>En ese sentido, apunt\u00f3 que entre los becados se encuentran los m\u00e1ximos medallistas de Baja California en Olimpiadas Nacionales, Jessica Cu\u00e9llar y Pablo Gast\u00e9lum, adem\u00e1s de impartir la disciplina con especialistas.<\/p>\n<figure id=\"attachment_2849204\" aria-describedby=\"caption-attachment-2849204\" style=\"width: 634px\" class=\"wp-caption aligncenter\"><a href=\"http:\/\/agpnoticias.com\/news\/capta-unifront-atletas-de-alto-rendimiento-y-los-beca\/adelina-quinonez-es-parte-del-estudiantado-de-colegio-unifront\/\" rel=\"attachment wp-att-2849204\"><img loading=\"lazy\" decoding=\"async\" class=\"size-full wp-image-2849204\" src=\"http:\/\/agpnoticias.com\/news\/wp-content\/uploads\/2015\/10\/Adelina-Qui\u00f1onez-es-parte-del-estudiantado-de-Colegio-Unifront-e1444344679287.jpg\" alt=\"Adelina Qui\u00f1onez es parte del estudiantado de Colegio Unifront\" width=\"634\" height=\"736\" \/><\/a><figcaption id=\"caption-attachment-2849204\" class=\"wp-caption-text\">Adelina Qui\u00f1onez es parte del estudiantado de Colegio Unifront<\/figcaption><\/figure>\n<p>Tambi\u00e9n fue becada la campeona nacional de Badminton, Adelina Qui\u00f1onez, \u00abque lleg\u00f3 junto a la mayor\u00eda de la selecci\u00f3n de Baja California\u00bb.<\/p>\n<p>\u00abMe contact\u00f3 Adelina y me explic\u00f3 el nivel que existe, tanto de ella como campeona nacional como de todo el equipo que tiene su base en Ensenada, los evaluamos y aqu\u00ed est\u00e1n.<\/p>\n<p>\u00abA ellos tambi\u00e9n les vamos a hacer una cancha para que la selecci\u00f3n fomente la pr\u00e1ctica de su deporte y los dem\u00e1s alumnos se interesen\u00bb, explic\u00f3.<\/p>\n<p>Entre otros deportistas sobresalientes, Unifront cuenta entre su estudiantado con el multi medallista de Olimpiada Nacional, el gimnasta Isaac N\u00fa\u00f1ez, quien destac\u00f3 como uno de los punteros de su categor\u00eda en Monterrey, Nuevo Le\u00f3n.<\/p>\n<figure id=\"attachment_2849205\" aria-describedby=\"caption-attachment-2849205\" style=\"width: 800px\" class=\"wp-caption aligncenter\"><a href=\"http:\/\/agpnoticias.com\/news\/capta-unifront-atletas-de-alto-rendimiento-y-los-beca\/isaac-nunez-medallista-de-olimpiada-nacional-es-parte-del-proyecto-de-becas\/\" rel=\"attachment wp-att-2849205\"><img loading=\"lazy\" decoding=\"async\" class=\"size-full wp-image-2849205\" src=\"http:\/\/agpnoticias.com\/news\/wp-content\/uploads\/2015\/10\/Isaac-N\u00fa\u00f1ez-medallista-de-Olimpiada-Nacional-es-parte-del-proyecto-de-becas-e1444344819755.jpg\" alt=\"Isaac N\u00fa\u00f1ez, medallista de Olimpiada Nacional, es parte del proyecto de becas\" width=\"800\" height=\"523\" \/><\/a><figcaption id=\"caption-attachment-2849205\" class=\"wp-caption-text\">Isaac N\u00fa\u00f1ez, medallista de Olimpiada Nacional, es parte del proyecto de becas<\/figcaption><\/figure>\n<p>Asimismo, \u00abtenemos un club de ajedrez en las tardes y para completar la educaci\u00f3n integral de los estudiantes promovemos actividades art\u00edsticas; as\u00ed que al joven que no le gusta el deporte, tiene la opci\u00f3n de completar su tiempo a trav\u00e9s del arte\u00bb.<\/p>\n<p>\u00abEstamos abiertos a recibir a los ni\u00f1os y j\u00f3venes que tengan un potencial deportivo o art\u00edstico para que vengan y sean evaluados, desde primaria pasando por secundaria y prepa.<\/p>\n<p>\u00abQueremos que, desde temprana edad, los j\u00f3venes sepan manejar la presi\u00f3n de la competencia, pero tambi\u00e9n tengan la responsabilidad de la escuela. As\u00ed vamos a crear ciudadanos profesionales y preparados\u00bb, puntualiz\u00f3.<\/p>\n<p><strong>Requisitos acad\u00e9micos y deportivos<\/strong><\/p>\n<figure id=\"attachment_2849206\" aria-describedby=\"caption-attachment-2849206\" style=\"width: 440px\" class=\"wp-caption alignright\"><a href=\"http:\/\/agpnoticias.com\/news\/capta-unifront-atletas-de-alto-rendimiento-y-los-beca\/carlos-carrasco-director-de-secundaria-y-preparatoria-en-colegio-unifront\/\" rel=\"attachment wp-att-2849206\"><img loading=\"lazy\" decoding=\"async\" class=\"size-full wp-image-2849206\" src=\"http:\/\/agpnoticias.com\/news\/wp-content\/uploads\/2015\/10\/Carlos-Carrasco-director-de-secundaria-y-preparatoria-en-Colegio-Unifront-e1444345009958.jpg\" alt=\"Carlos Carrasco, director de secundaria y preparatoria en Colegio Unifront\" width=\"440\" height=\"293\" \/><\/a><figcaption id=\"caption-attachment-2849206\" class=\"wp-caption-text\">Carlos Carrasco, director de secundaria y preparatoria en Colegio Unifront<\/figcaption><\/figure>\n<p>Carlos Disiderio Carrasco Lara, director de secundaria y preparatoria en Colegio Unifront, destac\u00f3 \u00abel hecho de que han sido los deportistas quienes se han acercado porque se est\u00e1 corriendo la voz de las facilidades que existen en cuanto a sus salidas competir\u00bb.<\/p>\n<p>\u00abLos profesores les dejan proyectos para que cumplan con sus trabajos al parejo de sus compa\u00f1eros, sin demeritar en nada lo acad\u00e9mico.<\/p>\n<p>\u00abCuando van a entrenar, nos mandan un oficio de su club y ya cada uno se arregla con los profesores para acordar como recuperar\u00e1n el trabajo, algunos mediante proyecto y otros mediante tareas, sin necesidad de que tengan que andar correteando a los profesores\u00bb, detall\u00f3.<\/p>\n<p>En la actualidad, \u00abtenemos campeones estatales, municipales y nacionales que motivan con sus resultados al resto de sus compa\u00f1eros.<\/p>\n<p>\u00abEs cierto que los deportistas tienen un trato diferenciado por la naturaleza de su actividad, pero trabajan igual que los dem\u00e1s en diferentes tiempos\u00bb, precis\u00f3.<\/p>\n<p>La incorporaci\u00f3n de los deportistas, dijo, ha servido a manera de espejo para motivar al resto del estudiantado.<\/p>\n<p>\u00abLos deportistas traen medallas, las lucen aqu\u00ed y los publicamos en nuestra p\u00e1gina de Facebook. Y tambi\u00e9n hay que subrayar que la mayor\u00eda de ellos tiene buenas calificaciones y son parte del cuadro de honor.<\/p>\n<p>\u00abEstamos convencidos de que la disciplina que se adquiere en el deporte se traslada a las aulas\u00bb, consider\u00f3.<\/p>\n<figure id=\"attachment_2849207\" aria-describedby=\"caption-attachment-2849207\" style=\"width: 800px\" class=\"wp-caption aligncenter\"><a href=\"http:\/\/agpnoticias.com\/news\/capta-unifront-atletas-de-alto-rendimiento-y-los-beca\/humberto-gutierrez-junto-a-un-grupo-de-deportistas-destacados-de-unifront\/\" rel=\"attachment wp-att-2849207\"><img loading=\"lazy\" decoding=\"async\" class=\"size-full wp-image-2849207\" src=\"http:\/\/agpnoticias.com\/news\/wp-content\/uploads\/2015\/10\/Humberto-Guti\u00e9rrez-junto-a-un-grupo-de-deportistas-destacados-de-Unifront-e1444345271373.jpg\" alt=\"Humberto Guti\u00e9rrez junto a un grupo de deportistas destacados de Unifront\" width=\"800\" height=\"533\" \/><\/a><figcaption id=\"caption-attachment-2849207\" class=\"wp-caption-text\">Humberto Guti\u00e9rrez junto a un grupo de deportistas destacados de Unifront<\/figcaption><\/figure>\n<p>En ese sentido, revel\u00f3 que \u00ablos estudiantes deben tener un m\u00ednimo de 8.5 para obtener la beca y sostenerla. No ha habido problema y hemos evaluado que existe promedio de 9.1 en general\u00bb.<\/p>\n<p>El director en materia acad\u00e9mica de secundaria y preparatoria se\u00f1al\u00f3 que hay un departamento especializado en determinar los porcentajes de beca que se otorgan.<\/p>\n<p>\u00abNosotros mandamos el curr\u00edculum deportivo con el historial acad\u00e9mico acompa\u00f1ado de una carta de exposici\u00f3n de motivos para solicitar la beca. Tambi\u00e9n se toma en cuenta un estudio socio-econ\u00f3mico.<\/p>\n<p>\u00abY el resultado deportivo es muy importante, sobre todo si ha mantenido una continuidad en sus competencias\u00bb, estableci\u00f3.<\/p>\n<p><strong>Deportistas de Alto Rendimiento<\/strong><\/p>\n<p><strong>Preparatoria<\/strong><\/p>\n<p><strong>Gimnasia<\/strong><\/p>\n<p>Rodrigo Montalvo Ballesteros<\/p>\n<p>Isaac N\u00fa\u00f1ez Farf\u00e1n<\/p>\n<p><strong>Ciclismo<\/strong><\/p>\n<p>Armando M\u00e1rquez Torres<\/p>\n<p><strong>Tenis de Mesa<\/strong><\/p>\n<p>Jessica Cu\u00e9llar Lerma<\/p>\n<p>Pablo Gast\u00e9lum Silva<\/p>\n<p><strong>Badminton<\/strong><\/p>\n<p>Adelina Qui\u00f1onez Ventura<\/p>\n<p>Yaqueline G\u00e1mez Duarte<\/p>\n<p>Yesenia G\u00e1mez Duarte<\/p>\n<p>Mineli Mart\u00ednez Grosso<\/p>\n<p><strong>Secundaria<\/strong><\/p>\n<p><strong>Tenis<\/strong><\/p>\n<p>Jorge Romo Garc\u00eda<\/p>\n<p><strong>Judo<\/strong><\/p>\n<p>Damaris L\u00f3pez Velasco<\/p>\n<p>Dafne L\u00f3pez Velasco<\/p>\n","protected":false},"excerpt":{"rendered":"<p>Ensenada, Baja California.- Los campeones nacionales de Tenis de Mesa, Jessica Cu\u00e9llar y Pablo Gast\u00e9lum,&#8230;<\/p>\n","protected":false},"author":1,"featured_media":2849201,"comment_status":"closed","ping_status":"closed","sticky":false,"template":"","format":"standard","meta":{"footnotes":""},"categories":[1,692,704,7],"tags":[],"class_list":["post-2849198","post","type-post","status-publish","format-standard","has-post-thumbnail","hentry","category-uncategorized","category-ciclismo","category-deporte-estudiantil","category-deportes"],"_links":{"self":[{"href":"https:\/\/agpnoticias.com\/news\/index.php?rest_route=\/wp\/v2\/posts\/2849198","targetHints":{"allow":["GET"]}}],"collection":[{"href":"https:\/\/agpnoticias.com\/news\/index.php?rest_route=\/wp\/v2\/posts"}],"about":[{"href":"https:\/\/agpnoticias.com\/news\/index.php?rest_route=\/wp\/v2\/types\/post"}],"author":[{"embeddable":true,"href":"https:\/\/agpnoticias.com\/news\/index.php?rest_route=\/wp\/v2\/users\/1"}],"replies":[{"embeddable":true,"href":"https:\/\/agpnoticias.com\/news\/index.php?rest_route=%2Fwp%2Fv2%2Fcomments&post=2849198"}],"version-history":[{"count":6,"href":"https:\/\/agpnoticias.com\/news\/index.php?rest_route=\/wp\/v2\/posts\/2849198\/revisions"}],"predecessor-version":[{"id":2849216,"href":"https:\/\/agpnoticias.com\/news\/index.php?rest_route=\/wp\/v2\/posts\/2849198\/revisions\/2849216"}],"wp:featuredmedia":[{"embeddable":true,"href":"https:\/\/agpnoticias.com\/news\/index.php?rest_route=\/wp\/v2\/media\/2849201"}],"wp:attachment":[{"href":"https:\/\/agpnoticias.com\/news\/index.php?rest_route=%2Fwp%2Fv2%2Fmedia&parent=2849198"}],"wp:term":[{"taxonomy":"category","embeddable":true,"href":"https:\/\/agpnoticias.com\/news\/index.php?rest_route=%2Fwp%2Fv2%2Fcategories&post=2849198"},{"taxonomy":"post_tag","embeddable":true,"href":"https:\/\/agpnoticias.com\/news\/index.php?rest_route=%2Fwp%2Fv2%2Ftags&post=2849198"}],"curies":[{"name":"wp","href":"https:\/\/api.w.org\/{rel}","templated":true}]}}