{"id":2849226,"date":"2015-10-08T18:50:16","date_gmt":"2015-10-09T01:50:16","guid":{"rendered":"http:\/\/agpnoticias.com\/news\/?p=2849226"},"modified":"2015-10-09T15:19:51","modified_gmt":"2015-10-09T22:19:51","slug":"no-da-el-peso-guerito-marquez-pero-si-habra-pelea-estelar-contra-soruyito","status":"publish","type":"post","link":"https:\/\/agpnoticias.com\/news\/?p=2849226","title":{"rendered":"No da el peso \u00abG\u00fcerito\u00bb M\u00e1rquez, pero s\u00ed habr\u00e1 pelea estelar contra \u00abSoruyito\u00bb"},"content":{"rendered":"<figure id=\"attachment_2849228\" aria-describedby=\"caption-attachment-2849228\" style=\"width: 800px\" class=\"wp-caption aligncenter\"><a href=\"http:\/\/agpnoticias.com\/news\/no-da-el-peso-guerito-marquez-pero-si-habra-pelea-estelar-contra-soruyito\/soruyito-ortega-peleara-contra-el-guerito-marquez\/\" rel=\"attachment wp-att-2849228\"><img fetchpriority=\"high\" decoding=\"async\" class=\"size-full wp-image-2849228\" src=\"http:\/\/agpnoticias.com\/news\/wp-content\/uploads\/2015\/10\/Soruyito-Ortega-pelear\u00e1-contra-el-Guerito-M\u00e1rquez-e1444355363632.jpg\" alt=\"&quot;Soruyito&quot; Ortega pelear\u00e1 contra el &quot;G\u00fcerito&quot; M\u00e1rquez\" width=\"800\" height=\"533\" \/><\/a><figcaption id=\"caption-attachment-2849228\" class=\"wp-caption-text\">\u00abSoruyito\u00bb Ortega pelear\u00e1 contra el \u00abG\u00fcerito\u00bb M\u00e1rquez<\/figcaption><\/figure>\n<p><span style=\"color: #000000; font-family: Calibri;\">Ensenada, Baja California.- Juan Carlos \u00abG\u00fcerito\u00bb M\u00e1rquez qued\u00f3 cinco libras por encima del l\u00edmite pactado para el combate estelar de la funci\u00f3n \u00abPu\u00f1os de Acero\u00bb contra el peleador local Julio C\u00e9sar \u00abSoruyito\u00bb Ortega este viernes en el deportivo Antonio Palacios.<\/span><\/p>\n<p><span style=\"color: #000000; font-family: Calibri;\">Sin embargo, ambas esquinas acordaron la realizaci\u00f3n de la pelea con el aval de la Comisi\u00f3n de Box, Lucha Libre y Kick Boxing de Ensenada, ya que en esa divisi\u00f3n (peso medio) existe una tolerancia de 7.7 libras.<\/span><\/p>\n<p><span style=\"color: #000000; font-family: Calibri;\">Julio C\u00e9sar Ortega registr\u00f3 157 libras y M\u00e1rquez dio 164 dentro del l\u00edmite pactado originalmente en las 159.<\/span><\/p>\n<p><span style=\"color: #000000; font-family: Calibri;\">\u00abSe pas\u00f3 cinco libras mi rival, pero la pelea se har\u00e1. \u00c9l pagar\u00e1 el for feit (el 25% de su bolsa), y la verdad no creo que me afecte para nada porque creo que m\u00e1s que fuerte, va a estar m\u00e1s lento. Eso no me preocupa\u00bb, coment\u00f3 el \u00abSoruyito\u00bb.<\/span><\/p>\n<p><span style=\"color: #000000; font-family: Calibri;\">En su caso, dijo, \u00abno hubo problema, di bien el peso bien, medio kilo abajo, y ahora ir\u00e9 por el nocaut desde el primer round. Quiero darle guerra porque s\u00e9 que ser\u00e1 una pelea dura y habr\u00e1 que ver qui\u00e9n aguanta m\u00e1s\u00bb.<\/span><\/p>\n<p><span style=\"color: #000000; font-family: Calibri;\">\u00ab\u00c9l tratar\u00e1 de pelear de manera inteligente y es fuerte. Lo veo parecido a (Mario) \u00b4Rocky\u00b4 Meraz, as\u00ed que es peligroso y nos obligar\u00e1 a lanzar golpes precisos\u00bb, indic\u00f3.<\/span><\/p>\n<p><span style=\"color: #000000; font-family: Calibri;\">Por su parte, el \u00abG\u00fcerito\u00bb admiti\u00f3 que durante sus m\u00e1s recientes combates s\u00f3lo ha obtenido una victoria, pero asegur\u00f3 que su estilo exigir\u00e1 al \u00abSoruyito\u00bb Ortega.<\/span><\/p>\n<p><span style=\"color: #000000; font-family: Calibri;\">\u00abHe perdido varias peleas, es cierto, pero me reconocen como un buen calador de j\u00f3venes, y as\u00ed ser\u00e1 aqu\u00ed en Ensenada contra este rival; la \u00faltima pelea que tuve la gan\u00e9 contra un invicto Gael Cota y he perdido por decisi\u00f3n con peleadores dur\u00edsimos\u00bb, expres\u00f3. <\/span><\/p>\n<p><span style=\"color: #000000; font-family: Calibri;\">Juan Carlos M\u00e1rquez consider\u00f3 que no pudo cumplir en la b\u00e1scula debido a las casi 22 horas de viaje por carretera desde Los Mochis hasta Ensenada.<\/span><\/p>\n<p><span style=\"color: #000000; font-family: Calibri;\">\u00abFue un d\u00eda completo pr\u00e1cticamente, y de no haber sido as\u00ed las libras hubieran desaparecido en el gimnasio; espero recuperarme bien porque ser\u00e1 una pelea atractiva que dejar\u00e1 contenta a la gente. <\/span><\/p>\n<p><span style=\"color: #000000; font-family: Calibri;\">\u00abYo utilizo la inteligencia y me adapto al rival, depende de las circunstancias de pelea pero me distingo m\u00e1s por ser fajador\u00bb, apunt\u00f3.<\/span><\/p>\n<p><span style=\"color: #000000; font-family: Calibri;\">\u00a0<\/span><\/p>\n<p>&nbsp;<\/p>\n","protected":false},"excerpt":{"rendered":"<p>Ensenada, Baja California.- Juan Carlos \u00abG\u00fcerito\u00bb M\u00e1rquez qued\u00f3 cinco libras por encima del l\u00edmite pactado&#8230;<\/p>\n","protected":false},"author":1,"featured_media":2849228,"comment_status":"closed","ping_status":"closed","sticky":false,"template":"","format":"standard","meta":{"footnotes":""},"categories":[1,36,7],"tags":[],"class_list":["post-2849226","post","type-post","status-publish","format-standard","has-post-thumbnail","hentry","category-uncategorized","category-boxeo","category-deportes"],"_links":{"self":[{"href":"https:\/\/agpnoticias.com\/news\/index.php?rest_route=\/wp\/v2\/posts\/2849226","targetHints":{"allow":["GET"]}}],"collection":[{"href":"https:\/\/agpnoticias.com\/news\/index.php?rest_route=\/wp\/v2\/posts"}],"about":[{"href":"https:\/\/agpnoticias.com\/news\/index.php?rest_route=\/wp\/v2\/types\/post"}],"author":[{"embeddable":true,"href":"https:\/\/agpnoticias.com\/news\/index.php?rest_route=\/wp\/v2\/users\/1"}],"replies":[{"embeddable":true,"href":"https:\/\/agpnoticias.com\/news\/index.php?rest_route=%2Fwp%2Fv2%2Fcomments&post=2849226"}],"version-history":[{"count":4,"href":"https:\/\/agpnoticias.com\/news\/index.php?rest_route=\/wp\/v2\/posts\/2849226\/revisions"}],"predecessor-version":[{"id":2849247,"href":"https:\/\/agpnoticias.com\/news\/index.php?rest_route=\/wp\/v2\/posts\/2849226\/revisions\/2849247"}],"wp:featuredmedia":[{"embeddable":true,"href":"https:\/\/agpnoticias.com\/news\/index.php?rest_route=\/wp\/v2\/media\/2849228"}],"wp:attachment":[{"href":"https:\/\/agpnoticias.com\/news\/index.php?rest_route=%2Fwp%2Fv2%2Fmedia&parent=2849226"}],"wp:term":[{"taxonomy":"category","embeddable":true,"href":"https:\/\/agpnoticias.com\/news\/index.php?rest_route=%2Fwp%2Fv2%2Fcategories&post=2849226"},{"taxonomy":"post_tag","embeddable":true,"href":"https:\/\/agpnoticias.com\/news\/index.php?rest_route=%2Fwp%2Fv2%2Ftags&post=2849226"}],"curies":[{"name":"wp","href":"https:\/\/api.w.org\/{rel}","templated":true}]}}