{"id":2849268,"date":"2015-10-09T17:40:43","date_gmt":"2015-10-10T00:40:43","guid":{"rendered":"http:\/\/agpnoticias.com\/news\/?p=2849268"},"modified":"2015-10-09T20:24:47","modified_gmt":"2015-10-10T03:24:47","slug":"descarta-saul-castro-encubrimiento-en-irregularidades-detectadas-dentro-del-car-de-ensenada","status":"publish","type":"post","link":"https:\/\/agpnoticias.com\/news\/?p=2849268","title":{"rendered":"Descarta Sa\u00fal Castro encubrimiento en irregularidades detectadas dentro del CAR de Ensenada"},"content":{"rendered":"<figure id=\"attachment_2849270\" aria-describedby=\"caption-attachment-2849270\" style=\"width: 800px\" class=\"wp-caption aligncenter\"><a href=\"http:\/\/agpnoticias.com\/news\/descarta-saul-castro-encubrimiento-en-irregularidades-detectadas-dentro-del-car-de-ensenada\/el-director-del-inde-informo-que-las-irregularidades-detectadas-en-el-car-de-ensenada-fueron-denunciadas-en-su-momento\/\" rel=\"attachment wp-att-2849270\"><img fetchpriority=\"high\" decoding=\"async\" class=\"size-full wp-image-2849270\" src=\"http:\/\/agpnoticias.com\/news\/wp-content\/uploads\/2015\/10\/El-director-del-INDE-inform\u00f3-que-las-irregularidades-detectadas-en-el-CAR-de-Ensenada-fueron-denunciadas-en-su-momento-e1444437505478.jpg\" alt=\"El director del INDE inform\u00f3 que las irregularidades detectadas en el CAR de Ensenada fueron denunciadas en su momento\" width=\"800\" height=\"535\" \/><\/a><figcaption id=\"caption-attachment-2849270\" class=\"wp-caption-text\">El director del INDE inform\u00f3 que las irregularidades detectadas en el CAR de Ensenada fueron denunciadas en su momento<\/figcaption><\/figure>\n<p>Ensenada, Baja California.- A Sa\u00fal Castro Verdugo no le sorprendi\u00f3 que despu\u00e9s de un par de a\u00f1os se dieran a\u00a0conocer las irregularidades\u00a0detectadas en junio de 2013 durante la administraci\u00f3n de Christian Amaya Parra en el Centro de Alto Rendimiento de Ensenada.<\/p>\n<p>Lo que el director del Instituto del Deporte de Baja California (INDE) aclar\u00f3 fue que \u00e9l mismo report\u00f3 los hechos ante la Contralor\u00eda General del Estado y posteriormente los denunci\u00f3 ante la Procuradur\u00eda General de Justicia de Baja California.<\/p>\n<p>\u00abLo \u00fanico que me preocup\u00f3 es c\u00f3mo se public\u00f3 la situaci\u00f3n, porque un diputado (Roberto D\u00e1valos Flores, presidente de la Comisi\u00f3n de Fiscalizaci\u00f3n del Gasto P\u00fablico) dio a entender que todo se hab\u00eda manejado como por debajo del agua, cuando se trata de un tema que yo no ten\u00eda por qu\u00e9 hacerlo p\u00fablico.<\/p>\n<p>\u00abHay qu\u00e9 decir las cosas como son, porque en alg\u00fan momento se podr\u00eda entender con ese documento que hubo encubrimiento de mi parte, cuando no fue as\u00ed, porque actuamos de acuerdo a la ley\u00bb indic\u00f3.<\/p>\n<p>Sa\u00fal Castro explic\u00f3 que en este caso se presentaron un par de irregularidades, en su momento detectadas y atendidas.<\/p>\n<p>\u00abPrimero, cuando Christian Amaya era encargado de la administraci\u00f3n (del Centro de Alto Rendimiento de Ensenada), hubo un faltante en becas y otros documentos por cerca de 400 mil pesos, un poco m\u00e1s, que con claramente cobrados por \u00e9l, y en su momento se present\u00f3 la denuncia.<\/p>\n<p>\u00abLa otra situaci\u00f3n es la alteraci\u00f3n de un par de documentos bancarios, dos cheques de 4 mil pesos donde a uno se le antepone la cifra 80 y al otro la cifra 40, para dejarlos en 804 y 404 mil, durante el periodo en el que Christian era responsable de la administraci\u00f3n\u00bb, apunt\u00f3.<\/p>\n<p>Y agreg\u00f3 que en ese mismo momento se inici\u00f3 un procedimiento que ha continuado con la denuncia respectiva; \u00abestamos pidiendo la restituci\u00f3n del bien por parte de la entidad bancaria (Scotia Bank Inverlat), ya que era un cheque de muy alto costo y que fue cobrado\u00bb.<\/p>\n<p>Por otro lado, \u00abhicimos la denuncia penal para que se act\u00fae en consecuencia contra quien resulte responsable. Yo no puedo decir que Christian estuvo involucrado, pero finalmente estaba a cargo de la administraci\u00f3n. E insisto, el banco debi\u00f3 notificarle a \u00e9l, y no s\u00e9 si se hizo\u00bb.<\/p>\n<p>En ese sentido, precis\u00f3: \u00abCuando sucede la alteraci\u00f3n de los cheques, de inmediato solicito una auditor\u00eda interna para conocer el estado de cuentas y resultados, y a la par se detect\u00f3 el otro faltante, que era responsabilidad directa de Christian\u00bb.<\/p>\n<p>\u00abEn ese momento \u00e9l firm\u00f3 la renuncia y tambi\u00e9n un documento donde se hizo responsable de haber sustra\u00eddo el recurso, y yo no lo hice p\u00fablico porque no ten\u00eda por qu\u00e9 hacerlo. Es un procedimiento interno que conlleva una penalizaci\u00f3n\u00bb, reiter\u00f3.<\/p>\n<p>Adem\u00e1s, dijo, fue notorio el desv\u00edo de ese recurso porque \u00abafect\u00f3 las becas de atletas muy destacados como (el gimnasta) Daniel Corral\u00bb.<\/p>\n<p>\u00abEl procedimiento est\u00e1 abierto y espero pronto tener la resoluci\u00f3n\u00bb, apunt\u00f3.<\/p>\n<p>Y cuestionado sobre la publicaci\u00f3n del documento por parte del diputado perredista Roberto D\u00e1valos en tiempo de aprobaci\u00f3n de la cuenta p\u00fablica, se limit\u00f3 a responder: \u00abel deporte en los \u00faltimos a\u00f1os tiene buen brillo, y a veces puede ser blanco de otras cuestiones\u00bb.<\/p>\n<p><strong>Declin\u00f3<\/strong><\/p>\n<p>Christian Amaya Parra, hoy en d\u00eda colaborador de la coordinaci\u00f3n regional de educaci\u00f3n f\u00edsica en Ensenada, fue contactado para conocer su versi\u00f3n de los hechos, pero prefiri\u00f3 no opinar debido a que hay un proceso legal en curso.<\/p>\n<p>&nbsp;<\/p>\n","protected":false},"excerpt":{"rendered":"<p>Ensenada, Baja California.- A Sa\u00fal Castro Verdugo no le sorprendi\u00f3 que despu\u00e9s de un par&#8230;<\/p>\n","protected":false},"author":1,"featured_media":2849270,"comment_status":"closed","ping_status":"closed","sticky":false,"template":"","format":"standard","meta":{"footnotes":""},"categories":[1,73,7],"tags":[],"class_list":["post-2849268","post","type-post","status-publish","format-standard","has-post-thumbnail","hentry","category-uncategorized","category-deportebajacalifornia","category-deportes"],"_links":{"self":[{"href":"https:\/\/agpnoticias.com\/news\/index.php?rest_route=\/wp\/v2\/posts\/2849268","targetHints":{"allow":["GET"]}}],"collection":[{"href":"https:\/\/agpnoticias.com\/news\/index.php?rest_route=\/wp\/v2\/posts"}],"about":[{"href":"https:\/\/agpnoticias.com\/news\/index.php?rest_route=\/wp\/v2\/types\/post"}],"author":[{"embeddable":true,"href":"https:\/\/agpnoticias.com\/news\/index.php?rest_route=\/wp\/v2\/users\/1"}],"replies":[{"embeddable":true,"href":"https:\/\/agpnoticias.com\/news\/index.php?rest_route=%2Fwp%2Fv2%2Fcomments&post=2849268"}],"version-history":[{"count":7,"href":"https:\/\/agpnoticias.com\/news\/index.php?rest_route=\/wp\/v2\/posts\/2849268\/revisions"}],"predecessor-version":[{"id":2849276,"href":"https:\/\/agpnoticias.com\/news\/index.php?rest_route=\/wp\/v2\/posts\/2849268\/revisions\/2849276"}],"wp:featuredmedia":[{"embeddable":true,"href":"https:\/\/agpnoticias.com\/news\/index.php?rest_route=\/wp\/v2\/media\/2849270"}],"wp:attachment":[{"href":"https:\/\/agpnoticias.com\/news\/index.php?rest_route=%2Fwp%2Fv2%2Fmedia&parent=2849268"}],"wp:term":[{"taxonomy":"category","embeddable":true,"href":"https:\/\/agpnoticias.com\/news\/index.php?rest_route=%2Fwp%2Fv2%2Fcategories&post=2849268"},{"taxonomy":"post_tag","embeddable":true,"href":"https:\/\/agpnoticias.com\/news\/index.php?rest_route=%2Fwp%2Fv2%2Ftags&post=2849268"}],"curies":[{"name":"wp","href":"https:\/\/api.w.org\/{rel}","templated":true}]}}