{"id":2849321,"date":"2015-10-11T18:07:59","date_gmt":"2015-10-12T01:07:59","guid":{"rendered":"http:\/\/agpnoticias.com\/news\/?p=2849321"},"modified":"2015-10-11T18:21:00","modified_gmt":"2015-10-12T01:21:00","slug":"un-keniano-y-una-tijuanense-gana-la-9a-carrera-construrama","status":"publish","type":"post","link":"https:\/\/agpnoticias.com\/news\/?p=2849321","title":{"rendered":"Un keniano y una tijuanense ganan la 9a. Carrera Construrama"},"content":{"rendered":"<figure id=\"attachment_2849329\" aria-describedby=\"caption-attachment-2849329\" style=\"width: 800px\" class=\"wp-caption aligncenter\"><a href=\"http:\/\/agpnoticias.com\/news\/un-keniano-y-una-tijuanense-gana-la-9a-carrera-construrama\/justus-cherop-gano-la-9a-carrera-de-construrama\/\" rel=\"attachment wp-att-2849329\"><img fetchpriority=\"high\" decoding=\"async\" class=\"size-full wp-image-2849329\" src=\"http:\/\/agpnoticias.com\/news\/wp-content\/uploads\/2015\/10\/Justus-Cherop-gan\u00f3-la-9a-Carrera-de-Construrama-e1444611869103.jpg\" alt=\"Justus Cherop gan\u00f3 la 9a Carrera de Construrama\" width=\"800\" height=\"489\" \/><\/a><figcaption id=\"caption-attachment-2849329\" class=\"wp-caption-text\">Justus Cherop gan\u00f3 la 9a Carrera de Construrama<\/figcaption><\/figure>\n<p>Ensenada, Baja California.- El keniano Justus Cherop (15:22) y la tijuanense Ver\u00f3nica Orozco (23:04) ganaron la 9a. Carrera Atl\u00e9tica Construrama que se realiz\u00f3 la ma\u00f1ana del domingo en el deportivo Antonio Palacios, en honor a la trayectoria del atleta Porfirio Serna Ornelas.<\/p>\n<p>Los l\u00edderes de ambas ramas se llevaron el premio mayor de 3 mil 500 pesos, mientras que en la rama varonil completaron el podio Humberto Rojas (15:26) y Jovani Candelario (15:46).<\/p>\n<p>Y en la rama femenil Ver\u00f3nica Orozco fue seguida por las tambi\u00e9n tijuanenses Lupita Cruz (19:10) y Mariana Cruz (19:59); para los segundos y terceros lugares absolutos se repartieron 2 mil 500 y mil 500 pesos, respectivamente.<\/p>\n<figure id=\"attachment_2849330\" aria-describedby=\"caption-attachment-2849330\" style=\"width: 600px\" class=\"wp-caption aligncenter\"><a href=\"http:\/\/agpnoticias.com\/news\/un-keniano-y-una-tijuanense-gana-la-9a-carrera-construrama\/la-tijuanense-veronica-orozco-se-impuso-en-la-rama-femenil\/\" rel=\"attachment wp-att-2849330\"><img decoding=\"async\" class=\"size-full wp-image-2849330\" src=\"http:\/\/agpnoticias.com\/news\/wp-content\/uploads\/2015\/10\/La-tijuanense-Ver\u00f3nica-Orozco-se-impuso-en-la-rama-femenil-e1444611925141.jpg\" alt=\"La tijuanense Ver\u00f3nica Orozco se impuso en la rama femenil\" width=\"600\" height=\"773\" \/><\/a><figcaption id=\"caption-attachment-2849330\" class=\"wp-caption-text\">La tijuanense Ver\u00f3nica Orozco se impuso en la rama femenil<\/figcaption><\/figure>\n<p>Luego se realiz\u00f3 una carrera de tres kil\u00f3metros ganada por Carlos de los \u00c1ngeles (10:07) y Bel\u00e9n Vigil (12:56), en tanto que Jesse Gil fue el primer participante de capacidades diferentes que cruz\u00f3 la meta.<\/p>\n<p>Para cerrar las actividades se establecieron circuitos infantiles.<\/p>\n<p>\u00abEn esta ocasi\u00f3n tuvimos m\u00e1s gente que otros a\u00f1os. El primer c\u00e1lculo de nuestros especialistas es que, entre las dos categor\u00edas, tuvimos m\u00e1s de cinco mil participantes, adem\u00e1s de todos los ni\u00f1os que se presentaron a competir\u00bb, inform\u00f3 Olegario Flemate.<\/p>\n<figure id=\"attachment_2849331\" aria-describedby=\"caption-attachment-2849331\" style=\"width: 800px\" class=\"wp-caption aligncenter\"><a href=\"http:\/\/agpnoticias.com\/news\/un-keniano-y-una-tijuanense-gana-la-9a-carrera-construrama\/carlos-de-los-angeles-gano-los-tres-kilometros\/\" rel=\"attachment wp-att-2849331\"><img decoding=\"async\" class=\"size-full wp-image-2849331\" src=\"http:\/\/agpnoticias.com\/news\/wp-content\/uploads\/2015\/10\/Carlos-de-los-\u00c1ngeles-gan\u00f3-los-tres-kil\u00f3metros-e1444611969626.jpg\" alt=\"Carlos de los \u00c1ngeles gan\u00f3 los tres kil\u00f3metros\" width=\"800\" height=\"573\" \/><\/a><figcaption id=\"caption-attachment-2849331\" class=\"wp-caption-text\">Carlos de los \u00c1ngeles gan\u00f3 los tres kil\u00f3metros<\/figcaption><\/figure>\n<p>El fundador de evento destac\u00f3 el hecho de que \u00abla gente est\u00e1 corriendo m\u00e1s que otras veces. Antes pasaba que ten\u00edamos m\u00e1s espectadores que corredores, y ahora sucedi\u00f3 lo contrario. Tanto evento atl\u00e9tico nos est\u00e1 ayudando a todos\u00bb, apunt\u00f3.<\/p>\n<p>El representante de Construrama adelant\u00f3 que \u00abla d\u00e9cima carrera ser\u00e1 una gran sorpresa, un boom que tenemos preparado para el pr\u00f3ximo a\u00f1o\u00bb.<\/p>\n<p>\u00abNuestros colaboradores y patrocinadores son los mismos desde la primera edici\u00f3n, y tambi\u00e9n tenemos gente valiosa como la medallista paral\u00edmpica Perla Bustamante y ahora que reconocemos a Porfirio Serna.<\/p>\n<p>\u00abQueremos que los ni\u00f1os vean a estos grandes deportistas y sepan que pueden llegar a ser como ellos, que los inspiren\u00bb, expres\u00f3.<\/p>\n<figure id=\"attachment_2849332\" aria-describedby=\"caption-attachment-2849332\" style=\"width: 600px\" class=\"wp-caption aligncenter\"><a href=\"http:\/\/agpnoticias.com\/news\/un-keniano-y-una-tijuanense-gana-la-9a-carrera-construrama\/belen-vigil-ganadora-de-los-tres-kilometros\/\" rel=\"attachment wp-att-2849332\"><img loading=\"lazy\" decoding=\"async\" class=\"size-full wp-image-2849332\" src=\"http:\/\/agpnoticias.com\/news\/wp-content\/uploads\/2015\/10\/Bel\u00e9n-Vigil-ganadora-de-los-tres-kil\u00f3metros-e1444612014374.jpg\" alt=\"Bel\u00e9n Vigil, ganadora de los tres kil\u00f3metros\" width=\"600\" height=\"759\" \/><\/a><figcaption id=\"caption-attachment-2849332\" class=\"wp-caption-text\">Bel\u00e9n Vigil, ganadora de los tres kil\u00f3metros<\/figcaption><\/figure>\n<p><strong>Ganadores Absolutos (5 kms.)<\/strong><\/p>\n<p><strong>Rama Varonil<\/strong><\/p>\n<p>Justus Cherop (15:22)<\/p>\n<p>Humberto Rojas (15:26)<\/p>\n<p>Jovani Candelario (15:46)<\/p>\n<p><strong>Rama Femenil<\/strong><\/p>\n<p>Ver\u00f3nica Orozco (19:08)<\/p>\n<p>Lupita Cruz (19:10)<\/p>\n<p>Mariana Cruz (19:59)<\/p>\n<figure id=\"attachment_2849333\" aria-describedby=\"caption-attachment-2849333\" style=\"width: 800px\" class=\"wp-caption aligncenter\"><a href=\"http:\/\/agpnoticias.com\/news\/un-keniano-y-una-tijuanense-gana-la-9a-carrera-construrama\/construrama-realizo-su-novena-carrera-atletica\/\" rel=\"attachment wp-att-2849333\"><img loading=\"lazy\" decoding=\"async\" class=\"size-full wp-image-2849333\" src=\"http:\/\/agpnoticias.com\/news\/wp-content\/uploads\/2015\/10\/Construrama-realiz\u00f3-su-novena-carrera-atl\u00e9tica-e1444612057174.jpg\" alt=\"Construrama realiz\u00f3 su novena carrera atl\u00e9tica\" width=\"800\" height=\"535\" \/><\/a><figcaption id=\"caption-attachment-2849333\" class=\"wp-caption-text\">Construrama realiz\u00f3 su novena carrera atl\u00e9tica<\/figcaption><\/figure>\n<p><strong>Primeros ensenadenses<\/strong><\/p>\n<p><strong>Rama Varonil<\/strong><\/p>\n<p>Humberto Rojas<\/p>\n<p>Gabriel Mart\u00ednez<\/p>\n<p><strong>Rama Femenil<\/strong><\/p>\n<p>Erika P\u00e9rez<\/p>\n<p>Jacqueline Atondo<\/p>\n<p><strong>Categor\u00eda 13-15 a\u00f1os<\/strong><\/p>\n<p><strong>Rama Varonil<\/strong><\/p>\n<p>Ronaldo Mart\u00ednez Rivas (17:22)<\/p>\n<p>Daniel Sarabia (20:16)<\/p>\n<p>Gustavo Zamora (20:48)<\/p>\n<p><strong>Rama Femenil<\/strong><\/p>\n<p>Itzel Alcal\u00e1 (21:50)<\/p>\n<p>Gissel Ayala (21:57)<\/p>\n<p>Xiomara Barriga (22:32)<\/p>\n<p><strong>Categor\u00eda 16-19 a\u00f1os<\/strong><\/p>\n<p><strong>Rama Varonil<\/strong><\/p>\n<p>Fernando Valdez (16:50)<\/p>\n<p>Sebasti\u00e1n Guzm\u00e1n (16:54)<\/p>\n<p>Jonathan Uriel Rodr\u00edguez (17:23)<\/p>\n<p><strong>Rama Femenil<\/strong><\/p>\n<p>Er\u00e9ndira Brice\u00f1o (21:57)<\/p>\n<p>Jennifer Coss\u00edo (23:28)<\/p>\n<p>Ashley Fern\u00e1ndez (23:55)<\/p>\n<p><strong>Categor\u00eda 20-24 a\u00f1os<\/strong><\/p>\n<p><strong>Rama Varonil<\/strong><\/p>\n<p>Carlos de los \u00c1ngeles (15:58)<\/p>\n<p>Esteban Rangel (16:31)<\/p>\n<p>Juan Carlos Candelario (16:41)<\/p>\n<p><strong>Rama Femenil<\/strong><\/p>\n<p>Cynthia Medina (20:12)<\/p>\n<p>Evelyn Jim\u00e9nez (21:58)<\/p>\n<p>Laura Flores (22:02)<\/p>\n<p><strong>Categor\u00eda 25-29 a\u00f1os<\/strong><\/p>\n<p><strong>Rama Varonil<\/strong><\/p>\n<p>Gabriel Mart\u00ednez (16:18)<\/p>\n<p>Alan Enrique Meza (16:38)<\/p>\n<p>Josu\u00e9 Solano (16:41)<\/p>\n<p><strong>Rama Femenil<\/strong><\/p>\n<p>Jackeline Atondo (20:08)<\/p>\n<p>Diana Coria Mayoral (20:27)<\/p>\n<p>Mara Paniagua (20:32)<\/p>\n<p><strong>Categor\u00eda 30-34 a\u00f1os<\/strong><\/p>\n<p><strong>Rama Varonil<\/strong><\/p>\n<p>Mario Reyes (17:30)<\/p>\n<p>Iv\u00e1n Garc\u00eda (17:37)<\/p>\n<p>Leonel Loaiza (17:44)<\/p>\n<p><strong>Rama Femenil<\/strong><\/p>\n<p>Marisela Verdugo (23:33)<\/p>\n<p>Aracely S\u00e1mano (23:49)<\/p>\n<p>A\u00edda Carca\u00f1o (24:04)<\/p>\n<p><strong>Categor\u00eda 35-39 a\u00f1os<\/strong><\/p>\n<p><strong>Rama Varonil<\/strong><\/p>\n<p>Jes\u00fas Armando Peralta (17:39)<\/p>\n<p>Margarito Torres (18:56)<\/p>\n<p>Tito Heredia (19:22)<\/p>\n<p><strong>Rama Femenil<\/strong><\/p>\n<p>Erika P\u00e9rez (20:08)<\/p>\n<p>Marbella Garc\u00eda (22:07)<\/p>\n<p>Brenda Anda (23:31)<\/p>\n<p><strong>Categor\u00eda 40-44 a\u00f1os<\/strong><\/p>\n<p><strong>Rama Varonil<\/strong><\/p>\n<p>Aquiles Ayala (18:28)<\/p>\n<p>Carlos de los \u00c1ngeles (18:45)<\/p>\n<p>Enrique Hern\u00e1ndez (19:15)<\/p>\n<p><strong>Rama Femenil<\/strong><\/p>\n<p>Mar\u00eda de los \u00c1ngeles S\u00e1nchez (22:11)<\/p>\n<p>Jovita G. (23:35)<\/p>\n<p>Elvira Meza (24:49)<\/p>\n<p><strong>Categor\u00eda 45-49 a\u00f1os<\/strong><\/p>\n<p><strong>Rama Varonil<\/strong><\/p>\n<p>Ephrain Z\u00e1rate (18:26)<\/p>\n<p>Alberto Mart\u00ednez (18:57)<\/p>\n<p>Salvador Ojeda (20:50)<\/p>\n<p><strong>Rama Femenil<\/strong><\/p>\n<p>Maribel Paniagua (22:33)<\/p>\n<p>Marina Mondrag\u00f3n (24:10)<\/p>\n<p>Marisela L\u00f3pez (24:16)<\/p>\n<p><strong>Categor\u00eda 50-54 a\u00f1os<\/strong><\/p>\n<p><strong>Rama Varonil<\/strong><\/p>\n<p>Gabriel Amezcua (17:35)<\/p>\n<p>Cleofas Abundis (19:48)<\/p>\n<p>V\u00edctor Mendoza (19:53)<\/p>\n<p><strong>Rama Femenil<\/strong><\/p>\n<p>Mar\u00eda Victoria Rosas (22:42)<\/p>\n<p>Gloria Rodr\u00edguez (24:51)<\/p>\n<p>Cristina P\u00e9rez (24:56)<\/p>\n<p><strong>Categor\u00eda 55-59 a\u00f1os<\/strong><\/p>\n<p><strong>Rama Varonil<\/strong><\/p>\n<p>Filem\u00f3n Rocha (19:09)<\/p>\n<p>Juli\u00e1n Villegas (19:34)<\/p>\n<p>Juan Valenzuela (20:07)<\/p>\n<p><strong>Rama Femenil<\/strong><\/p>\n<p>Ana Luz Cervantes (27:26)<\/p>\n<p>Isabel Le\u00f3n (28:19)<\/p>\n<p>Roxana Rico (29:00)<\/p>\n<p><strong>Categor\u00eda 60 a\u00f1os en adelante<\/strong><\/p>\n<p><strong>Rama Varonil<\/strong><\/p>\n<p>Eugenio Pe\u00f1a (20:18)<\/p>\n<p>H\u00e9ctor Flores (21:03)<\/p>\n<p>Francisco Montoya (22:24)<\/p>\n<p><strong>Rama Femenil<\/strong><\/p>\n<p>Mar\u00eda Guadalupe Gonz\u00e1lez (28:55)<\/p>\n<p>Margarita Fern\u00e1ndez (33:22)<\/p>\n<p>Catalina L\u00f3pez (36:50)<\/p>\n<p>Ganadores Absolutos (3 kms.)<\/p>\n<p><strong>Rama Varonil<\/strong><\/p>\n<p>Carlos de los \u00c1ngeles (10:07)<\/p>\n<p>Roberto Lafarga (10:18)<\/p>\n<p>Sebasti\u00e1n Moreno Sav\u00edn (10:26)<\/p>\n<p><strong>Rama Femenil<\/strong><\/p>\n<p>Bel\u00e9n Vigil (12:56)<\/p>\n<p>Paulina Nolte (13:26)<\/p>\n<p>Evelyn Mart\u00ednez (13:37)<\/p>\n","protected":false},"excerpt":{"rendered":"<p>Ensenada, Baja California.- El keniano Justus Cherop (15:22) y la tijuanense Ver\u00f3nica Orozco (23:04) ganaron&#8230;<\/p>\n","protected":false},"author":1,"featured_media":2849329,"comment_status":"closed","ping_status":"closed","sticky":false,"template":"","format":"standard","meta":{"footnotes":""},"categories":[1,31,7],"tags":[],"class_list":["post-2849321","post","type-post","status-publish","format-standard","has-post-thumbnail","hentry","category-uncategorized","category-atletismo","category-deportes"],"_links":{"self":[{"href":"https:\/\/agpnoticias.com\/news\/index.php?rest_route=\/wp\/v2\/posts\/2849321","targetHints":{"allow":["GET"]}}],"collection":[{"href":"https:\/\/agpnoticias.com\/news\/index.php?rest_route=\/wp\/v2\/posts"}],"about":[{"href":"https:\/\/agpnoticias.com\/news\/index.php?rest_route=\/wp\/v2\/types\/post"}],"author":[{"embeddable":true,"href":"https:\/\/agpnoticias.com\/news\/index.php?rest_route=\/wp\/v2\/users\/1"}],"replies":[{"embeddable":true,"href":"https:\/\/agpnoticias.com\/news\/index.php?rest_route=%2Fwp%2Fv2%2Fcomments&post=2849321"}],"version-history":[{"count":5,"href":"https:\/\/agpnoticias.com\/news\/index.php?rest_route=\/wp\/v2\/posts\/2849321\/revisions"}],"predecessor-version":[{"id":2849424,"href":"https:\/\/agpnoticias.com\/news\/index.php?rest_route=\/wp\/v2\/posts\/2849321\/revisions\/2849424"}],"wp:featuredmedia":[{"embeddable":true,"href":"https:\/\/agpnoticias.com\/news\/index.php?rest_route=\/wp\/v2\/media\/2849329"}],"wp:attachment":[{"href":"https:\/\/agpnoticias.com\/news\/index.php?rest_route=%2Fwp%2Fv2%2Fmedia&parent=2849321"}],"wp:term":[{"taxonomy":"category","embeddable":true,"href":"https:\/\/agpnoticias.com\/news\/index.php?rest_route=%2Fwp%2Fv2%2Fcategories&post=2849321"},{"taxonomy":"post_tag","embeddable":true,"href":"https:\/\/agpnoticias.com\/news\/index.php?rest_route=%2Fwp%2Fv2%2Ftags&post=2849321"}],"curies":[{"name":"wp","href":"https:\/\/api.w.org\/{rel}","templated":true}]}}