{"id":2849360,"date":"2015-10-11T21:42:54","date_gmt":"2015-10-12T04:42:54","guid":{"rendered":"http:\/\/agpnoticias.com\/news\/?p=2849360"},"modified":"2015-10-11T21:42:55","modified_gmt":"2015-10-12T04:42:55","slug":"queda-en-ensenada-campeonato-absoluto-de-levantamiento-de-poder","status":"publish","type":"post","link":"https:\/\/agpnoticias.com\/news\/?p=2849360","title":{"rendered":"Queda en Ensenada campeonato absoluto de Levantamiento de Poder"},"content":{"rendered":"<figure id=\"attachment_2849362\" aria-describedby=\"caption-attachment-2849362\" style=\"width: 800px\" class=\"wp-caption aligncenter\"><a href=\"http:\/\/agpnoticias.com\/news\/queda-en-ensenada-campeonato-absoluto-de-levantamiento-de-poder\/javier-flores-lozano-campeon-estatal-absoluto-de-levantamiento-de-poder\/\" rel=\"attachment wp-att-2849362\"><img fetchpriority=\"high\" decoding=\"async\" class=\"size-full wp-image-2849362\" src=\"http:\/\/agpnoticias.com\/news\/wp-content\/uploads\/2015\/10\/Javier-Flores-Lozano-campe\u00f3n-estatal-absoluto-de-Levantamiento-de-Poder-e1444624753373.jpg\" alt=\"Javier Flores Lozano, campe\u00f3n estatal absoluto de Levantamiento de Poder\" width=\"800\" height=\"844\" \/><\/a><figcaption id=\"caption-attachment-2849362\" class=\"wp-caption-text\">Javier Flores Lozano, campe\u00f3n estatal absoluto de Levantamiento de Poder<\/figcaption><\/figure>\n<p>Ensenada, Baja California.- Javier Flores Lozano cumpli\u00f3 con el pron\u00f3stico y se consagr\u00f3 campe\u00f3n absoluto del Campeonato Estatal de Levantamiento de Poder este domingo en el edificio del Partido Acci\u00f3n Nacional de Ensenada.<\/p>\n<p>El representante del gimnasio Amazonas, adem\u00e1s, logr\u00f3 el pase al Campeonato Nacional de la Powerlifting que se realizar\u00e1 durante marzo de 2016 en Le\u00f3n, Guanajuato, gracias a los lideratos conseguidos en su categor\u00eda (66 kilogramos), as\u00ed como en peso muerto y sentadilla.<\/p>\n<p>Apenas a inicio de a\u00f1o, el ahora campe\u00f3n se dedic\u00f3 en forma a competir y ya registra este triunfo frente a los mejores exponentes de Baja California.<\/p>\n<p>Freddy Hern\u00e1ndez, organizador de la justa estatal, destac\u00f3 el nivel de los 24 competidores, aunque admiti\u00f3 que esperaba una mayor cantidad de inscritos.<\/p>\n<p>\u00abNo vino tanta gente, pero en calidad superamos el nivel del a\u00f1o anterior, con gente principalmente de Ensenada\u00bb, coment\u00f3.<\/p>\n<figure id=\"attachment_2849363\" aria-describedby=\"caption-attachment-2849363\" style=\"width: 800px\" class=\"wp-caption aligncenter\"><a href=\"http:\/\/agpnoticias.com\/news\/queda-en-ensenada-campeonato-absoluto-de-levantamiento-de-poder\/freddy-hernandez-con-la-ganadora-femenil-flor-soberanes\/\" rel=\"attachment wp-att-2849363\"><img decoding=\"async\" class=\"size-full wp-image-2849363\" src=\"http:\/\/agpnoticias.com\/news\/wp-content\/uploads\/2015\/10\/Freddy-Hern\u00e1ndez-con-la-ganadora-femenil-Flor-Soberanes-e1444624850646.jpg\" alt=\"Freddy Hern\u00e1ndez con la ganadora femenil, Flor Soberanes\" width=\"800\" height=\"716\" \/><\/a><figcaption id=\"caption-attachment-2849363\" class=\"wp-caption-text\">Freddy Hern\u00e1ndez con la ganadora femenil, Flor Soberanes<\/figcaption><\/figure>\n<p>En cuanto al triunfo de Javier Flores, dijo que se dio \u00abgracias a la constancia, a su dedicaci\u00f3n. Desde que vimos lo que estaba levantando, pronosticamos su triunfo, y nos da gusto que haya cumplido con lo que se esperaba de \u00e9l\u00bb.<\/p>\n<p>Tambi\u00e9n subray\u00f3 lo hecho por los elementos de su gimnasio Amazonas, pues registr\u00f3 \u00abprimeros lugares en dos categor\u00edas, tres individuales y el primer lugar absoluto con Javier, que fue la joya de la corona\u00bb.<\/p>\n<p>El promotor asimismo resalt\u00f3 la victoria de la ensenadense Flor Soberanes en la rama femenil, \u00abya que conseguimos arrebatarle por primera vez a Mexicali ese liderato\u00bb.<\/p>\n<p>\u00abLas calificaciones se dan en base a los tres levantamientos (sentadillas, press de banca y peso muerto) y se comparan los atletas de las diferentes categor\u00edas hasta dar con el ganador absoluto\u00bb, precis\u00f3.<\/p>\n<p>Como novedad fueron premiados un par de ni\u00f1os de Mexicali que participaron en la categor\u00eda infantil por primera vez y \u00abel pr\u00f3ximo a\u00f1o ya habr\u00e1 gente de Ensenada\u00bb.<\/p>\n<p>\u00abLo que viene ese seguir trabajando porque queremos el nacional. Este a\u00f1o no se pudo, pero no quitamos el dedo del rengl\u00f3n y esperamos que llegue el siguiente\u00bb, coment\u00f3.<\/p>\n<figure id=\"attachment_2849364\" aria-describedby=\"caption-attachment-2849364\" style=\"width: 800px\" class=\"wp-caption aligncenter\"><a href=\"http:\/\/agpnoticias.com\/news\/queda-en-ensenada-campeonato-absoluto-de-levantamiento-de-poder\/los-mejores-representantes-del-estado-se-reunieron-este-domingo-en-ensenada\/\" rel=\"attachment wp-att-2849364\"><img decoding=\"async\" class=\"size-full wp-image-2849364\" src=\"http:\/\/agpnoticias.com\/news\/wp-content\/uploads\/2015\/10\/Los-mejores-representantes-del-estado-se-reunieron-este-domingo-en-Ensenada-e1444624949307.jpg\" alt=\"Los mejores representantes del estado se reunieron este domingo en Ensenada\" width=\"800\" height=\"547\" \/><\/a><figcaption id=\"caption-attachment-2849364\" class=\"wp-caption-text\">Los mejores representantes del estado se reunieron este domingo en Ensenada<\/figcaption><\/figure>\n<p><strong>Campe\u00f3n absoluto<\/strong><\/p>\n<p>Javier Flores<\/p>\n<p><strong>Campe\u00f3n absoluto peso muerto<\/strong><\/p>\n<p>Javier Flores<\/p>\n<p><strong>Campe\u00f3n sentadilla<\/strong><\/p>\n<p>Javier Flores<\/p>\n<p><strong>Campe\u00f3n absoluto pecho<\/strong><\/p>\n<p>Eduardo Canizales<\/p>\n<p><strong>Categor\u00eda Hasta 105 kgs.<\/strong><\/p>\n<p>C\u00e9sar Mayoral<\/p>\n<p>Gabriel L\u00f3pez<\/p>\n<p>Nemuel P\u00e9rez<\/p>\n<p><strong>Categor\u00eda Hasta 93 kgs.<\/strong><\/p>\n<p>Edwin L\u00f3pez<\/p>\n<p>Gadiel Villavicencio<\/p>\n<p><strong>Categor\u00eda Hasta 83 kgs.<\/strong><\/p>\n<p>\u00d3scar Ramos<\/p>\n<p>Zander Navarro<\/p>\n<p>Jonathan Gonz\u00e1lez<\/p>\n<p>Ricardo Aguilar<\/p>\n<p>Jos\u00e9 de la Cruz<\/p>\n<p><strong>Categor\u00eda Hasta 74 kgs.<\/strong><\/p>\n<p>David Garc\u00eda<\/p>\n<p>Francisco Valenzuela<\/p>\n<p>Jonathan Vargas<\/p>\n<p><strong>Categor\u00eda Hasta 66 kgs.<\/strong><\/p>\n<p>Javier Flores<\/p>\n<p>Emmanuel Venegas<\/p>\n<p><strong>Campeona absoluta femenil<\/strong><\/p>\n<p>Flor Soberanes<\/p>\n<p><strong>Categor\u00eda Femenil Grande<\/strong><\/p>\n<p>Flor Soberanes<\/p>\n<p>Lupita Mart\u00ednez<\/p>\n<p><strong>Categor\u00eda Femenil Chica<\/strong><\/p>\n<p>Magdalena Avenda\u00f1o<\/p>\n<p>Yesenia M\u00e9ndez<\/p>\n<p><strong>Categor\u00eda Infantil<\/strong><\/p>\n<p>Rub\u00e9n Santoyo<\/p>\n<p>William Navarro<\/p>\n","protected":false},"excerpt":{"rendered":"<p>Ensenada, Baja California.- Javier Flores Lozano cumpli\u00f3 con el pron\u00f3stico y se consagr\u00f3 campe\u00f3n absoluto&#8230;<\/p>\n","protected":false},"author":1,"featured_media":2849362,"comment_status":"closed","ping_status":"closed","sticky":false,"template":"","format":"standard","meta":{"footnotes":""},"categories":[1,7],"tags":[],"class_list":["post-2849360","post","type-post","status-publish","format-standard","has-post-thumbnail","hentry","category-uncategorized","category-deportes"],"_links":{"self":[{"href":"https:\/\/agpnoticias.com\/news\/index.php?rest_route=\/wp\/v2\/posts\/2849360","targetHints":{"allow":["GET"]}}],"collection":[{"href":"https:\/\/agpnoticias.com\/news\/index.php?rest_route=\/wp\/v2\/posts"}],"about":[{"href":"https:\/\/agpnoticias.com\/news\/index.php?rest_route=\/wp\/v2\/types\/post"}],"author":[{"embeddable":true,"href":"https:\/\/agpnoticias.com\/news\/index.php?rest_route=\/wp\/v2\/users\/1"}],"replies":[{"embeddable":true,"href":"https:\/\/agpnoticias.com\/news\/index.php?rest_route=%2Fwp%2Fv2%2Fcomments&post=2849360"}],"version-history":[{"count":4,"href":"https:\/\/agpnoticias.com\/news\/index.php?rest_route=\/wp\/v2\/posts\/2849360\/revisions"}],"predecessor-version":[{"id":2849368,"href":"https:\/\/agpnoticias.com\/news\/index.php?rest_route=\/wp\/v2\/posts\/2849360\/revisions\/2849368"}],"wp:featuredmedia":[{"embeddable":true,"href":"https:\/\/agpnoticias.com\/news\/index.php?rest_route=\/wp\/v2\/media\/2849362"}],"wp:attachment":[{"href":"https:\/\/agpnoticias.com\/news\/index.php?rest_route=%2Fwp%2Fv2%2Fmedia&parent=2849360"}],"wp:term":[{"taxonomy":"category","embeddable":true,"href":"https:\/\/agpnoticias.com\/news\/index.php?rest_route=%2Fwp%2Fv2%2Fcategories&post=2849360"},{"taxonomy":"post_tag","embeddable":true,"href":"https:\/\/agpnoticias.com\/news\/index.php?rest_route=%2Fwp%2Fv2%2Ftags&post=2849360"}],"curies":[{"name":"wp","href":"https:\/\/api.w.org\/{rel}","templated":true}]}}