{"id":2850071,"date":"2015-10-29T19:47:49","date_gmt":"2015-10-30T02:47:49","guid":{"rendered":"http:\/\/agpnoticias.com\/news\/?p=2850071"},"modified":"2015-10-29T19:47:50","modified_gmt":"2015-10-30T02:47:50","slug":"xolos-vs-pumas-una-hora-mas-tarde-sera-a-las-ocho-y-media","status":"publish","type":"post","link":"https:\/\/agpnoticias.com\/news\/?p=2850071","title":{"rendered":"Xolos vs. Pumas una hora m\u00e1s tarde; ser\u00e1 a las ocho y media"},"content":{"rendered":"<figure id=\"attachment_2850074\" aria-describedby=\"caption-attachment-2850074\" style=\"width: 800px\" class=\"wp-caption alignleft\"><a href=\"http:\/\/agpnoticias.com\/news\/xolos-vs-pumas-una-hora-mas-tarde-sera-a-las-ocho-y-media\/el-xolos-contra-pumas-sera-a-las-ocho-y-media\/\" rel=\"attachment wp-att-2850074\"><img fetchpriority=\"high\" decoding=\"async\" class=\"size-full wp-image-2850074\" src=\"http:\/\/agpnoticias.com\/news\/wp-content\/uploads\/2015\/10\/El-Xolos-contra-Pumas-ser\u00e1-a-las-ocho-y-media-e1446173245342.jpg\" alt=\"El Xolos contra Pumas ser\u00e1 a las ocho y media\" width=\"800\" height=\"655\" \/><\/a><figcaption id=\"caption-attachment-2850074\" class=\"wp-caption-text\">El Xolos contra Pumas ser\u00e1 a las ocho y media<\/figcaption><\/figure>\n<p><span style=\"color: #000000; font-family: Calibri;\">Tijuana, Baja California.- Por el cambio de horario que aplic\u00f3 desde el domingo pasado en el centro del pa\u00eds, pero que ser\u00e1 v\u00e1lido para Baja California hasta el domingo entrante, el encuentro entre Xolos y Pumas se jugar\u00e1 una hora m\u00e1s tarde de lo habitual.<\/span><\/p>\n<p><span style=\"color: #000000; font-family: Calibri;\">Para ajustar ese tema en relaci\u00f3n a la transmisi\u00f3n por TV, ser\u00e1 a las 20:30 horas\u00a0cuando salten a la cancha el pen\u00faltimo lugar de la tabla general\u00a0y los visitantes, l\u00edderes del Torneo Apertura 2015 bajo la direcci\u00f3n de Memo V\u00e1zquez.<\/span><\/p>\n<p><span style=\"color: #000000; font-family: Calibri;\">M\u00e1s all\u00e1 de la inminente calificaci\u00f3n de Pumas y las nulas aspiraciones de liguilla para Xolos, el inter\u00e9s en el partido se encontrar\u00e1 en el palco del presidente del conjunto local, Jorgealberto Hank, pues trascendi\u00f3 la presencia de Miguel Herrera.<\/span><\/p>\n<p><span style=\"color: #000000; font-family: Calibri;\">El ex entrenador de la selecci\u00f3n nacional estar\u00e1 en Tijuana para escuchar la propuesta concreta de la directiva xoloitzcuintle y determinar si acepta el cargo a partir del Torneo Clausura 2016 en enero. <\/span><\/p>\n<p><span style=\"color: #000000; font-family: Calibri;\">Xolos, adem\u00e1s, necesita sumar para no verse comprometido en cuestiones de descenso durante los pr\u00f3ximos torneos.<\/span><\/p>\n<p>&nbsp;<\/p>\n","protected":false},"excerpt":{"rendered":"<p>Tijuana, Baja California.- Por el cambio de horario que aplic\u00f3 desde el domingo pasado en&#8230;<\/p>\n","protected":false},"author":1,"featured_media":2850073,"comment_status":"closed","ping_status":"closed","sticky":false,"template":"","format":"standard","meta":{"footnotes":""},"categories":[1,7,32,17],"tags":[],"class_list":["post-2850071","post","type-post","status-publish","format-standard","has-post-thumbnail","hentry","category-uncategorized","category-deportes","category-soccer","category-xolos-de-tijuana"],"_links":{"self":[{"href":"https:\/\/agpnoticias.com\/news\/index.php?rest_route=\/wp\/v2\/posts\/2850071","targetHints":{"allow":["GET"]}}],"collection":[{"href":"https:\/\/agpnoticias.com\/news\/index.php?rest_route=\/wp\/v2\/posts"}],"about":[{"href":"https:\/\/agpnoticias.com\/news\/index.php?rest_route=\/wp\/v2\/types\/post"}],"author":[{"embeddable":true,"href":"https:\/\/agpnoticias.com\/news\/index.php?rest_route=\/wp\/v2\/users\/1"}],"replies":[{"embeddable":true,"href":"https:\/\/agpnoticias.com\/news\/index.php?rest_route=%2Fwp%2Fv2%2Fcomments&post=2850071"}],"version-history":[{"count":3,"href":"https:\/\/agpnoticias.com\/news\/index.php?rest_route=\/wp\/v2\/posts\/2850071\/revisions"}],"predecessor-version":[{"id":2850076,"href":"https:\/\/agpnoticias.com\/news\/index.php?rest_route=\/wp\/v2\/posts\/2850071\/revisions\/2850076"}],"wp:featuredmedia":[{"embeddable":true,"href":"https:\/\/agpnoticias.com\/news\/index.php?rest_route=\/wp\/v2\/media\/2850073"}],"wp:attachment":[{"href":"https:\/\/agpnoticias.com\/news\/index.php?rest_route=%2Fwp%2Fv2%2Fmedia&parent=2850071"}],"wp:term":[{"taxonomy":"category","embeddable":true,"href":"https:\/\/agpnoticias.com\/news\/index.php?rest_route=%2Fwp%2Fv2%2Fcategories&post=2850071"},{"taxonomy":"post_tag","embeddable":true,"href":"https:\/\/agpnoticias.com\/news\/index.php?rest_route=%2Fwp%2Fv2%2Ftags&post=2850071"}],"curies":[{"name":"wp","href":"https:\/\/api.w.org\/{rel}","templated":true}]}}