{"id":2850255,"date":"2015-11-01T18:35:35","date_gmt":"2015-11-02T02:35:35","guid":{"rendered":"http:\/\/agpnoticias.com\/news\/?p=2850255"},"modified":"2015-11-01T18:35:37","modified_gmt":"2015-11-02T02:35:37","slug":"corren-por-la-catrina-en-el-canon-de-dona-petra","status":"publish","type":"post","link":"https:\/\/agpnoticias.com\/news\/?p=2850255","title":{"rendered":"Corren por La Catrina en el Ca\u00f1on de Do\u00f1a Petra"},"content":{"rendered":"<figure id=\"attachment_2850257\" aria-describedby=\"caption-attachment-2850257\" style=\"width: 800px\" class=\"wp-caption aligncenter\"><a href=\"http:\/\/agpnoticias.com\/news\/corren-por-la-catrina-en-el-canon-de-dona-petra\/la-carrera-reunio-en-su-mayoria-a-estudiantes-de-secundaria\/\" rel=\"attachment wp-att-2850257\"><img fetchpriority=\"high\" decoding=\"async\" class=\"size-full wp-image-2850257\" src=\"http:\/\/agpnoticias.com\/news\/wp-content\/uploads\/2015\/11\/La-carrera-reuni\u00f3-en-su-mayor\u00eda-a-estudiantes-de-secundaria-e1446431264648.jpg\" alt=\"La carrera reuni\u00f3 en su mayor\u00eda a estudiantes de secundaria\" width=\"800\" height=\"464\" \/><\/a><figcaption id=\"caption-attachment-2850257\" class=\"wp-caption-text\">La carrera reuni\u00f3 en su mayor\u00eda a estudiantes de secundaria<\/figcaption><\/figure>\n<p>Ensenada, Baja California.-Alrededor de 100 competidores se inscribieron para buscar los lideratos de la 2a. Carrera de La Catrina, de 8, 4 y 1.5 kil\u00f3metros, con sede en el Ca\u00f1\u00f3n de Do\u00f1a Petra.<\/p>\n<p>\u00abEs una carrera anual que hacemos como Colegio Imanti, en busca de potencializar las habilidades de los alumnos de secundaria y el deporte es fundamental en ese desarrollo\u00bb, explic\u00f3 Patricia Velarde.<\/p>\n<figure id=\"attachment_2850258\" aria-describedby=\"caption-attachment-2850258\" style=\"width: 800px\" class=\"wp-caption aligncenter\"><a href=\"http:\/\/agpnoticias.com\/news\/corren-por-la-catrina-en-el-canon-de-dona-petra\/el-recorrido-tuvo-como-escenario-el-canon-de-dona-petra\/\" rel=\"attachment wp-att-2850258\"><img decoding=\"async\" class=\"size-full wp-image-2850258\" src=\"http:\/\/agpnoticias.com\/news\/wp-content\/uploads\/2015\/11\/El-recorrido-tuvo-como-escenario-el-Ca\u00f1\u00f3n-de-Do\u00f1a-Petra-e1446431429605.jpg\" alt=\"El recorrido tuvo como escenario el Ca\u00f1\u00f3n de Do\u00f1a Petra\" width=\"800\" height=\"613\" \/><\/a><figcaption id=\"caption-attachment-2850258\" class=\"wp-caption-text\">El recorrido tuvo como escenario el Ca\u00f1\u00f3n de Do\u00f1a Petra<\/figcaption><\/figure>\n<p>La directora de Colegio Imanti agreg\u00f3 que adem\u00e1s de la finalidad de promover el deporte entre el alumnado, la carrera se abri\u00f3 a la comunidad y as\u00ed seguir\u00e1 en sus siguientes ediciones anuales con el festejo del D\u00eda de Muertos.<\/p>\n<p>Por su parte, Paloma D\u00edaz Lozano, responsable del \u00e1rea deportiva en la instituci\u00f3n ubicada entre las calles Ruiz y 12, explic\u00f3 que fueron establecidas las tres distancias para fomentar la participaci\u00f3n del alumnado, as\u00ed como las personas que decidieron inscribirse.<\/p>\n<p>\u00abLas carreras fueron campo traviesa, con la idea de fomentar el deporte para ni\u00f1os y adolescentes y rescatar fondos para los becarios de la escuela\u00bb, agreg\u00f3.<\/p>\n<p>Al final de los tres trayectos se rifaron camisetas, cenas, comidas y botellas de vino, entre otras cosas.<\/p>\n<figure id=\"attachment_2850259\" aria-describedby=\"caption-attachment-2850259\" style=\"width: 800px\" class=\"wp-caption aligncenter\"><a href=\"http:\/\/agpnoticias.com\/news\/corren-por-la-catrina-en-el-canon-de-dona-petra\/la-distancia-de-1-5-kilometros-fue-promovida-para-el-sector-infantil\/\" rel=\"attachment wp-att-2850259\"><img decoding=\"async\" class=\"size-full wp-image-2850259\" src=\"http:\/\/agpnoticias.com\/news\/wp-content\/uploads\/2015\/11\/La-distancia-de-1.5-kil\u00f3metros-fue-promovida-para-el-sector-infantil-e1446431611387.jpg\" alt=\"Tambi\u00e9n se incluy\u00f3 una distancia para el sector infantil\" width=\"800\" height=\"443\" \/><\/a><figcaption id=\"caption-attachment-2850259\" class=\"wp-caption-text\">Tambi\u00e9n se incluy\u00f3 una distancia para el sector infantil<\/figcaption><\/figure>\n<p><strong>Ganadores Carrera de La Catrina<\/strong><\/p>\n<p><strong>4 kil\u00f3metros<\/strong><\/p>\n<p><strong>Varonil<\/strong><\/p>\n<p>Shone Venus<\/p>\n<p>Femenil<\/p>\n<p>Ashley Fern\u00e1ndez<\/p>\n<p><strong>8 kil\u00f3metros<\/strong><\/p>\n<p><strong>Varonil<\/strong><\/p>\n<p>Fernando G\u00f3mez<\/p>\n<p>Alex Granados<\/p>\n<p>Miguel \u00c1ngel Bravo<\/p>\n<p><strong>Femenil<\/strong><\/p>\n<p>Marbella Garc\u00eda<\/p>\n<p>Carmen Maya<\/p>\n<p>Coral Moctezuma<\/p>\n<p><strong>Carrera 1.5 kil\u00f3metros (Infantil)<\/strong><\/p>\n<p><strong>Varonil<\/strong><\/p>\n<p>Juan David N\u00fa\u00f1ez<\/p>\n<p><strong>Femenil<\/strong><\/p>\n<p>Johana N\u00fa\u00f1ez<\/p>\n<figure id=\"attachment_2850260\" aria-describedby=\"caption-attachment-2850260\" style=\"width: 800px\" class=\"wp-caption aligncenter\"><a href=\"http:\/\/agpnoticias.com\/news\/corren-por-la-catrina-en-el-canon-de-dona-petra\/el-evento-cumplio-su-segunda-edicion-y-existe-la-intencion-de-hacerlo-anualmente\/\" rel=\"attachment wp-att-2850260\"><img loading=\"lazy\" decoding=\"async\" class=\"size-full wp-image-2850260\" src=\"http:\/\/agpnoticias.com\/news\/wp-content\/uploads\/2015\/11\/El-evento-cumpli\u00f3-su-segunda-edici\u00f3n-y-existe-la-intenci\u00f3n-de-hacerlo-anualmente-e1446431718985.jpg\" alt=\"El evento cumpli\u00f3 su segunda edici\u00f3n y existe la intenci\u00f3n de hacerlo anualmente\" width=\"800\" height=\"533\" \/><\/a><figcaption id=\"caption-attachment-2850260\" class=\"wp-caption-text\">El evento cumpli\u00f3 su segunda edici\u00f3n y existe la intenci\u00f3n de hacerlo anualmente<\/figcaption><\/figure>\n","protected":false},"excerpt":{"rendered":"<p>Ensenada, Baja California.-Alrededor de 100 competidores se inscribieron para buscar los lideratos de la 2a&#8230;.<\/p>\n","protected":false},"author":1,"featured_media":2850257,"comment_status":"closed","ping_status":"closed","sticky":false,"template":"","format":"standard","meta":{"footnotes":""},"categories":[1,31,7],"tags":[],"class_list":["post-2850255","post","type-post","status-publish","format-standard","has-post-thumbnail","hentry","category-uncategorized","category-atletismo","category-deportes"],"_links":{"self":[{"href":"https:\/\/agpnoticias.com\/news\/index.php?rest_route=\/wp\/v2\/posts\/2850255","targetHints":{"allow":["GET"]}}],"collection":[{"href":"https:\/\/agpnoticias.com\/news\/index.php?rest_route=\/wp\/v2\/posts"}],"about":[{"href":"https:\/\/agpnoticias.com\/news\/index.php?rest_route=\/wp\/v2\/types\/post"}],"author":[{"embeddable":true,"href":"https:\/\/agpnoticias.com\/news\/index.php?rest_route=\/wp\/v2\/users\/1"}],"replies":[{"embeddable":true,"href":"https:\/\/agpnoticias.com\/news\/index.php?rest_route=%2Fwp%2Fv2%2Fcomments&post=2850255"}],"version-history":[{"count":3,"href":"https:\/\/agpnoticias.com\/news\/index.php?rest_route=\/wp\/v2\/posts\/2850255\/revisions"}],"predecessor-version":[{"id":2850262,"href":"https:\/\/agpnoticias.com\/news\/index.php?rest_route=\/wp\/v2\/posts\/2850255\/revisions\/2850262"}],"wp:featuredmedia":[{"embeddable":true,"href":"https:\/\/agpnoticias.com\/news\/index.php?rest_route=\/wp\/v2\/media\/2850257"}],"wp:attachment":[{"href":"https:\/\/agpnoticias.com\/news\/index.php?rest_route=%2Fwp%2Fv2%2Fmedia&parent=2850255"}],"wp:term":[{"taxonomy":"category","embeddable":true,"href":"https:\/\/agpnoticias.com\/news\/index.php?rest_route=%2Fwp%2Fv2%2Fcategories&post=2850255"},{"taxonomy":"post_tag","embeddable":true,"href":"https:\/\/agpnoticias.com\/news\/index.php?rest_route=%2Fwp%2Fv2%2Ftags&post=2850255"}],"curies":[{"name":"wp","href":"https:\/\/api.w.org\/{rel}","templated":true}]}}