{"id":2851201,"date":"2015-11-15T20:44:03","date_gmt":"2015-11-16T04:44:03","guid":{"rendered":"http:\/\/agpnoticias.com\/news\/?p=2851201"},"modified":"2015-11-15T20:44:04","modified_gmt":"2015-11-16T04:44:04","slug":"exitosa-carrera-del-ite-corren-1500","status":"publish","type":"post","link":"https:\/\/agpnoticias.com\/news\/?p=2851201","title":{"rendered":"Exitosa Carrera del ITE,  corren 1500"},"content":{"rendered":"<figure id=\"attachment_2851216\" aria-describedby=\"caption-attachment-2851216\" style=\"width: 800px\" class=\"wp-caption aligncenter\"><a href=\"http:\/\/agpnoticias.com\/news\/exitosa-carrera-del-ite-corren-1500\/este-domingo-se-celebro-la-carrera-del-ite\/\" rel=\"attachment wp-att-2851216\"><img fetchpriority=\"high\" decoding=\"async\" class=\"size-full wp-image-2851216\" src=\"http:\/\/agpnoticias.com\/news\/wp-content\/uploads\/2015\/11\/Este-domingo-se-celebr\u00f3-la-carrera-del-ITE-e1447648885218.jpg\" alt=\"Este domingo se celebr\u00f3 la carrera del ITE\" width=\"800\" height=\"433\" \/><\/a><figcaption id=\"caption-attachment-2851216\" class=\"wp-caption-text\">Este domingo se celebr\u00f3 la carrera del ITE<\/figcaption><\/figure>\n<p>Ensenada, Baja California.- \u00a0Con una participaci\u00f3n de 1500 corredores, la edici\u00f3n numero 13 de la carrera del Instituto Tecnol\u00f3gico de Ensenada fue todo un \u00e9xito, as\u00ed lo asegur\u00f3\u00a0Gloria Rodr\u00edguez Rodr\u00edguez, jefa del departamento de actividades extraescolares.<\/p>\n<figure id=\"attachment_2851217\" aria-describedby=\"caption-attachment-2851217\" style=\"width: 300px\" class=\"wp-caption alignright\"><a href=\"http:\/\/agpnoticias.com\/news\/exitosa-carrera-del-ite-corren-1500\/roberto-lafarga\/\" rel=\"attachment wp-att-2851217\"><img decoding=\"async\" class=\"size-full wp-image-2851217\" src=\"http:\/\/agpnoticias.com\/news\/wp-content\/uploads\/2015\/11\/Roberto-Lafarga-e1447648973948.jpg\" alt=\"Roberto Lafarga\" width=\"300\" height=\"450\" \/><\/a><figcaption id=\"caption-attachment-2851217\" class=\"wp-caption-text\">Roberto Lafarga<\/figcaption><\/figure>\n<p>Agreg\u00f3 que esta es la primera vez que se suma una carrera recreativa de tres kil\u00f3metros aparte de la tradicional de cinco kil\u00f3metros.<\/p>\n<p>El primero en llegar a la meta fue de la rama varonil Roberto Lafarga, seguido por Juan Pablo Vite y Esteban Rangel en tercer lugar.<\/p>\n<p>En la rama femenil la primera mujer en llegar fue Selene Elenes, en segundo lugar Jaqueline Atondo y tercero Erika Perez Rocha.<\/p>\n<p>La premiaci\u00f3n consisti\u00f3 en trofeos para los tres primeros lugares generales, as\u00ed tambi\u00e9n \u00a0a 20 categor\u00edas m\u00e1s.<\/p>\n<p>En el recorrido de los tres kil\u00f3metros se obsequiaron 100 camisetas.<\/p>\n<p>Tambi\u00e9n hubo rifa donde la instituci\u00f3n educativa regal\u00f3\u00a0150 premios entre ellos comida en diferentes restaurantes, meses gratis para\u00a0gimnasio<\/p>\n<p>Precis\u00f3 Gloria Rodr\u00edguez que \u00abeste evento se realiza para coadyuvar a la formaci\u00f3n integral de los alumnos e integrar a la\u00a0comunidad para que vengan y nos conozcan\u00bb.<\/p>\n<figure id=\"attachment_2851218\" aria-describedby=\"caption-attachment-2851218\" style=\"width: 800px\" class=\"wp-caption aligncenter\"><a href=\"http:\/\/agpnoticias.com\/news\/exitosa-carrera-del-ite-corren-1500\/selene-elenes\/\" rel=\"attachment wp-att-2851218\"><img decoding=\"async\" class=\"size-full wp-image-2851218\" src=\"http:\/\/agpnoticias.com\/news\/wp-content\/uploads\/2015\/11\/Selene-Elenes-e1447649025892.jpg\" alt=\"Selene Elenes\" width=\"800\" height=\"571\" \/><\/a><figcaption id=\"caption-attachment-2851218\" class=\"wp-caption-text\">Selene Elenes<\/figcaption><\/figure>\n<p>&nbsp;<\/p>\n<p>&nbsp;<\/p>\n<p>&nbsp;<\/p>\n","protected":false},"excerpt":{"rendered":"<p>Ensenada, Baja California.- \u00a0Con una participaci\u00f3n de 1500 corredores, la edici\u00f3n numero 13 de la&#8230;<\/p>\n","protected":false},"author":1,"featured_media":2851216,"comment_status":"closed","ping_status":"closed","sticky":false,"template":"","format":"standard","meta":{"footnotes":""},"categories":[1,31,7],"tags":[],"class_list":["post-2851201","post","type-post","status-publish","format-standard","has-post-thumbnail","hentry","category-uncategorized","category-atletismo","category-deportes"],"_links":{"self":[{"href":"https:\/\/agpnoticias.com\/news\/index.php?rest_route=\/wp\/v2\/posts\/2851201","targetHints":{"allow":["GET"]}}],"collection":[{"href":"https:\/\/agpnoticias.com\/news\/index.php?rest_route=\/wp\/v2\/posts"}],"about":[{"href":"https:\/\/agpnoticias.com\/news\/index.php?rest_route=\/wp\/v2\/types\/post"}],"author":[{"embeddable":true,"href":"https:\/\/agpnoticias.com\/news\/index.php?rest_route=\/wp\/v2\/users\/1"}],"replies":[{"embeddable":true,"href":"https:\/\/agpnoticias.com\/news\/index.php?rest_route=%2Fwp%2Fv2%2Fcomments&post=2851201"}],"version-history":[{"count":5,"href":"https:\/\/agpnoticias.com\/news\/index.php?rest_route=\/wp\/v2\/posts\/2851201\/revisions"}],"predecessor-version":[{"id":2851221,"href":"https:\/\/agpnoticias.com\/news\/index.php?rest_route=\/wp\/v2\/posts\/2851201\/revisions\/2851221"}],"wp:featuredmedia":[{"embeddable":true,"href":"https:\/\/agpnoticias.com\/news\/index.php?rest_route=\/wp\/v2\/media\/2851216"}],"wp:attachment":[{"href":"https:\/\/agpnoticias.com\/news\/index.php?rest_route=%2Fwp%2Fv2%2Fmedia&parent=2851201"}],"wp:term":[{"taxonomy":"category","embeddable":true,"href":"https:\/\/agpnoticias.com\/news\/index.php?rest_route=%2Fwp%2Fv2%2Fcategories&post=2851201"},{"taxonomy":"post_tag","embeddable":true,"href":"https:\/\/agpnoticias.com\/news\/index.php?rest_route=%2Fwp%2Fv2%2Ftags&post=2851201"}],"curies":[{"name":"wp","href":"https:\/\/api.w.org\/{rel}","templated":true}]}}